{"id":8597,"date":"2020-12-06T16:10:08","date_gmt":"2020-12-06T15:10:08","guid":{"rendered":"http:\/\/agora.xtec.cat\/escmarquesdelapobla\/?p=8597"},"modified":"2021-03-25T19:50:59","modified_gmt":"2021-03-25T18:50:59","slug":"1a-assamblea-de-representants","status":"publish","type":"post","link":"https:\/\/agora.xtec.cat\/escmarquesdelapobla\/info\/1a-assamblea-de-representants\/","title":{"rendered":"Primera Assemblea de Representants"},"content":{"rendered":"<p><span style=\"font-weight: 400;\">El passat dijous dia 26 de novembre de 2020 vam celebrar la primera assemblea d\u2019alumnes d\u2019aquest curs. \u00c9s una activitat molt bonica i esperada.<\/span><\/p>\n<p style=\"text-align: justify;\"><span style=\"font-weight: 400;\">Com a m\u00ednim una vegada al trimestre ens trobem un o dos membres de cada aula de tot prim\u00e0ria amb el cap d\u2019estudis i exposem aspectes i novetats de l\u2019escola, pa<\/span><span style=\"font-weight: 400;\">rlem com ens estan anant i busquem solucions a les mancances que puguin comentar-se. Enguany, per poder garantir les mesures de seguretat s\u2019ha fet la reuni\u00f3 en dos torns.<\/span><\/p>\n<p style=\"font-family: 'Helvetica Neue', Helvetica, Helvetica, Arial, sans-serif; font-size: 16px;\"><img loading=\"lazy\" decoding=\"async\" class=\"wp-image-8598 aligncenter\" style=\"text-align: justify;\" src=\"https:\/\/agora.xtec.cat\/escmarquesdelapobla\/wp-content\/uploads\/usu1682\/2020\/12\/bed69454-b990-4ca2-aedf-e0e2f19c8ece.jpg\" alt=\"\" width=\"824\" height=\"618\" srcset=\"https:\/\/agora.xtec.cat\/escmarquesdelapobla\/wp-content\/uploads\/usu1682\/2020\/12\/bed69454-b990-4ca2-aedf-e0e2f19c8ece.jpg 1600w, https:\/\/agora.xtec.cat\/escmarquesdelapobla\/wp-content\/uploads\/usu1682\/2020\/12\/bed69454-b990-4ca2-aedf-e0e2f19c8ece-300x225.jpg 300w, https:\/\/agora.xtec.cat\/escmarquesdelapobla\/wp-content\/uploads\/usu1682\/2020\/12\/bed69454-b990-4ca2-aedf-e0e2f19c8ece-768x576.jpg 768w, https:\/\/agora.xtec.cat\/escmarquesdelapobla\/wp-content\/uploads\/usu1682\/2020\/12\/bed69454-b990-4ca2-aedf-e0e2f19c8ece-1024x768.jpg 1024w, https:\/\/agora.xtec.cat\/escmarquesdelapobla\/wp-content\/uploads\/usu1682\/2020\/12\/bed69454-b990-4ca2-aedf-e0e2f19c8ece-200x150.jpg 200w\" sizes=\"auto, (max-width: 824px) 100vw, 824px\" \/><\/p>\n<p style=\"text-align: justify;\"><span style=\"font-weight: 400;\">Ells i elles donen ve<\/span><span style=\"font-family: inherit; font-size: 1em;\">u a les idees del grup al qual pertanyen davant altres nens i nenes i despr\u00e9s hauran de saber-ho transmetre a la seva classe. Per aix\u00f2 algun d\u2019ells es mostra una mica nervi\u00f3s o encuriosit abans de comen\u00e7ar.\u00a0<\/span><\/p>\n<p><!--more--><\/p>\n<p>&nbsp;<\/p>\n<p style=\"text-align: justify;\"><span style=\"font-weight: 400;\">Pr\u00e8viament a la trobada, a les aules s\u2019han comentat les propostes i inquietuds.<\/span><\/p>\n<p><img loading=\"lazy\" decoding=\"async\" class=\"wp-image-8599 aligncenter\" src=\"https:\/\/agora.xtec.cat\/escmarquesdelapobla\/wp-content\/uploads\/usu1682\/2020\/12\/15e562c7-a957-462a-a4f3-eaa4dc2a9e63.jpg\" alt=\"\" width=\"841\" height=\"631\" srcset=\"https:\/\/agora.xtec.cat\/escmarquesdelapobla\/wp-content\/uploads\/usu1682\/2020\/12\/15e562c7-a957-462a-a4f3-eaa4dc2a9e63.jpg 1600w, https:\/\/agora.xtec.cat\/escmarquesdelapobla\/wp-content\/uploads\/usu1682\/2020\/12\/15e562c7-a957-462a-a4f3-eaa4dc2a9e63-300x225.jpg 300w, https:\/\/agora.xtec.cat\/escmarquesdelapobla\/wp-content\/uploads\/usu1682\/2020\/12\/15e562c7-a957-462a-a4f3-eaa4dc2a9e63-768x576.jpg 768w, https:\/\/agora.xtec.cat\/escmarquesdelapobla\/wp-content\/uploads\/usu1682\/2020\/12\/15e562c7-a957-462a-a4f3-eaa4dc2a9e63-1024x768.jpg 1024w, https:\/\/agora.xtec.cat\/escmarquesdelapobla\/wp-content\/uploads\/usu1682\/2020\/12\/15e562c7-a957-462a-a4f3-eaa4dc2a9e63-200x150.jpg 200w\" sizes=\"auto, (max-width: 841px) 100vw, 841px\" \/><\/p>\n<p style=\"text-align: justify;\"><span style=\"font-weight: 400;\">En aquesta trobada hem aprofitat per con\u00e8ixer el nom escollit per cada aula i ens hem adonat que cada nom ens ofereix moltes possibilitats per aprendre durant el curs. Ens ha agradat molt comen\u00e7ar d\u2019aquesta manera la trobada.<\/span><\/p>\n<p style=\"text-align: justify;\"><span style=\"font-weight: 400;\">Tot seguit hem parlat sobre diferents aspectes: els <\/span><b>sentiments i emocions<\/b><span style=\"font-weight: 400;\"> un cop tornats a l\u2019escola despr\u00e9s del confinament, el nostre <\/span><b>eix del curs<\/b><span style=\"font-weight: 400;\">: <\/span><b>\u201c<\/b><span style=\"font-weight: 400;\">EMOCIONA\u2019T AMB L\u2019ENTORN\u201d, els <\/span><b>espais i la roda de patis<\/b><span style=\"font-weight: 400;\"> que enguany estem fent a l\u2019hora d\u2019esbarjo i, tamb\u00e9 hem fet aportacions de quins elements de joc ens agradaria tenir-hi. En aquest punt hi ha hagut molta participaci\u00f3. Era com fer la carta als reis! Han sortit bones i interessants propostes que caldr\u00e0 estudiar.<\/span><\/p>\n<p style=\"text-align: justify;\"><span style=\"font-weight: 400;\">Un cop acabada la trobada tots els i les representants hem estat d\u2019acord que ens hem sentit molt contents i satisfets d\u2019haver pogut participar. Ens hem desitjat que acabem de passar un bon curs, cuidant-nos molt i procurant fer\u00a0 sempre les coses el millor possible, ajudant-nos i col\u00b7laborant perqu\u00e8 a l\u2019escola ens hi trobem molt b\u00e9.<\/span><\/p>\n<p style=\"text-align: justify;\"><span style=\"font-weight: 400;\">Els i les nostres alumnes es van fent grans i responsables! Fins la propera!<\/span><\/p>\n","protected":false},"excerpt":{"rendered":"<p>El passat dijous dia 26 de novembre de 2020 vam celebrar la primera assemblea d\u2019alumnes d\u2019aquest curs. \u00c9s una activitat molt bonica i esperada. Com a m\u00ednim una vegada al trimestre ens trobem un o dos membres de cada aula de tot prim\u00e0ria amb el cap d\u2019estudis i exposem aspectes i novetats de l\u2019escola, parlem [&hellip;]<\/p>\n","protected":false},"author":1,"featured_media":0,"comment_status":"open","ping_status":"closed","sticky":false,"template":"","format":"standard","meta":{"_bbp_topic_count":0,"_bbp_reply_count":0,"_bbp_total_topic_count":0,"_bbp_total_reply_count":0,"_bbp_voice_count":0,"_bbp_anonymous_reply_count":0,"_bbp_topic_count_hidden":0,"_bbp_reply_count_hidden":0,"_bbp_forum_subforum_count":0,"site-sidebar-layout":"default","site-content-layout":"","ast-site-content-layout":"","site-content-style":"default","site-sidebar-style":"default","ast-global-header-display":"","ast-banner-title-visibility":"","ast-main-header-display":"","ast-hfb-above-header-display":"","ast-hfb-below-header-display":"","ast-hfb-mobile-header-display":"","site-post-title":"","ast-breadcrumbs-content":"","ast-featured-img":"","footer-sml-layout":"","theme-transparent-header-meta":"","adv-header-id-meta":"","stick-header-meta":"","header-above-stick-meta":"","header-main-stick-meta":"","header-below-stick-meta":"","astra-migrate-meta-layouts":"default","ast-page-background-enabled":"default","ast-page-background-meta":{"desktop":{"background-color":"var(--ast-global-color-5)","background-image":"","background-repeat":"repeat","background-position":"center center","background-size":"auto","background-attachment":"scroll","background-type":"","background-media":"","overlay-type":"","overlay-color":"","overlay-opacity":"","overlay-gradient":""},"tablet":{"background-color":"","background-image":"","background-repeat":"repeat","background-position":"center center","background-size":"auto","background-attachment":"scroll","background-type":"","background-media":"","overlay-type":"","overlay-color":"","overlay-opacity":"","overlay-gradient":""},"mobile":{"background-color":"","background-image":"","background-repeat":"repeat","background-position":"center center","background-size":"auto","background-attachment":"scroll","background-type":"","background-media":"","overlay-type":"","overlay-color":"","overlay-opacity":"","overlay-gradient":""}},"ast-content-background-meta":{"desktop":{"background-color":"var(--ast-global-color-4)","background-image":"","background-repeat":"repeat","background-position":"center center","background-size":"auto","background-attachment":"scroll","background-type":"","background-media":"","overlay-type":"","overlay-color":"","overlay-opacity":"","overlay-gradient":""},"tablet":{"background-color":"var(--ast-global-color-4)","background-image":"","background-repeat":"repeat","background-position":"center center","background-size":"auto","background-attachment":"scroll","background-type":"","background-media":"","overlay-type":"","overlay-color":"","overlay-opacity":"","overlay-gradient":""},"mobile":{"background-color":"var(--ast-global-color-4)","background-image":"","background-repeat":"repeat","background-position":"center center","background-size":"auto","background-attachment":"scroll","background-type":"","background-media":"","overlay-type":"","overlay-color":"","overlay-opacity":"","overlay-gradient":""}},"footnotes":""},"categories":[79,80,171],"tags":[248,223],"class_list":["post-8597","post","type-post","status-publish","format-standard","hentry","category-info","category-escola","category-tauler-principal","tag-assemblea","tag-lescola"],"post_mailing_queue_ids":[],"_links":{"self":[{"href":"https:\/\/agora.xtec.cat\/escmarquesdelapobla\/wp-json\/wp\/v2\/posts\/8597","targetHints":{"allow":["GET"]}}],"collection":[{"href":"https:\/\/agora.xtec.cat\/escmarquesdelapobla\/wp-json\/wp\/v2\/posts"}],"about":[{"href":"https:\/\/agora.xtec.cat\/escmarquesdelapobla\/wp-json\/wp\/v2\/types\/post"}],"author":[{"embeddable":true,"href":"https:\/\/agora.xtec.cat\/escmarquesdelapobla\/wp-json\/wp\/v2\/users\/1"}],"replies":[{"embeddable":true,"href":"https:\/\/agora.xtec.cat\/escmarquesdelapobla\/wp-json\/wp\/v2\/comments?post=8597"}],"version-history":[{"count":3,"href":"https:\/\/agora.xtec.cat\/escmarquesdelapobla\/wp-json\/wp\/v2\/posts\/8597\/revisions"}],"predecessor-version":[{"id":8604,"href":"https:\/\/agora.xtec.cat\/escmarquesdelapobla\/wp-json\/wp\/v2\/posts\/8597\/revisions\/8604"}],"wp:attachment":[{"href":"https:\/\/agora.xtec.cat\/escmarquesdelapobla\/wp-json\/wp\/v2\/media?parent=8597"}],"wp:term":[{"taxonomy":"category","embeddable":true,"href":"https:\/\/agora.xtec.cat\/escmarquesdelapobla\/wp-json\/wp\/v2\/categories?post=8597"},{"taxonomy":"post_tag","embeddable":true,"href":"https:\/\/agora.xtec.cat\/escmarquesdelapobla\/wp-json\/wp\/v2\/tags?post=8597"}],"curies":[{"name":"wp","href":"https:\/\/api.w.org\/{rel}","templated":true}]}}