{"id":787,"date":"2016-03-16T09:57:18","date_gmt":"2016-03-16T08:57:18","guid":{"rendered":"http:\/\/blocs.xtec.cat\/marquesdelapobla\/?p=787"},"modified":"2020-11-08T14:41:28","modified_gmt":"2020-11-08T13:41:28","slug":"estem-de-setmana-cultural","status":"publish","type":"post","link":"https:\/\/agora.xtec.cat\/escmarquesdelapobla\/celebracions\/cultural\/estem-de-setmana-cultural\/","title":{"rendered":"Estem de setmana cultural !!!"},"content":{"rendered":"<p><a href=\"http:\/\/agora.xtec.cat\/escmarquesdelapobla\/wp-content\/uploads\/usu1682\/2016\/03\/IMG_20160315_104736.jpg\"><br \/>\n<\/a><a href=\"http:\/\/agora.xtec.cat\/escmarquesdelapobla\/wp-content\/uploads\/usu1682\/2016\/03\/Cartell-bo.jpg\"><img loading=\"lazy\" decoding=\"async\" class=\"aligncenter size-large wp-image-788\" src=\"http:\/\/agora.xtec.cat\/escmarquesdelapobla\/wp-content\/uploads\/usu1682\/2016\/03\/Cartell-bo-1024x268.jpg\" alt=\"Cartell bo\" width=\"440\" height=\"115\" \/><\/a><\/p>\n<p>&nbsp;<\/p>\n<p>A l&#8217;escola, aquest final de trimestre la cultura brolla per tot arreu. Hem preparat gran quantitat d&#8217;activitats, de les quals anireu tenint informaci\u00f3 properament. El teatre, les exposicions, les demostracions de pintura r\u00e0pida, la recerca\u00a0i descoberta\u00a0d&#8217;obres d&#8217;art per la vila, els tallers intercicles en els que grans i petits s&#8217;ensenyen a realitzar petites manualitats i d&#8217;altres tallers i activitats, \u00a0seran \u00a0les protagonistes dels aprenentatges d&#8217;aquesta setmana.<\/p>\n<p>Esperem que tots i totes ho gaudiu a topeeeee!!!<\/p>\n<p><!--more--><\/p>\n<p><em><strong>Teatre en angl\u00e8s<\/strong><\/em><\/p>\n<p>Aquesta \u00a0setmana cultural CM i CS hem \u00a0anat al teatre &#8220;La Lliga&#8221; a veure l&#8217;obra &#8220;Just good friends&#8221;(nom\u00e9s bons \u00a0amics). Tot i que \u00a0tota l&#8217;obra \u00a0ha \u00a0estat en llengua \u00a0anglesa els nens ho han \u00a0ent\u00e8s for\u00e7a \u00a0b\u00e9 i han gaudit tamb\u00e9 interactuant molt \u00a0amb els \u00a0actors .<\/p>\n<p><a href=\"https:\/\/goo.gl\/photos\/pCptKN2wDvmxRcK3A\"><img loading=\"lazy\" decoding=\"async\" class=\"aligncenter size-large wp-image-794\" src=\"http:\/\/agora.xtec.cat\/escmarquesdelapobla\/wp-content\/uploads\/usu1682\/2016\/03\/IMG_20160315_104736-1024x768.jpg\" alt=\"IMG_20160315_104736\" width=\"440\" height=\"330\" srcset=\"https:\/\/agora.xtec.cat\/escmarquesdelapobla\/wp-content\/uploads\/usu1682\/2016\/03\/IMG_20160315_104736-1024x768.jpg 1024w, https:\/\/agora.xtec.cat\/escmarquesdelapobla\/wp-content\/uploads\/usu1682\/2016\/03\/IMG_20160315_104736-300x225.jpg 300w, https:\/\/agora.xtec.cat\/escmarquesdelapobla\/wp-content\/uploads\/usu1682\/2016\/03\/IMG_20160315_104736-768x576.jpg 768w, https:\/\/agora.xtec.cat\/escmarquesdelapobla\/wp-content\/uploads\/usu1682\/2016\/03\/IMG_20160315_104736-200x150.jpg 200w\" sizes=\"auto, (max-width: 440px) 100vw, 440px\" \/><\/a><\/p>\n<p>&nbsp;<\/p>\n<p><em><strong>Tallers intercicles<\/strong><\/em><\/p>\n<p>Un cop m\u00e9s, grans i petits de l&#8217;escola s&#8217;han trobat per mostrar-se i ajudar-se a realitzar petites obres d&#8217;art. Han compartit coneixements, tra\u00e7a i esfor\u00e7 per obtenir un resultat com\u00fa. \u00c9s una experi\u00e8ncia que els encanta.<\/p>\n<p><a href=\"https:\/\/goo.gl\/photos\/ja4T6cRtXYwCGkky6\"><img loading=\"lazy\" decoding=\"async\" class=\"aligncenter size-large wp-image-795\" src=\"http:\/\/agora.xtec.cat\/escmarquesdelapobla\/wp-content\/uploads\/usu1682\/2016\/03\/IMG_20160316_104232-768x1024.jpg\" alt=\"IMG_20160316_104232\" width=\"440\" height=\"587\" srcset=\"https:\/\/agora.xtec.cat\/escmarquesdelapobla\/wp-content\/uploads\/usu1682\/2016\/03\/IMG_20160316_104232-768x1024.jpg 768w, https:\/\/agora.xtec.cat\/escmarquesdelapobla\/wp-content\/uploads\/usu1682\/2016\/03\/IMG_20160316_104232-225x300.jpg 225w, https:\/\/agora.xtec.cat\/escmarquesdelapobla\/wp-content\/uploads\/usu1682\/2016\/03\/IMG_20160316_104232.jpg 1584w\" sizes=\"auto, (max-width: 440px) 100vw, 440px\" \/><\/a><\/p>\n<p>&nbsp;<\/p>\n<p><em><strong>Fira d&#8217;artistes capelladins<\/strong><\/em><\/p>\n<p>Molts dels artistes capelladins ens han visitat i ens han ensenyat diferents t\u00e8cniques i secrets per elaborar les seves obres.<\/p>\n<p><a href=\"https:\/\/goo.gl\/photos\/4vRRBKH5wd17pMfC7\"><img loading=\"lazy\" decoding=\"async\" class=\"aligncenter size-large wp-image-805\" src=\"http:\/\/agora.xtec.cat\/escmarquesdelapobla\/wp-content\/uploads\/usu1682\/2016\/03\/IMG_20160316_153351-1024x768.jpg\" alt=\"IMG_20160316_153351\" width=\"440\" height=\"330\" srcset=\"https:\/\/agora.xtec.cat\/escmarquesdelapobla\/wp-content\/uploads\/usu1682\/2016\/03\/IMG_20160316_153351-1024x768.jpg 1024w, https:\/\/agora.xtec.cat\/escmarquesdelapobla\/wp-content\/uploads\/usu1682\/2016\/03\/IMG_20160316_153351-300x225.jpg 300w, https:\/\/agora.xtec.cat\/escmarquesdelapobla\/wp-content\/uploads\/usu1682\/2016\/03\/IMG_20160316_153351-768x576.jpg 768w, https:\/\/agora.xtec.cat\/escmarquesdelapobla\/wp-content\/uploads\/usu1682\/2016\/03\/IMG_20160316_153351-200x150.jpg 200w\" sizes=\"auto, (max-width: 440px) 100vw, 440px\" \/><\/a><\/p>\n<p>&nbsp;<\/p>\n<p><em><strong>Jornada espARTiva XXVIII. Petit tastet, properament m\u00e9s !<\/strong><\/em><\/p>\n<p><a href=\"http:\/\/agora.xtec.cat\/escmarquesdelapobla\/wp-content\/uploads\/usu1682\/2016\/03\/Triptic-ext.-J.E.-XXVIII.jpg\"><img loading=\"lazy\" decoding=\"async\" class=\"aligncenter wp-image-808\" src=\"http:\/\/agora.xtec.cat\/escmarquesdelapobla\/wp-content\/uploads\/usu1682\/2016\/03\/Triptic-ext.-J.E.-XXVIII.jpg\" alt=\"Triptic ext. J.E. XXVIII\" width=\"470\" height=\"303\" srcset=\"https:\/\/agora.xtec.cat\/escmarquesdelapobla\/wp-content\/uploads\/usu1682\/2016\/03\/Triptic-ext.-J.E.-XXVIII.jpg 836w, https:\/\/agora.xtec.cat\/escmarquesdelapobla\/wp-content\/uploads\/usu1682\/2016\/03\/Triptic-ext.-J.E.-XXVIII-300x193.jpg 300w, https:\/\/agora.xtec.cat\/escmarquesdelapobla\/wp-content\/uploads\/usu1682\/2016\/03\/Triptic-ext.-J.E.-XXVIII-768x495.jpg 768w\" sizes=\"auto, (max-width: 470px) 100vw, 470px\" \/><\/a><\/p>\n<p>&nbsp;<\/p>\n<p><a href=\"http:\/\/agora.xtec.cat\/escmarquesdelapobla\/wp-content\/uploads\/usu1682\/2016\/03\/Triptic-int.-J.E.-XXVIII.jpg\"><img loading=\"lazy\" decoding=\"async\" class=\"aligncenter wp-image-809\" src=\"http:\/\/agora.xtec.cat\/escmarquesdelapobla\/wp-content\/uploads\/usu1682\/2016\/03\/Triptic-int.-J.E.-XXVIII.jpg\" alt=\"Triptic int. J.E. XXVIII\" width=\"426\" height=\"275\" srcset=\"https:\/\/agora.xtec.cat\/escmarquesdelapobla\/wp-content\/uploads\/usu1682\/2016\/03\/Triptic-int.-J.E.-XXVIII.jpg 841w, https:\/\/agora.xtec.cat\/escmarquesdelapobla\/wp-content\/uploads\/usu1682\/2016\/03\/Triptic-int.-J.E.-XXVIII-300x194.jpg 300w, https:\/\/agora.xtec.cat\/escmarquesdelapobla\/wp-content\/uploads\/usu1682\/2016\/03\/Triptic-int.-J.E.-XXVIII-768x496.jpg 768w\" sizes=\"auto, (max-width: 426px) 100vw, 426px\" \/><\/a><\/p>\n<p>&nbsp;<\/p>\n<p><a href=\"https:\/\/goo.gl\/photos\/awAGyTURDVwuc9mt7\"><img loading=\"lazy\" decoding=\"async\" class=\"aligncenter size-large wp-image-810\" src=\"http:\/\/agora.xtec.cat\/escmarquesdelapobla\/wp-content\/uploads\/usu1682\/2016\/03\/IMG_20160318_104604-1024x768.jpg\" alt=\"IMG_20160318_104604\" width=\"440\" height=\"330\" srcset=\"https:\/\/agora.xtec.cat\/escmarquesdelapobla\/wp-content\/uploads\/usu1682\/2016\/03\/IMG_20160318_104604-1024x768.jpg 1024w, https:\/\/agora.xtec.cat\/escmarquesdelapobla\/wp-content\/uploads\/usu1682\/2016\/03\/IMG_20160318_104604-300x225.jpg 300w, https:\/\/agora.xtec.cat\/escmarquesdelapobla\/wp-content\/uploads\/usu1682\/2016\/03\/IMG_20160318_104604-768x576.jpg 768w, https:\/\/agora.xtec.cat\/escmarquesdelapobla\/wp-content\/uploads\/usu1682\/2016\/03\/IMG_20160318_104604-200x150.jpg 200w\" sizes=\"auto, (max-width: 440px) 100vw, 440px\" \/><\/a><\/p>\n<p>&nbsp;<\/p>\n<p>&nbsp;<\/p>\n","protected":false},"excerpt":{"rendered":"<p>&nbsp; A l&#8217;escola, aquest final de trimestre la cultura brolla per tot arreu. Hem preparat gran quantitat d&#8217;activitats, de les quals anireu tenint informaci\u00f3 properament. El teatre, les exposicions, les demostracions de pintura r\u00e0pida, la recerca\u00a0i descoberta\u00a0d&#8217;obres d&#8217;art per la vila, els tallers intercicles en els que grans i petits s&#8217;ensenyen a realitzar petites manualitats [&hellip;]<\/p>\n","protected":false},"author":1,"featured_media":0,"comment_status":"open","ping_status":"closed","sticky":false,"template":"","format":"standard","meta":{"_bbp_topic_count":0,"_bbp_reply_count":0,"_bbp_total_topic_count":0,"_bbp_total_reply_count":0,"_bbp_voice_count":0,"_bbp_anonymous_reply_count":0,"_bbp_topic_count_hidden":0,"_bbp_reply_count_hidden":0,"_bbp_forum_subforum_count":0,"site-sidebar-layout":"default","site-content-layout":"","ast-site-content-layout":"","site-content-style":"default","site-sidebar-style":"default","ast-global-header-display":"","ast-banner-title-visibility":"","ast-main-header-display":"","ast-hfb-above-header-display":"","ast-hfb-below-header-display":"","ast-hfb-mobile-header-display":"","site-post-title":"","ast-breadcrumbs-content":"","ast-featured-img":"","footer-sml-layout":"","theme-transparent-header-meta":"","adv-header-id-meta":"","stick-header-meta":"","header-above-stick-meta":"","header-main-stick-meta":"","header-below-stick-meta":"","astra-migrate-meta-layouts":"default","ast-page-background-enabled":"default","ast-page-background-meta":{"desktop":{"background-color":"var(--ast-global-color-5)","background-image":"","background-repeat":"repeat","background-position":"center center","background-size":"auto","background-attachment":"scroll","background-type":"","background-media":"","overlay-type":"","overlay-color":"","overlay-opacity":"","overlay-gradient":""},"tablet":{"background-color":"","background-image":"","background-repeat":"repeat","background-position":"center center","background-size":"auto","background-attachment":"scroll","background-type":"","background-media":"","overlay-type":"","overlay-color":"","overlay-opacity":"","overlay-gradient":""},"mobile":{"background-color":"","background-image":"","background-repeat":"repeat","background-position":"center center","background-size":"auto","background-attachment":"scroll","background-type":"","background-media":"","overlay-type":"","overlay-color":"","overlay-opacity":"","overlay-gradient":""}},"ast-content-background-meta":{"desktop":{"background-color":"var(--ast-global-color-4)","background-image":"","background-repeat":"repeat","background-position":"center center","background-size":"auto","background-attachment":"scroll","background-type":"","background-media":"","overlay-type":"","overlay-color":"","overlay-opacity":"","overlay-gradient":""},"tablet":{"background-color":"var(--ast-global-color-4)","background-image":"","background-repeat":"repeat","background-position":"center center","background-size":"auto","background-attachment":"scroll","background-type":"","background-media":"","overlay-type":"","overlay-color":"","overlay-opacity":"","overlay-gradient":""},"mobile":{"background-color":"var(--ast-global-color-4)","background-image":"","background-repeat":"repeat","background-position":"center center","background-size":"auto","background-attachment":"scroll","background-type":"","background-media":"","overlay-type":"","overlay-color":"","overlay-opacity":"","overlay-gradient":""}},"footnotes":""},"categories":[224,82],"tags":[],"class_list":["post-787","post","type-post","status-publish","format-standard","hentry","category-historic","category-cultural"],"post_mailing_queue_ids":[],"_links":{"self":[{"href":"https:\/\/agora.xtec.cat\/escmarquesdelapobla\/wp-json\/wp\/v2\/posts\/787","targetHints":{"allow":["GET"]}}],"collection":[{"href":"https:\/\/agora.xtec.cat\/escmarquesdelapobla\/wp-json\/wp\/v2\/posts"}],"about":[{"href":"https:\/\/agora.xtec.cat\/escmarquesdelapobla\/wp-json\/wp\/v2\/types\/post"}],"author":[{"embeddable":true,"href":"https:\/\/agora.xtec.cat\/escmarquesdelapobla\/wp-json\/wp\/v2\/users\/1"}],"replies":[{"embeddable":true,"href":"https:\/\/agora.xtec.cat\/escmarquesdelapobla\/wp-json\/wp\/v2\/comments?post=787"}],"version-history":[{"count":1,"href":"https:\/\/agora.xtec.cat\/escmarquesdelapobla\/wp-json\/wp\/v2\/posts\/787\/revisions"}],"predecessor-version":[{"id":8018,"href":"https:\/\/agora.xtec.cat\/escmarquesdelapobla\/wp-json\/wp\/v2\/posts\/787\/revisions\/8018"}],"wp:attachment":[{"href":"https:\/\/agora.xtec.cat\/escmarquesdelapobla\/wp-json\/wp\/v2\/media?parent=787"}],"wp:term":[{"taxonomy":"category","embeddable":true,"href":"https:\/\/agora.xtec.cat\/escmarquesdelapobla\/wp-json\/wp\/v2\/categories?post=787"},{"taxonomy":"post_tag","embeddable":true,"href":"https:\/\/agora.xtec.cat\/escmarquesdelapobla\/wp-json\/wp\/v2\/tags?post=787"}],"curies":[{"name":"wp","href":"https:\/\/api.w.org\/{rel}","templated":true}]}}