{"id":782,"date":"2016-03-08T18:59:15","date_gmt":"2016-03-08T17:59:15","guid":{"rendered":"http:\/\/blocs.xtec.cat\/marquesdelapobla\/?p=782"},"modified":"2020-11-08T14:41:37","modified_gmt":"2020-11-08T13:41:37","slug":"espai-de-llum-a-educacio-infantil","status":"publish","type":"post","link":"https:\/\/agora.xtec.cat\/escmarquesdelapobla\/infantil\/espai-de-llum-a-educacio-infantil\/","title":{"rendered":"Espai de llum a educaci\u00f3 infantil"},"content":{"rendered":"<p>Aquest trimestre hem estrenat dos nous espais de descoberta per al cicle infantil de l\u2019escola.<\/p>\n<p>Es tracta de la sala de llum i el laboratori.<\/p>\n<p>En el primer hi ha taules de llum amb diferents propostes i retroprojector.<\/p>\n<p>Els infants descobreixen el joc de llum i ombra mitjan\u00e7ant diferents colors, objectes i materials. Creativitat, observaci\u00f3, experimentaci\u00f3, cooperaci\u00f3, m\u00e0gia, descoberta, imaginaci\u00f3, fantasia &#8230; es desperta en un ambient de llums i so.<\/p>\n<p>Les possibilitats d\u2019aquest espai s\u00f3n infinites. Per aix\u00f2 hem apostat per tenir aquest espai.Aquest trimestre hem estrenat dos nous espais de descoberta per al cicle infantil de l\u2019escola.<\/p>\n<p>Es tracta de la sala de llum i el laboratori.<\/p>\n<p>En el primer hi ha taules de llum amb diferents propostes i retroprojector.<\/p>\n<p>Els infants descobreixen el joc de llum i ombra mitjan\u00e7ant diferents colors, objectes i materials. Creativitat, observaci\u00f3, experimentaci\u00f3, cooperaci\u00f3 &#8230; en un ambient m\u00e0gic de llum i so.<\/p>\n<p>Les possibilitats d\u2019aquest espai s\u00f3n infinites.<a href=\"https:\/\/goo.gl\/photos\/sacgnW2m5UgUAunm9\"><img loading=\"lazy\" decoding=\"async\" class=\"aligncenter size-large wp-image-783\" src=\"http:\/\/agora.xtec.cat\/escmarquesdelapobla\/wp-content\/uploads\/usu1682\/2016\/03\/WP_20160210_10_16_16_Pro-1024x575.jpg\" alt=\"WP_20160210_10_16_16_Pro\" width=\"440\" height=\"247\" srcset=\"https:\/\/agora.xtec.cat\/escmarquesdelapobla\/wp-content\/uploads\/usu1682\/2016\/03\/WP_20160210_10_16_16_Pro-1024x575.jpg 1024w, https:\/\/agora.xtec.cat\/escmarquesdelapobla\/wp-content\/uploads\/usu1682\/2016\/03\/WP_20160210_10_16_16_Pro-300x169.jpg 300w, https:\/\/agora.xtec.cat\/escmarquesdelapobla\/wp-content\/uploads\/usu1682\/2016\/03\/WP_20160210_10_16_16_Pro-768x431.jpg 768w\" sizes=\"auto, (max-width: 440px) 100vw, 440px\" \/><\/a><\/p>\n","protected":false},"excerpt":{"rendered":"<p>Aquest trimestre hem estrenat dos nous espais de descoberta per al cicle infantil de l\u2019escola. Es tracta de la sala de llum i el laboratori. En el primer hi ha taules de llum amb diferents propostes i retroprojector. Els infants descobreixen el joc de llum i ombra mitjan\u00e7ant diferents colors, objectes i materials. Creativitat, observaci\u00f3, [&hellip;]<\/p>\n","protected":false},"author":1,"featured_media":0,"comment_status":"open","ping_status":"closed","sticky":false,"template":"","format":"standard","meta":{"_bbp_topic_count":0,"_bbp_reply_count":0,"_bbp_total_topic_count":0,"_bbp_total_reply_count":0,"_bbp_voice_count":0,"_bbp_anonymous_reply_count":0,"_bbp_topic_count_hidden":0,"_bbp_reply_count_hidden":0,"_bbp_forum_subforum_count":0,"site-sidebar-layout":"default","site-content-layout":"","ast-site-content-layout":"","site-content-style":"default","site-sidebar-style":"default","ast-global-header-display":"","ast-banner-title-visibility":"","ast-main-header-display":"","ast-hfb-above-header-display":"","ast-hfb-below-header-display":"","ast-hfb-mobile-header-display":"","site-post-title":"","ast-breadcrumbs-content":"","ast-featured-img":"","footer-sml-layout":"","theme-transparent-header-meta":"","adv-header-id-meta":"","stick-header-meta":"","header-above-stick-meta":"","header-main-stick-meta":"","header-below-stick-meta":"","astra-migrate-meta-layouts":"default","ast-page-background-enabled":"default","ast-page-background-meta":{"desktop":{"background-color":"var(--ast-global-color-5)","background-image":"","background-repeat":"repeat","background-position":"center center","background-size":"auto","background-attachment":"scroll","background-type":"","background-media":"","overlay-type":"","overlay-color":"","overlay-opacity":"","overlay-gradient":""},"tablet":{"background-color":"","background-image":"","background-repeat":"repeat","background-position":"center center","background-size":"auto","background-attachment":"scroll","background-type":"","background-media":"","overlay-type":"","overlay-color":"","overlay-opacity":"","overlay-gradient":""},"mobile":{"background-color":"","background-image":"","background-repeat":"repeat","background-position":"center center","background-size":"auto","background-attachment":"scroll","background-type":"","background-media":"","overlay-type":"","overlay-color":"","overlay-opacity":"","overlay-gradient":""}},"ast-content-background-meta":{"desktop":{"background-color":"var(--ast-global-color-4)","background-image":"","background-repeat":"repeat","background-position":"center center","background-size":"auto","background-attachment":"scroll","background-type":"","background-media":"","overlay-type":"","overlay-color":"","overlay-opacity":"","overlay-gradient":""},"tablet":{"background-color":"var(--ast-global-color-4)","background-image":"","background-repeat":"repeat","background-position":"center center","background-size":"auto","background-attachment":"scroll","background-type":"","background-media":"","overlay-type":"","overlay-color":"","overlay-opacity":"","overlay-gradient":""},"mobile":{"background-color":"var(--ast-global-color-4)","background-image":"","background-repeat":"repeat","background-position":"center center","background-size":"auto","background-attachment":"scroll","background-type":"","background-media":"","overlay-type":"","overlay-color":"","overlay-opacity":"","overlay-gradient":""}},"footnotes":""},"categories":[224,2],"tags":[],"class_list":["post-782","post","type-post","status-publish","format-standard","hentry","category-historic","category-infantil"],"post_mailing_queue_ids":[],"_links":{"self":[{"href":"https:\/\/agora.xtec.cat\/escmarquesdelapobla\/wp-json\/wp\/v2\/posts\/782","targetHints":{"allow":["GET"]}}],"collection":[{"href":"https:\/\/agora.xtec.cat\/escmarquesdelapobla\/wp-json\/wp\/v2\/posts"}],"about":[{"href":"https:\/\/agora.xtec.cat\/escmarquesdelapobla\/wp-json\/wp\/v2\/types\/post"}],"author":[{"embeddable":true,"href":"https:\/\/agora.xtec.cat\/escmarquesdelapobla\/wp-json\/wp\/v2\/users\/1"}],"replies":[{"embeddable":true,"href":"https:\/\/agora.xtec.cat\/escmarquesdelapobla\/wp-json\/wp\/v2\/comments?post=782"}],"version-history":[{"count":1,"href":"https:\/\/agora.xtec.cat\/escmarquesdelapobla\/wp-json\/wp\/v2\/posts\/782\/revisions"}],"predecessor-version":[{"id":8019,"href":"https:\/\/agora.xtec.cat\/escmarquesdelapobla\/wp-json\/wp\/v2\/posts\/782\/revisions\/8019"}],"wp:attachment":[{"href":"https:\/\/agora.xtec.cat\/escmarquesdelapobla\/wp-json\/wp\/v2\/media?parent=782"}],"wp:term":[{"taxonomy":"category","embeddable":true,"href":"https:\/\/agora.xtec.cat\/escmarquesdelapobla\/wp-json\/wp\/v2\/categories?post=782"},{"taxonomy":"post_tag","embeddable":true,"href":"https:\/\/agora.xtec.cat\/escmarquesdelapobla\/wp-json\/wp\/v2\/tags?post=782"}],"curies":[{"name":"wp","href":"https:\/\/api.w.org\/{rel}","templated":true}]}}