{"id":7712,"date":"2020-10-29T19:06:30","date_gmt":"2020-10-29T18:06:30","guid":{"rendered":"http:\/\/agora.xtec.cat\/escmarquesdelapobla\/?p=7712"},"modified":"2021-02-24T20:43:47","modified_gmt":"2021-02-24T19:43:47","slug":"castanyada-a-lescola-2020-2","status":"publish","type":"post","link":"https:\/\/agora.xtec.cat\/escmarquesdelapobla\/infantil\/castanyada-a-lescola-2020-2\/","title":{"rendered":"Castanyada 2020"},"content":{"rendered":"<p><a href=\"https:\/\/photos.app.goo.gl\/xwZiRVjBcoNkv1D79\"><img loading=\"lazy\" decoding=\"async\" class=\" aligncenter\" src=\"https:\/\/lh3.googleusercontent.com\/DPRWMGn7S7DFlA0q2d4tEY3otxi6_aJOBgFiFp0dJEFYv45g8-zMhGthPpN93Ch6VKNOAUuBpNB0f5PwISKVDb1vqxiQaf0UIzinuXKrb2WLscaAHap38R3P0ytcozHu6DQnfkv9zVhZdvfjROheobmG1Q2ojdv-wmiOH2Gv-Wfa0_p8NuyW441_xfzCvzO7HKQlM_og0U-dX-3luq_qfCwtlAbNNWJD8EQPVoQiUDtz_VLBmX-EXSiFFXs7fVu44Q7oz94AdqxlOa3TFCqkv377HC4PxJflvvb7ufIis1j2SCK4Rd6P27WPOMVUwzAl2OddxfZZ4RblVmLVQGwknvv0nkewKfJkU_9ls8ZQrcJWc-gTZ16NbF5h6xt7F0aOGSfrR0iP1ZmBKl7r68RIAUSpPOChEWpaJwYcy2ZlgJTGqlMsWwD4fxgVvoKieynoKSHcOOpEZ-s8szU7DnUvg7SAN3SRk6yKFbLbXEoWw2uyKv6IZxeF4acnvjcunE0pA4SJcW3WuUFuqKpDR8e0XI2lxu0hgI-1b_80Sg65_3x9v9kNTGftI9FmIdIvSUBxLX-S_cKzr5h5JyuPSAhtiK3q4Q5YK32_Zu0svdrYrbuoL-tHhdpe6kdaFAM4VjjRypB3j5jAi3pg23jLkSJaOeYh2lNz1AYmz6_n_itUht2f3WdK6SR3V_Ms_82mifo=w1024-h768-no?authuser=0\" width=\"650\" height=\"486\" \/><\/a><\/p>\n<p style=\"text-align: justify;\">Avui a l&#8217;escola hem celebrat la Castanyada! Ho hem fet seguint les mesures de seguretat, de forma esglaonada i a diferents punts de l&#8217;entorn de Capellades. Ens ho hem passat molt b\u00e9.<\/p>\n<p style=\"text-align: justify;\"><!--more--><\/p>\n<p style=\"text-align: justify;\">Al mat\u00ed Educaci\u00f3 Infantil i Cicle Inicial hem anat a la Font Cuitora. All\u00e0 ens han visitat el Castanyer i la Maria Castanyera (que ens han informat que han deixat castanyes a l&#8217;escola) i el Marrameu. Hem cantat i ballat can\u00e7ons de la Castanyada, i hem trepitjat moltes fulles seques de la tardor. Cicle Mitj\u00e0 i Superior hem anat al Pla de la Garsa per diferents camins, gaudint del paisatge i despr\u00e9s hem buscat les castanyes daurades. Ha sigut molt divertit!!!<\/p>\n<p style=\"text-align: justify;\">A la tarda, Educaci\u00f3 Infantil hem fet un joc al pati o una manualitat; Cicle Inicial hem fet racons on hi havien manualitats diverses relacionades amb la Castanyada i Halloween; Cicle Mitj\u00e0 i Cicle Superior hem vist una pel\u00b7l\u00edcula i hem fet jocs de taula. Una tarda ben entretinguda.<\/p>\n<p style=\"text-align: justify;\">Tots els nens i nenes despr\u00e9s de les nostres activitats ens hem menjat les Castanyes. Hem gaudit molt d&#8217;aquest dia!<\/p>\n","protected":false},"excerpt":{"rendered":"<p>Avui a l&#8217;escola hem celebrat la Castanyada! Ho hem fet seguint les mesures de seguretat, de forma esglaonada i a diferents punts de l&#8217;entorn de Capellades. Ens ho hem passat molt b\u00e9.<\/p>\n","protected":false},"author":1,"featured_media":0,"comment_status":"open","ping_status":"closed","sticky":false,"template":"","format":"standard","meta":{"_bbp_topic_count":0,"_bbp_reply_count":0,"_bbp_total_topic_count":0,"_bbp_total_reply_count":0,"_bbp_voice_count":0,"_bbp_anonymous_reply_count":0,"_bbp_topic_count_hidden":0,"_bbp_reply_count_hidden":0,"_bbp_forum_subforum_count":0,"site-sidebar-layout":"default","site-content-layout":"","ast-site-content-layout":"","site-content-style":"default","site-sidebar-style":"default","ast-global-header-display":"","ast-banner-title-visibility":"","ast-main-header-display":"","ast-hfb-above-header-display":"","ast-hfb-below-header-display":"","ast-hfb-mobile-header-display":"","site-post-title":"","ast-breadcrumbs-content":"","ast-featured-img":"","footer-sml-layout":"","theme-transparent-header-meta":"","adv-header-id-meta":"","stick-header-meta":"","header-above-stick-meta":"","header-main-stick-meta":"","header-below-stick-meta":"","astra-migrate-meta-layouts":"default","ast-page-background-enabled":"default","ast-page-background-meta":{"desktop":{"background-color":"var(--ast-global-color-5)","background-image":"","background-repeat":"repeat","background-position":"center center","background-size":"auto","background-attachment":"scroll","background-type":"","background-media":"","overlay-type":"","overlay-color":"","overlay-opacity":"","overlay-gradient":""},"tablet":{"background-color":"","background-image":"","background-repeat":"repeat","background-position":"center center","background-size":"auto","background-attachment":"scroll","background-type":"","background-media":"","overlay-type":"","overlay-color":"","overlay-opacity":"","overlay-gradient":""},"mobile":{"background-color":"","background-image":"","background-repeat":"repeat","background-position":"center center","background-size":"auto","background-attachment":"scroll","background-type":"","background-media":"","overlay-type":"","overlay-color":"","overlay-opacity":"","overlay-gradient":""}},"ast-content-background-meta":{"desktop":{"background-color":"var(--ast-global-color-4)","background-image":"","background-repeat":"repeat","background-position":"center center","background-size":"auto","background-attachment":"scroll","background-type":"","background-media":"","overlay-type":"","overlay-color":"","overlay-opacity":"","overlay-gradient":""},"tablet":{"background-color":"var(--ast-global-color-4)","background-image":"","background-repeat":"repeat","background-position":"center center","background-size":"auto","background-attachment":"scroll","background-type":"","background-media":"","overlay-type":"","overlay-color":"","overlay-opacity":"","overlay-gradient":""},"mobile":{"background-color":"var(--ast-global-color-4)","background-image":"","background-repeat":"repeat","background-position":"center center","background-size":"auto","background-attachment":"scroll","background-type":"","background-media":"","overlay-type":"","overlay-color":"","overlay-opacity":"","overlay-gradient":""}},"footnotes":""},"categories":[170,55,64,65,5,2,171,74],"tags":[199,210],"class_list":["post-7712","post","type-post","status-publish","format-standard","hentry","category-castanyada","category-celebracions","category-inicial","category-mitja","category-superior","category-infantil","category-tauler-principal","category-sortides","tag-castanyada","tag-sortides"],"post_mailing_queue_ids":[],"_links":{"self":[{"href":"https:\/\/agora.xtec.cat\/escmarquesdelapobla\/wp-json\/wp\/v2\/posts\/7712","targetHints":{"allow":["GET"]}}],"collection":[{"href":"https:\/\/agora.xtec.cat\/escmarquesdelapobla\/wp-json\/wp\/v2\/posts"}],"about":[{"href":"https:\/\/agora.xtec.cat\/escmarquesdelapobla\/wp-json\/wp\/v2\/types\/post"}],"author":[{"embeddable":true,"href":"https:\/\/agora.xtec.cat\/escmarquesdelapobla\/wp-json\/wp\/v2\/users\/1"}],"replies":[{"embeddable":true,"href":"https:\/\/agora.xtec.cat\/escmarquesdelapobla\/wp-json\/wp\/v2\/comments?post=7712"}],"version-history":[{"count":3,"href":"https:\/\/agora.xtec.cat\/escmarquesdelapobla\/wp-json\/wp\/v2\/posts\/7712\/revisions"}],"predecessor-version":[{"id":7867,"href":"https:\/\/agora.xtec.cat\/escmarquesdelapobla\/wp-json\/wp\/v2\/posts\/7712\/revisions\/7867"}],"wp:attachment":[{"href":"https:\/\/agora.xtec.cat\/escmarquesdelapobla\/wp-json\/wp\/v2\/media?parent=7712"}],"wp:term":[{"taxonomy":"category","embeddable":true,"href":"https:\/\/agora.xtec.cat\/escmarquesdelapobla\/wp-json\/wp\/v2\/categories?post=7712"},{"taxonomy":"post_tag","embeddable":true,"href":"https:\/\/agora.xtec.cat\/escmarquesdelapobla\/wp-json\/wp\/v2\/tags?post=7712"}],"curies":[{"name":"wp","href":"https:\/\/api.w.org\/{rel}","templated":true}]}}