{"id":762,"date":"2016-03-07T09:26:53","date_gmt":"2016-03-07T08:26:53","guid":{"rendered":"http:\/\/blocs.xtec.cat\/marquesdelapobla\/?p=762"},"modified":"2020-11-08T14:42:51","modified_gmt":"2020-11-08T13:42:51","slug":"de-sise-cap-a-linstitut","status":"publish","type":"post","link":"https:\/\/agora.xtec.cat\/escmarquesdelapobla\/info\/de-sise-cap-a-linstitut\/","title":{"rendered":"De sis\u00e8 cap a l&#8217;Institut !!!"},"content":{"rendered":"<div>\n<div>Els tres grups de sis\u00e8 de l&#8217;escola se&#8217;ns fan grans i comencen ja a preparar el pas cap a Secund\u00e0ria.<\/div>\n<p>Per tal de mostrar les seves inquietuds, a tutoria han preparat una colla de dubtes i preguntes sobre qu\u00e8 es trobaran a l&#8217;institut com ara espais, aules, deures, ordinadors port\u00e0tils,etc. Les respostes les van tenir el dimecres dia 2 de mar\u00e7. Set alumnes de 1r d&#8217;ESO de l&#8217;ES Mol\u00ed de la Vila i a la vegada exalumnes del nostre centre, acompanyats per tres dels seus mestres van venir a l&#8217;escola a respondre les seves preguntes. Va ser molt interessant i enriquidor per part de tots.<\/p>\n<\/div>\n<p><!--more--><\/p>\n<p>L&#8217;endem\u00e0 dijous a 2\/4 de 7 de la tarda va ser el torn dels pares\u00a0 i mares de 6\u00e8\u00a0 que van omplir la biblioteca de l&#8217;escola on la Directora de l&#8221;Institut, Margarida Pint\u00f3 i el Coordinador pedag\u00f2gic, Pere Planella,\u00a0 els van aclarir dubtes i es va formar una xerrada col\u00b7loqui amb\u00a0 for\u00e7a participaci\u00f3.<\/p>\n<p><a href=\"http:\/\/agora.xtec.cat\/escmarquesdelapobla\/wp-content\/uploads\/usu1682\/2016\/03\/20160302_152623.jpg\"><img loading=\"lazy\" decoding=\"async\" class=\"aligncenter size-large wp-image-763\" src=\"http:\/\/agora.xtec.cat\/escmarquesdelapobla\/wp-content\/uploads\/usu1682\/2016\/03\/20160302_152623-1024x576.jpg\" alt=\"20160302_152623\" width=\"440\" height=\"248\" srcset=\"https:\/\/agora.xtec.cat\/escmarquesdelapobla\/wp-content\/uploads\/usu1682\/2016\/03\/20160302_152623-1024x576.jpg 1024w, https:\/\/agora.xtec.cat\/escmarquesdelapobla\/wp-content\/uploads\/usu1682\/2016\/03\/20160302_152623-300x169.jpg 300w, https:\/\/agora.xtec.cat\/escmarquesdelapobla\/wp-content\/uploads\/usu1682\/2016\/03\/20160302_152623-768x432.jpg 768w\" sizes=\"auto, (max-width: 440px) 100vw, 440px\" \/><\/a> <a href=\"http:\/\/agora.xtec.cat\/escmarquesdelapobla\/wp-content\/uploads\/usu1682\/2016\/03\/20160302_152807.jpg\"><img loading=\"lazy\" decoding=\"async\" class=\"aligncenter size-large wp-image-764\" src=\"http:\/\/agora.xtec.cat\/escmarquesdelapobla\/wp-content\/uploads\/usu1682\/2016\/03\/20160302_152807-1024x576.jpg\" alt=\"20160302_152807\" width=\"440\" height=\"248\" srcset=\"https:\/\/agora.xtec.cat\/escmarquesdelapobla\/wp-content\/uploads\/usu1682\/2016\/03\/20160302_152807-1024x576.jpg 1024w, https:\/\/agora.xtec.cat\/escmarquesdelapobla\/wp-content\/uploads\/usu1682\/2016\/03\/20160302_152807-300x169.jpg 300w, https:\/\/agora.xtec.cat\/escmarquesdelapobla\/wp-content\/uploads\/usu1682\/2016\/03\/20160302_152807-768x432.jpg 768w\" sizes=\"auto, (max-width: 440px) 100vw, 440px\" \/><\/a><a href=\"http:\/\/agora.xtec.cat\/escmarquesdelapobla\/wp-content\/uploads\/usu1682\/2016\/03\/20160302_152459.jpg\"><img loading=\"lazy\" decoding=\"async\" class=\"aligncenter size-large wp-image-766\" src=\"http:\/\/agora.xtec.cat\/escmarquesdelapobla\/wp-content\/uploads\/usu1682\/2016\/03\/20160302_152459-1024x576.jpg\" alt=\"20160302_152459\" width=\"440\" height=\"248\" srcset=\"https:\/\/agora.xtec.cat\/escmarquesdelapobla\/wp-content\/uploads\/usu1682\/2016\/03\/20160302_152459-1024x576.jpg 1024w, https:\/\/agora.xtec.cat\/escmarquesdelapobla\/wp-content\/uploads\/usu1682\/2016\/03\/20160302_152459-300x169.jpg 300w, https:\/\/agora.xtec.cat\/escmarquesdelapobla\/wp-content\/uploads\/usu1682\/2016\/03\/20160302_152459-768x432.jpg 768w\" sizes=\"auto, (max-width: 440px) 100vw, 440px\" \/><\/a><\/p>\n","protected":false},"excerpt":{"rendered":"<p>Els tres grups de sis\u00e8 de l&#8217;escola se&#8217;ns fan grans i comencen ja a preparar el pas cap a Secund\u00e0ria. Per tal de mostrar les seves inquietuds, a tutoria han preparat una colla de dubtes i preguntes sobre qu\u00e8 es trobaran a l&#8217;institut com ara espais, aules, deures, ordinadors port\u00e0tils,etc. Les respostes les van tenir [&hellip;]<\/p>\n","protected":false},"author":1,"featured_media":0,"comment_status":"open","ping_status":"closed","sticky":false,"template":"","format":"standard","meta":{"_bbp_topic_count":0,"_bbp_reply_count":0,"_bbp_total_topic_count":0,"_bbp_total_reply_count":0,"_bbp_voice_count":0,"_bbp_anonymous_reply_count":0,"_bbp_topic_count_hidden":0,"_bbp_reply_count_hidden":0,"_bbp_forum_subforum_count":0,"site-sidebar-layout":"default","site-content-layout":"","ast-site-content-layout":"","site-content-style":"default","site-sidebar-style":"default","ast-global-header-display":"","ast-banner-title-visibility":"","ast-main-header-display":"","ast-hfb-above-header-display":"","ast-hfb-below-header-display":"","ast-hfb-mobile-header-display":"","site-post-title":"","ast-breadcrumbs-content":"","ast-featured-img":"","footer-sml-layout":"","theme-transparent-header-meta":"","adv-header-id-meta":"","stick-header-meta":"","header-above-stick-meta":"","header-main-stick-meta":"","header-below-stick-meta":"","astra-migrate-meta-layouts":"default","ast-page-background-enabled":"default","ast-page-background-meta":{"desktop":{"background-color":"var(--ast-global-color-5)","background-image":"","background-repeat":"repeat","background-position":"center center","background-size":"auto","background-attachment":"scroll","background-type":"","background-media":"","overlay-type":"","overlay-color":"","overlay-opacity":"","overlay-gradient":""},"tablet":{"background-color":"","background-image":"","background-repeat":"repeat","background-position":"center center","background-size":"auto","background-attachment":"scroll","background-type":"","background-media":"","overlay-type":"","overlay-color":"","overlay-opacity":"","overlay-gradient":""},"mobile":{"background-color":"","background-image":"","background-repeat":"repeat","background-position":"center center","background-size":"auto","background-attachment":"scroll","background-type":"","background-media":"","overlay-type":"","overlay-color":"","overlay-opacity":"","overlay-gradient":""}},"ast-content-background-meta":{"desktop":{"background-color":"var(--ast-global-color-4)","background-image":"","background-repeat":"repeat","background-position":"center center","background-size":"auto","background-attachment":"scroll","background-type":"","background-media":"","overlay-type":"","overlay-color":"","overlay-opacity":"","overlay-gradient":""},"tablet":{"background-color":"var(--ast-global-color-4)","background-image":"","background-repeat":"repeat","background-position":"center center","background-size":"auto","background-attachment":"scroll","background-type":"","background-media":"","overlay-type":"","overlay-color":"","overlay-opacity":"","overlay-gradient":""},"mobile":{"background-color":"var(--ast-global-color-4)","background-image":"","background-repeat":"repeat","background-position":"center center","background-size":"auto","background-attachment":"scroll","background-type":"","background-media":"","overlay-type":"","overlay-color":"","overlay-opacity":"","overlay-gradient":""}},"footnotes":""},"categories":[224,79],"tags":[],"class_list":["post-762","post","type-post","status-publish","format-standard","hentry","category-historic","category-info"],"post_mailing_queue_ids":[],"_links":{"self":[{"href":"https:\/\/agora.xtec.cat\/escmarquesdelapobla\/wp-json\/wp\/v2\/posts\/762","targetHints":{"allow":["GET"]}}],"collection":[{"href":"https:\/\/agora.xtec.cat\/escmarquesdelapobla\/wp-json\/wp\/v2\/posts"}],"about":[{"href":"https:\/\/agora.xtec.cat\/escmarquesdelapobla\/wp-json\/wp\/v2\/types\/post"}],"author":[{"embeddable":true,"href":"https:\/\/agora.xtec.cat\/escmarquesdelapobla\/wp-json\/wp\/v2\/users\/1"}],"replies":[{"embeddable":true,"href":"https:\/\/agora.xtec.cat\/escmarquesdelapobla\/wp-json\/wp\/v2\/comments?post=762"}],"version-history":[{"count":1,"href":"https:\/\/agora.xtec.cat\/escmarquesdelapobla\/wp-json\/wp\/v2\/posts\/762\/revisions"}],"predecessor-version":[{"id":7986,"href":"https:\/\/agora.xtec.cat\/escmarquesdelapobla\/wp-json\/wp\/v2\/posts\/762\/revisions\/7986"}],"wp:attachment":[{"href":"https:\/\/agora.xtec.cat\/escmarquesdelapobla\/wp-json\/wp\/v2\/media?parent=762"}],"wp:term":[{"taxonomy":"category","embeddable":true,"href":"https:\/\/agora.xtec.cat\/escmarquesdelapobla\/wp-json\/wp\/v2\/categories?post=762"},{"taxonomy":"post_tag","embeddable":true,"href":"https:\/\/agora.xtec.cat\/escmarquesdelapobla\/wp-json\/wp\/v2\/tags?post=762"}],"curies":[{"name":"wp","href":"https:\/\/api.w.org\/{rel}","templated":true}]}}