{"id":7595,"date":"2020-10-22T13:17:06","date_gmt":"2020-10-22T11:17:06","guid":{"rendered":"http:\/\/agora.xtec.cat\/escmarquesdelapobla\/?p=7595"},"modified":"2020-10-29T13:16:39","modified_gmt":"2020-10-29T12:16:39","slug":"sortida-al-bosc-1r","status":"publish","type":"post","link":"https:\/\/agora.xtec.cat\/escmarquesdelapobla\/inicial\/sortida-al-bosc-1r\/","title":{"rendered":"Sortida al bosc 1r"},"content":{"rendered":"<p><a href=\"https:\/\/photos.app.goo.gl\/XYy2UVAXogHXx46y6\"><img loading=\"lazy\" decoding=\"async\" class=\"alignnone size-large\" src=\"https:\/\/lh3.googleusercontent.com\/NfVOs28GovUI3o9j_F5y-zV49s9W_XGZIuxp1svJiUkhbZP1sl64-TywMehQK7STT7VIG2FzWlPSWhijTSmB7yNmL_1Rj-a1PCdRn19Sgi_VqnlW5LHFrXuGdBJwkyIHmg4_GPXbZ5fs7Q82SILnnGxKnyn5l_R7u4mlWZLDFRLrV7KZC38Nxpd1e_HECITuRs0_tC82OnYs-gnDhQg0gkC7Hdt4ye6WjmcECFrkMx4VpLd2OTbnMtcYMXLJNW1IoiYJtrS264PoS-bgnr8m_h0VJWAnI_elANK2oRwc3reYiFMsN2v070qERMCN2ofAk154kag4nA6W53ySDWTlmJZoGNlDSgjnhwuciOL04RPC1d3bDXuhqV70-NW_KW4UsCNPJhoKZr7N_rom1bEeBZabdVqULMEnNmkaAWjv4xWw-Inb2a8vVSEmoGmpX3q9sdTakBXZuFrFjWOICjNcsJOflVocI0v81Q-TG7ajdIZGUM0gkYdX5rWG3d6RHEbD-L0dscT1K2vDu6qh25pBWqOQ-GrcROqvvnKNOlz3dcG74hVxF-Id4d2NmzJtNtavDj_gBRE1uHm41krrSS9B1GMuBaOJoBvrhovwEo82-9rxjeEJBThm6ddX3JwWPLyNS-2hPeWwzA1JK9BScLr3Q97GY1nAHLLTGsDNdhZlomyEqpzhYMDjgWTDXVWpRkY=w1024-h576-no?authuser=0\" width=\"1024\" height=\"576\" \/><\/a><\/p>\n<p style=\"text-align: justify;\">El passat 16 d\u2019octubre, el alumnes de 1r A i 1r B vam anar ha fer una sortida al bosc, que est\u00e0 al voltant de l\u2019escola.<\/p>\n<p><!--more-->Vam comen\u00e7ar l\u2019excursi\u00f3 pujant pel carrer del camp de futbol per enfilar-nos per la muntanya, fins a arribar a la finca Serra Burg\u00e9s, on es troba la h\u00edpica. Tots i totes est\u00e0vem molt engrescats pujant per la muntanya entre corriols estrets, plens de vegetaci\u00f3. Vam passar pel Pla de Morei, fins a arribar al Pla de la Garsa i vam continuar caminant per la muntanya, baixant per camins per a arribar la casa dels enanets i aix\u00ed vam continuar fins a arribar a la Font Cuitora.<br \/>\nDurant tota l\u2019estona vam gaudir amb el paisatge tan bonic que tenim a prop nostre, boscos plens de vegetaci\u00f3 on vam con\u00e8ixer que era una alzina, un roure, farigola, oliveres,alguns dels nostres alumnes vam agafar glans.<br \/>\nAqu\u00ed teniu unes fotos de la sortida que vam realitzar.<\/p>\n","protected":false},"excerpt":{"rendered":"<p>El passat 16 d\u2019octubre, el alumnes de 1r A i 1r B vam anar ha fer una sortida al bosc, que est\u00e0 al voltant de l\u2019escola.<\/p>\n","protected":false},"author":1,"featured_media":0,"comment_status":"open","ping_status":"closed","sticky":false,"template":"","format":"standard","meta":{"_bbp_topic_count":0,"_bbp_reply_count":0,"_bbp_total_topic_count":0,"_bbp_total_reply_count":0,"_bbp_voice_count":0,"_bbp_anonymous_reply_count":0,"_bbp_topic_count_hidden":0,"_bbp_reply_count_hidden":0,"_bbp_forum_subforum_count":0,"site-sidebar-layout":"default","site-content-layout":"","ast-site-content-layout":"","site-content-style":"default","site-sidebar-style":"default","ast-global-header-display":"","ast-banner-title-visibility":"","ast-main-header-display":"","ast-hfb-above-header-display":"","ast-hfb-below-header-display":"","ast-hfb-mobile-header-display":"","site-post-title":"","ast-breadcrumbs-content":"","ast-featured-img":"","footer-sml-layout":"","theme-transparent-header-meta":"","adv-header-id-meta":"","stick-header-meta":"","header-above-stick-meta":"","header-main-stick-meta":"","header-below-stick-meta":"","astra-migrate-meta-layouts":"default","ast-page-background-enabled":"default","ast-page-background-meta":{"desktop":{"background-color":"var(--ast-global-color-5)","background-image":"","background-repeat":"repeat","background-position":"center center","background-size":"auto","background-attachment":"scroll","background-type":"","background-media":"","overlay-type":"","overlay-color":"","overlay-opacity":"","overlay-gradient":""},"tablet":{"background-color":"","background-image":"","background-repeat":"repeat","background-position":"center center","background-size":"auto","background-attachment":"scroll","background-type":"","background-media":"","overlay-type":"","overlay-color":"","overlay-opacity":"","overlay-gradient":""},"mobile":{"background-color":"","background-image":"","background-repeat":"repeat","background-position":"center center","background-size":"auto","background-attachment":"scroll","background-type":"","background-media":"","overlay-type":"","overlay-color":"","overlay-opacity":"","overlay-gradient":""}},"ast-content-background-meta":{"desktop":{"background-color":"var(--ast-global-color-4)","background-image":"","background-repeat":"repeat","background-position":"center center","background-size":"auto","background-attachment":"scroll","background-type":"","background-media":"","overlay-type":"","overlay-color":"","overlay-opacity":"","overlay-gradient":""},"tablet":{"background-color":"var(--ast-global-color-4)","background-image":"","background-repeat":"repeat","background-position":"center center","background-size":"auto","background-attachment":"scroll","background-type":"","background-media":"","overlay-type":"","overlay-color":"","overlay-opacity":"","overlay-gradient":""},"mobile":{"background-color":"var(--ast-global-color-4)","background-image":"","background-repeat":"repeat","background-position":"center center","background-size":"auto","background-attachment":"scroll","background-type":"","background-media":"","overlay-type":"","overlay-color":"","overlay-opacity":"","overlay-gradient":""}},"footnotes":""},"categories":[64,141],"tags":[181,182,210],"class_list":["post-7595","post","type-post","status-publish","format-standard","hentry","category-inicial","category-p1","tag-p1a","tag-p1b","tag-sortides"],"post_mailing_queue_ids":[],"_links":{"self":[{"href":"https:\/\/agora.xtec.cat\/escmarquesdelapobla\/wp-json\/wp\/v2\/posts\/7595","targetHints":{"allow":["GET"]}}],"collection":[{"href":"https:\/\/agora.xtec.cat\/escmarquesdelapobla\/wp-json\/wp\/v2\/posts"}],"about":[{"href":"https:\/\/agora.xtec.cat\/escmarquesdelapobla\/wp-json\/wp\/v2\/types\/post"}],"author":[{"embeddable":true,"href":"https:\/\/agora.xtec.cat\/escmarquesdelapobla\/wp-json\/wp\/v2\/users\/1"}],"replies":[{"embeddable":true,"href":"https:\/\/agora.xtec.cat\/escmarquesdelapobla\/wp-json\/wp\/v2\/comments?post=7595"}],"version-history":[{"count":3,"href":"https:\/\/agora.xtec.cat\/escmarquesdelapobla\/wp-json\/wp\/v2\/posts\/7595\/revisions"}],"predecessor-version":[{"id":7678,"href":"https:\/\/agora.xtec.cat\/escmarquesdelapobla\/wp-json\/wp\/v2\/posts\/7595\/revisions\/7678"}],"wp:attachment":[{"href":"https:\/\/agora.xtec.cat\/escmarquesdelapobla\/wp-json\/wp\/v2\/media?parent=7595"}],"wp:term":[{"taxonomy":"category","embeddable":true,"href":"https:\/\/agora.xtec.cat\/escmarquesdelapobla\/wp-json\/wp\/v2\/categories?post=7595"},{"taxonomy":"post_tag","embeddable":true,"href":"https:\/\/agora.xtec.cat\/escmarquesdelapobla\/wp-json\/wp\/v2\/tags?post=7595"}],"curies":[{"name":"wp","href":"https:\/\/api.w.org\/{rel}","templated":true}]}}