{"id":719,"date":"2016-02-01T09:35:36","date_gmt":"2016-02-01T08:35:36","guid":{"rendered":"http:\/\/blocs.xtec.cat\/marquesdelapobla\/?p=719"},"modified":"2021-01-15T22:42:38","modified_gmt":"2021-01-15T21:42:38","slug":"hem-celebrat-el-dia-de-la-pau","status":"publish","type":"post","link":"https:\/\/agora.xtec.cat\/escmarquesdelapobla\/celebracions\/hem-celebrat-el-dia-de-la-pau\/","title":{"rendered":"HEM CELEBRAT EL DIA DE LA PAU"},"content":{"rendered":"<p>DESITJOS URGENTS DE PAU<\/p>\n<p>DES DE L\u2019ESCOLA MARQU\u00c8S DE LA POBLA<\/p>\n<p>&nbsp;<\/p>\n<p>Amb la participaci\u00f3 de tot l\u2019alumnat, professorat i pares i mares, divendres passat 29 de gener l\u2019escola Marqu\u00e8s de la Pobla de Capellades es va afegir als actes que van celebrar molts centres de prim\u00e0ria i de secund\u00e0ria del pa\u00eds per commemorar el Dia escolar de la No-viol\u00e8ncia i la Pau. Tota la comunitat educativa va formar una immensa rotllana en un dels patis de l\u2019escola. Cada alumne portava un desig particular escrit en una m\u00e0 de paper que despr\u00e9s va penjar per diversos espais del pati. Abans per\u00f2, dos representants de cada nivell d&#8217;Educaci\u00f3 Infantil i dels tres cicles de Prim\u00e0ria van llegir els desitjos pacifistes que havien treballat de manera conjunta en els dies previs. Despr\u00e9s els van lligar a diversos globus blancs i els van enlairar mentre l\u2019alumnat, juntament amb l\u2019equip de mestres i els pares, van interpretar la can\u00e7\u00f3 \u201c<em>Sempre amics ajudem a l\u2019altre, sempre amics m\u00e9s enll\u00e0 del sol, sempre amics mirant l\u2019un per l\u2019altre, amics fins la fi del m\u00f3n\u2026<\/em>\u201d. En veure com els globus carregats de missatges de Pau es perdien cel enll\u00e0 una nena de P-3 va arrencar a plorar. Un dels anhels m\u00e9s ferms de l\u2019escola Marqu\u00e8s de la Pobla de Capellades \u00e9s que ning\u00fa no hagi de vessar mai m\u00e9s cap ll\u00e0grima per culpa de qualsevol forma de viol\u00e8ncia ni de les male\u00efdes guerres.<\/p>\n<p>ESCOLA MARQU\u00c8S DE LA POBLA<\/p>\n<p>CAPELLADES<\/p>\n<p>&nbsp;<\/p>\n<p>&nbsp;<\/p>\n<p><a href=\"https:\/\/goo.gl\/photos\/BqkP9FdmZB9gNguEA\"><img loading=\"lazy\" decoding=\"async\" class=\"aligncenter size-large wp-image-721\" src=\"http:\/\/agora.xtec.cat\/escmarquesdelapobla\/wp-content\/uploads\/usu1682\/2016\/02\/JoanP01-1024x768.jpg\" alt=\"JoanP01\" width=\"440\" height=\"330\" srcset=\"https:\/\/agora.xtec.cat\/escmarquesdelapobla\/wp-content\/uploads\/usu1682\/2016\/02\/JoanP01-1024x768.jpg 1024w, https:\/\/agora.xtec.cat\/escmarquesdelapobla\/wp-content\/uploads\/usu1682\/2016\/02\/JoanP01-300x225.jpg 300w, https:\/\/agora.xtec.cat\/escmarquesdelapobla\/wp-content\/uploads\/usu1682\/2016\/02\/JoanP01-768x576.jpg 768w, https:\/\/agora.xtec.cat\/escmarquesdelapobla\/wp-content\/uploads\/usu1682\/2016\/02\/JoanP01-200x150.jpg 200w\" sizes=\"auto, (max-width: 440px) 100vw, 440px\" \/><\/a><\/p>\n<p><!--more--><\/p>\n<p><a href=\"http:\/\/agora.xtec.cat\/escmarquesdelapobla\/wp-content\/uploads\/usu1682\/2016\/02\/JoanP00.jpg\"><img loading=\"lazy\" decoding=\"async\" class=\"aligncenter size-large wp-image-720\" src=\"http:\/\/agora.xtec.cat\/escmarquesdelapobla\/wp-content\/uploads\/usu1682\/2016\/02\/JoanP00-1024x768.jpg\" alt=\"JoanP00\" width=\"440\" height=\"330\" srcset=\"https:\/\/agora.xtec.cat\/escmarquesdelapobla\/wp-content\/uploads\/usu1682\/2016\/02\/JoanP00-1024x768.jpg 1024w, https:\/\/agora.xtec.cat\/escmarquesdelapobla\/wp-content\/uploads\/usu1682\/2016\/02\/JoanP00-300x225.jpg 300w, https:\/\/agora.xtec.cat\/escmarquesdelapobla\/wp-content\/uploads\/usu1682\/2016\/02\/JoanP00-768x576.jpg 768w, https:\/\/agora.xtec.cat\/escmarquesdelapobla\/wp-content\/uploads\/usu1682\/2016\/02\/JoanP00-200x150.jpg 200w\" sizes=\"auto, (max-width: 440px) 100vw, 440px\" \/><\/a><\/p>\n","protected":false},"excerpt":{"rendered":"<p>DESITJOS URGENTS DE PAU DES DE L\u2019ESCOLA MARQU\u00c8S DE LA POBLA &nbsp; Amb la participaci\u00f3 de tot l\u2019alumnat, professorat i pares i mares, divendres passat 29 de gener l\u2019escola Marqu\u00e8s de la Pobla de Capellades es va afegir als actes que van celebrar molts centres de prim\u00e0ria i de secund\u00e0ria del pa\u00eds per commemorar el [&hellip;]<\/p>\n","protected":false},"author":1,"featured_media":0,"comment_status":"open","ping_status":"closed","sticky":false,"template":"","format":"standard","meta":{"_bbp_topic_count":0,"_bbp_reply_count":0,"_bbp_total_topic_count":0,"_bbp_total_reply_count":0,"_bbp_voice_count":0,"_bbp_anonymous_reply_count":0,"_bbp_topic_count_hidden":0,"_bbp_reply_count_hidden":0,"_bbp_forum_subforum_count":0,"site-sidebar-layout":"default","site-content-layout":"","ast-site-content-layout":"","site-content-style":"default","site-sidebar-style":"default","ast-global-header-display":"","ast-banner-title-visibility":"","ast-main-header-display":"","ast-hfb-above-header-display":"","ast-hfb-below-header-display":"","ast-hfb-mobile-header-display":"","site-post-title":"","ast-breadcrumbs-content":"","ast-featured-img":"","footer-sml-layout":"","theme-transparent-header-meta":"","adv-header-id-meta":"","stick-header-meta":"","header-above-stick-meta":"","header-main-stick-meta":"","header-below-stick-meta":"","astra-migrate-meta-layouts":"default","ast-page-background-enabled":"default","ast-page-background-meta":{"desktop":{"background-color":"var(--ast-global-color-5)","background-image":"","background-repeat":"repeat","background-position":"center center","background-size":"auto","background-attachment":"scroll","background-type":"","background-media":"","overlay-type":"","overlay-color":"","overlay-opacity":"","overlay-gradient":""},"tablet":{"background-color":"","background-image":"","background-repeat":"repeat","background-position":"center center","background-size":"auto","background-attachment":"scroll","background-type":"","background-media":"","overlay-type":"","overlay-color":"","overlay-opacity":"","overlay-gradient":""},"mobile":{"background-color":"","background-image":"","background-repeat":"repeat","background-position":"center center","background-size":"auto","background-attachment":"scroll","background-type":"","background-media":"","overlay-type":"","overlay-color":"","overlay-opacity":"","overlay-gradient":""}},"ast-content-background-meta":{"desktop":{"background-color":"var(--ast-global-color-4)","background-image":"","background-repeat":"repeat","background-position":"center center","background-size":"auto","background-attachment":"scroll","background-type":"","background-media":"","overlay-type":"","overlay-color":"","overlay-opacity":"","overlay-gradient":""},"tablet":{"background-color":"var(--ast-global-color-4)","background-image":"","background-repeat":"repeat","background-position":"center center","background-size":"auto","background-attachment":"scroll","background-type":"","background-media":"","overlay-type":"","overlay-color":"","overlay-opacity":"","overlay-gradient":""},"mobile":{"background-color":"var(--ast-global-color-4)","background-image":"","background-repeat":"repeat","background-position":"center center","background-size":"auto","background-attachment":"scroll","background-type":"","background-media":"","overlay-type":"","overlay-color":"","overlay-opacity":"","overlay-gradient":""}},"footnotes":""},"categories":[55,228,224],"tags":[],"class_list":["post-719","post","type-post","status-publish","format-standard","hentry","category-celebracions","category-dia-de-la-pau","category-historic"],"post_mailing_queue_ids":[],"_links":{"self":[{"href":"https:\/\/agora.xtec.cat\/escmarquesdelapobla\/wp-json\/wp\/v2\/posts\/719","targetHints":{"allow":["GET"]}}],"collection":[{"href":"https:\/\/agora.xtec.cat\/escmarquesdelapobla\/wp-json\/wp\/v2\/posts"}],"about":[{"href":"https:\/\/agora.xtec.cat\/escmarquesdelapobla\/wp-json\/wp\/v2\/types\/post"}],"author":[{"embeddable":true,"href":"https:\/\/agora.xtec.cat\/escmarquesdelapobla\/wp-json\/wp\/v2\/users\/1"}],"replies":[{"embeddable":true,"href":"https:\/\/agora.xtec.cat\/escmarquesdelapobla\/wp-json\/wp\/v2\/comments?post=719"}],"version-history":[{"count":2,"href":"https:\/\/agora.xtec.cat\/escmarquesdelapobla\/wp-json\/wp\/v2\/posts\/719\/revisions"}],"predecessor-version":[{"id":8214,"href":"https:\/\/agora.xtec.cat\/escmarquesdelapobla\/wp-json\/wp\/v2\/posts\/719\/revisions\/8214"}],"wp:attachment":[{"href":"https:\/\/agora.xtec.cat\/escmarquesdelapobla\/wp-json\/wp\/v2\/media?parent=719"}],"wp:term":[{"taxonomy":"category","embeddable":true,"href":"https:\/\/agora.xtec.cat\/escmarquesdelapobla\/wp-json\/wp\/v2\/categories?post=719"},{"taxonomy":"post_tag","embeddable":true,"href":"https:\/\/agora.xtec.cat\/escmarquesdelapobla\/wp-json\/wp\/v2\/tags?post=719"}],"curies":[{"name":"wp","href":"https:\/\/api.w.org\/{rel}","templated":true}]}}