{"id":7005,"date":"2020-09-14T22:38:54","date_gmt":"2020-09-14T20:38:54","guid":{"rendered":"http:\/\/agora.xtec.cat\/escmarquesdelapobla\/?p=7005"},"modified":"2020-10-29T13:16:41","modified_gmt":"2020-10-29T12:16:41","slug":"tornem-hi","status":"publish","type":"post","link":"https:\/\/agora.xtec.cat\/escmarquesdelapobla\/infantil\/tornem-hi\/","title":{"rendered":"Tornem-hi!"},"content":{"rendered":"<p><a href=\"https:\/\/photos.app.goo.gl\/6MeQe448unm1PK577\"><img loading=\"lazy\" decoding=\"async\" class=\"alignnone size-large\" src=\"https:\/\/lh3.googleusercontent.com\/pw\/ACtC-3dqOFq_S9u5IB7pPhcAwAMdawnaerDbCZCOJJlRvcKIvG_zpuBKUGzlykuadnBJDxu-aZ3wnD24B4jTEDALobjN-BZN9GcSrg6ZO36hFiF4Ua8v8lobAsGTEoouwJV4_Elt-yWR7zsG4x-dUHmGVOkddw=w783-h587-no?authuser=1\" width=\"783\" height=\"587\" \/><\/a><\/p>\n<p style=\"text-align: justify;\">Amb aquest crit hem donat la benvinguda als nens i nenes de Capellades i dels pobles dels voltants a l\u2019escola Marqu\u00e8s de la Pobla.<!--more-->Tornem a l\u2019escola, tornem a omplir els racons de somriures, d\u2019experi\u00e8ncies, de viv\u00e8ncies, d\u2019aprenentatges, de sorpreses, d\u2019encontres&#8230;<br \/>\nTornem-hi! Tornem a l\u2019escola despr\u00e9s d\u2019un llarg par\u00e8ntesis.<br \/>\nLa comunitat educativa hem passat uns dies de molts nervis preparant la tornada, pensantcom ho far\u00edem per rebre-us, preparant les aules amb molta il\u00b7lusi\u00f3 perqu\u00e8 us sentiu molt acollits, i tamb\u00e9 els passadissos i els patis, una manera d\u2019aprendre adaptada al convidat inesperat, en covid 19.<br \/>\nHeu vist la muntanyeta nova?<\/p>\n<p style=\"text-align: justify;\">Moltes gr\u00e0cies pels bons desitjos que ara omplen el tal\u00fas de la pista, farem el possible perqu\u00e8 es compleixin tots.<br \/>\nPer a nosaltres, cada aula \u00e9s com un paquet bonic, no pel paper, sin\u00f3 pel que hi ha a dins, un veritable tresor: vosaltres, nens i nenes que avui heu retornat la vida a l\u2019escola.<br \/>\nMoltes gr\u00e0cies fam\u00edlies per confiar en nosaltres.<br \/>\nPer part nostra, farem que vagi b\u00e9.<\/p>\n<p style=\"text-align: justify;\">Comunitat educativa Marqu\u00e8s de la Pobla- Capellades<\/p>\n","protected":false},"excerpt":{"rendered":"<p>Amb aquest crit hem donat la benvinguda als nens i nenes de Capellades i dels pobles dels voltants a l\u2019escola Marqu\u00e8s de la Pobla.<\/p>\n","protected":false},"author":1,"featured_media":0,"comment_status":"open","ping_status":"closed","sticky":false,"template":"","format":"standard","meta":{"_bbp_topic_count":0,"_bbp_reply_count":0,"_bbp_total_topic_count":0,"_bbp_total_reply_count":0,"_bbp_voice_count":0,"_bbp_anonymous_reply_count":0,"_bbp_topic_count_hidden":0,"_bbp_reply_count_hidden":0,"_bbp_forum_subforum_count":0,"site-sidebar-layout":"default","site-content-layout":"","ast-site-content-layout":"","site-content-style":"default","site-sidebar-style":"default","ast-global-header-display":"","ast-banner-title-visibility":"","ast-main-header-display":"","ast-hfb-above-header-display":"","ast-hfb-below-header-display":"","ast-hfb-mobile-header-display":"","site-post-title":"","ast-breadcrumbs-content":"","ast-featured-img":"","footer-sml-layout":"","theme-transparent-header-meta":"","adv-header-id-meta":"","stick-header-meta":"","header-above-stick-meta":"","header-main-stick-meta":"","header-below-stick-meta":"","astra-migrate-meta-layouts":"default","ast-page-background-enabled":"default","ast-page-background-meta":{"desktop":{"background-color":"var(--ast-global-color-5)","background-image":"","background-repeat":"repeat","background-position":"center center","background-size":"auto","background-attachment":"scroll","background-type":"","background-media":"","overlay-type":"","overlay-color":"","overlay-opacity":"","overlay-gradient":""},"tablet":{"background-color":"","background-image":"","background-repeat":"repeat","background-position":"center center","background-size":"auto","background-attachment":"scroll","background-type":"","background-media":"","overlay-type":"","overlay-color":"","overlay-opacity":"","overlay-gradient":""},"mobile":{"background-color":"","background-image":"","background-repeat":"repeat","background-position":"center center","background-size":"auto","background-attachment":"scroll","background-type":"","background-media":"","overlay-type":"","overlay-color":"","overlay-opacity":"","overlay-gradient":""}},"ast-content-background-meta":{"desktop":{"background-color":"var(--ast-global-color-4)","background-image":"","background-repeat":"repeat","background-position":"center center","background-size":"auto","background-attachment":"scroll","background-type":"","background-media":"","overlay-type":"","overlay-color":"","overlay-opacity":"","overlay-gradient":""},"tablet":{"background-color":"var(--ast-global-color-4)","background-image":"","background-repeat":"repeat","background-position":"center center","background-size":"auto","background-attachment":"scroll","background-type":"","background-media":"","overlay-type":"","overlay-color":"","overlay-opacity":"","overlay-gradient":""},"mobile":{"background-color":"var(--ast-global-color-4)","background-image":"","background-repeat":"repeat","background-position":"center center","background-size":"auto","background-attachment":"scroll","background-type":"","background-media":"","overlay-type":"","overlay-color":"","overlay-opacity":"","overlay-gradient":""}},"footnotes":""},"categories":[64,65,5,2],"tags":[],"class_list":["post-7005","post","type-post","status-publish","format-standard","hentry","category-inicial","category-mitja","category-superior","category-infantil"],"post_mailing_queue_ids":[],"_links":{"self":[{"href":"https:\/\/agora.xtec.cat\/escmarquesdelapobla\/wp-json\/wp\/v2\/posts\/7005","targetHints":{"allow":["GET"]}}],"collection":[{"href":"https:\/\/agora.xtec.cat\/escmarquesdelapobla\/wp-json\/wp\/v2\/posts"}],"about":[{"href":"https:\/\/agora.xtec.cat\/escmarquesdelapobla\/wp-json\/wp\/v2\/types\/post"}],"author":[{"embeddable":true,"href":"https:\/\/agora.xtec.cat\/escmarquesdelapobla\/wp-json\/wp\/v2\/users\/1"}],"replies":[{"embeddable":true,"href":"https:\/\/agora.xtec.cat\/escmarquesdelapobla\/wp-json\/wp\/v2\/comments?post=7005"}],"version-history":[{"count":3,"href":"https:\/\/agora.xtec.cat\/escmarquesdelapobla\/wp-json\/wp\/v2\/posts\/7005\/revisions"}],"predecessor-version":[{"id":7651,"href":"https:\/\/agora.xtec.cat\/escmarquesdelapobla\/wp-json\/wp\/v2\/posts\/7005\/revisions\/7651"}],"wp:attachment":[{"href":"https:\/\/agora.xtec.cat\/escmarquesdelapobla\/wp-json\/wp\/v2\/media?parent=7005"}],"wp:term":[{"taxonomy":"category","embeddable":true,"href":"https:\/\/agora.xtec.cat\/escmarquesdelapobla\/wp-json\/wp\/v2\/categories?post=7005"},{"taxonomy":"post_tag","embeddable":true,"href":"https:\/\/agora.xtec.cat\/escmarquesdelapobla\/wp-json\/wp\/v2\/tags?post=7005"}],"curies":[{"name":"wp","href":"https:\/\/api.w.org\/{rel}","templated":true}]}}