{"id":6977,"date":"2020-09-07T09:13:28","date_gmt":"2020-09-07T07:13:28","guid":{"rendered":"http:\/\/agora.xtec.cat\/escmarquesdelapobla\/?p=6977"},"modified":"2020-10-29T13:17:14","modified_gmt":"2020-10-29T12:17:14","slug":"pla-dobertura-de-centre-reunions-families","status":"publish","type":"post","link":"https:\/\/agora.xtec.cat\/escmarquesdelapobla\/info\/pla-dobertura-de-centre-reunions-families\/","title":{"rendered":"Pla d&#8217;obertura de centre: Reunions fam\u00edlies"},"content":{"rendered":"<p style=\"text-align: justify;\">Fam\u00edlies, us citem a la <a href=\"https:\/\/view.genial.ly\/5f5550c81f2e6d0d7df48f51\/horizontal-infographic-lists-reunions-families-pla-dobertura\" target=\"_blank\" rel=\"noopener noreferrer\">reuni\u00f3 telem\u00e0tica<\/a> per compartir amb vosaltres com farem l&#8217;obertura de centre a partir del proper dilluns 14 de setembre i com tenim previstes les mesures de seguretat en relaci\u00f3 a la pand\u00e8mia.<\/p>\n<p style=\"text-align: justify;\">Veiem important que pugueu assistir-hi (telem\u00e0ticament) per con\u00e8ixer l&#8217;organitzaci\u00f3 a hores d&#8217;ara i poder plantejar preguntes i esvair dubtes.<\/p>\n<p style=\"text-align: justify;\">Via correu electr\u00f2nic heu rebut l&#8217;enlla\u00e7 a la reuni\u00f3. Altrament feu correu a l&#8217;escola sol\u00b7licitant-lo.<br \/>\nFeu Click a la imatge<br \/>\n<a href=\"https:\/\/view.genial.ly\/5f5550c81f2e6d0d7df48f51\/horizontal-infographic-lists-reunions-families-pla-dobertura\" target=\"_blank\" rel=\"noopener noreferrer\"><img loading=\"lazy\" decoding=\"async\" class=\"alignnone size-full wp-image-6978\" src=\"https:\/\/agora.xtec.cat\/escmarquesdelapobla\/wp-content\/uploads\/usu1682\/2020\/09\/reunions-web-2020-21.png\" alt=\"\" width=\"282\" height=\"328\" srcset=\"https:\/\/agora.xtec.cat\/escmarquesdelapobla\/wp-content\/uploads\/usu1682\/2020\/09\/reunions-web-2020-21.png 282w, https:\/\/agora.xtec.cat\/escmarquesdelapobla\/wp-content\/uploads\/usu1682\/2020\/09\/reunions-web-2020-21-258x300.png 258w\" sizes=\"auto, (max-width: 282px) 100vw, 282px\" \/><\/a><\/p>\n","protected":false},"excerpt":{"rendered":"<p>Fam\u00edlies, us citem a la reuni\u00f3 telem\u00e0tica per compartir amb vosaltres com farem l&#8217;obertura de centre a partir del proper dilluns 14 de setembre i com tenim previstes les mesures de seguretat en relaci\u00f3 a la pand\u00e8mia. Veiem important que pugueu assistir-hi (telem\u00e0ticament) per con\u00e8ixer l&#8217;organitzaci\u00f3 a hores d&#8217;ara i poder plantejar preguntes i esvair [&hellip;]<\/p>\n","protected":false},"author":1,"featured_media":0,"comment_status":"open","ping_status":"closed","sticky":false,"template":"","format":"standard","meta":{"_bbp_topic_count":0,"_bbp_reply_count":0,"_bbp_total_topic_count":0,"_bbp_total_reply_count":0,"_bbp_voice_count":0,"_bbp_anonymous_reply_count":0,"_bbp_topic_count_hidden":0,"_bbp_reply_count_hidden":0,"_bbp_forum_subforum_count":0,"site-sidebar-layout":"default","site-content-layout":"","ast-site-content-layout":"","site-content-style":"default","site-sidebar-style":"default","ast-global-header-display":"","ast-banner-title-visibility":"","ast-main-header-display":"","ast-hfb-above-header-display":"","ast-hfb-below-header-display":"","ast-hfb-mobile-header-display":"","site-post-title":"","ast-breadcrumbs-content":"","ast-featured-img":"","footer-sml-layout":"","theme-transparent-header-meta":"","adv-header-id-meta":"","stick-header-meta":"","header-above-stick-meta":"","header-main-stick-meta":"","header-below-stick-meta":"","astra-migrate-meta-layouts":"default","ast-page-background-enabled":"default","ast-page-background-meta":{"desktop":{"background-color":"var(--ast-global-color-5)","background-image":"","background-repeat":"repeat","background-position":"center center","background-size":"auto","background-attachment":"scroll","background-type":"","background-media":"","overlay-type":"","overlay-color":"","overlay-opacity":"","overlay-gradient":""},"tablet":{"background-color":"","background-image":"","background-repeat":"repeat","background-position":"center center","background-size":"auto","background-attachment":"scroll","background-type":"","background-media":"","overlay-type":"","overlay-color":"","overlay-opacity":"","overlay-gradient":""},"mobile":{"background-color":"","background-image":"","background-repeat":"repeat","background-position":"center center","background-size":"auto","background-attachment":"scroll","background-type":"","background-media":"","overlay-type":"","overlay-color":"","overlay-opacity":"","overlay-gradient":""}},"ast-content-background-meta":{"desktop":{"background-color":"var(--ast-global-color-4)","background-image":"","background-repeat":"repeat","background-position":"center center","background-size":"auto","background-attachment":"scroll","background-type":"","background-media":"","overlay-type":"","overlay-color":"","overlay-opacity":"","overlay-gradient":""},"tablet":{"background-color":"var(--ast-global-color-4)","background-image":"","background-repeat":"repeat","background-position":"center center","background-size":"auto","background-attachment":"scroll","background-type":"","background-media":"","overlay-type":"","overlay-color":"","overlay-opacity":"","overlay-gradient":""},"mobile":{"background-color":"var(--ast-global-color-4)","background-image":"","background-repeat":"repeat","background-position":"center center","background-size":"auto","background-attachment":"scroll","background-type":"","background-media":"","overlay-type":"","overlay-color":"","overlay-opacity":"","overlay-gradient":""}},"footnotes":""},"categories":[79],"tags":[206],"class_list":["post-6977","post","type-post","status-publish","format-standard","hentry","category-info","tag-info"],"post_mailing_queue_ids":[],"_links":{"self":[{"href":"https:\/\/agora.xtec.cat\/escmarquesdelapobla\/wp-json\/wp\/v2\/posts\/6977","targetHints":{"allow":["GET"]}}],"collection":[{"href":"https:\/\/agora.xtec.cat\/escmarquesdelapobla\/wp-json\/wp\/v2\/posts"}],"about":[{"href":"https:\/\/agora.xtec.cat\/escmarquesdelapobla\/wp-json\/wp\/v2\/types\/post"}],"author":[{"embeddable":true,"href":"https:\/\/agora.xtec.cat\/escmarquesdelapobla\/wp-json\/wp\/v2\/users\/1"}],"replies":[{"embeddable":true,"href":"https:\/\/agora.xtec.cat\/escmarquesdelapobla\/wp-json\/wp\/v2\/comments?post=6977"}],"version-history":[{"count":2,"href":"https:\/\/agora.xtec.cat\/escmarquesdelapobla\/wp-json\/wp\/v2\/posts\/6977\/revisions"}],"predecessor-version":[{"id":7645,"href":"https:\/\/agora.xtec.cat\/escmarquesdelapobla\/wp-json\/wp\/v2\/posts\/6977\/revisions\/7645"}],"wp:attachment":[{"href":"https:\/\/agora.xtec.cat\/escmarquesdelapobla\/wp-json\/wp\/v2\/media?parent=6977"}],"wp:term":[{"taxonomy":"category","embeddable":true,"href":"https:\/\/agora.xtec.cat\/escmarquesdelapobla\/wp-json\/wp\/v2\/categories?post=6977"},{"taxonomy":"post_tag","embeddable":true,"href":"https:\/\/agora.xtec.cat\/escmarquesdelapobla\/wp-json\/wp\/v2\/tags?post=6977"}],"curies":[{"name":"wp","href":"https:\/\/api.w.org\/{rel}","templated":true}]}}