{"id":6885,"date":"2020-06-30T11:45:26","date_gmt":"2020-06-30T09:45:26","guid":{"rendered":"http:\/\/agora.xtec.cat\/escmarquesdelapobla\/?p=6885"},"modified":"2020-11-08T09:25:56","modified_gmt":"2020-11-08T08:25:56","slug":"carta-del-director-acomiadament","status":"publish","type":"post","link":"https:\/\/agora.xtec.cat\/escmarquesdelapobla\/info\/carta-del-director-acomiadament\/","title":{"rendered":"Carta del director: Final de cicle"},"content":{"rendered":"<p>&nbsp;<\/p>\n<p><a href=\"https:\/\/agora.xtec.cat\/escmarquesdelapobla\/wp-content\/uploads\/usu1682\/2020\/06\/EscolaMdP.jpg\"><img loading=\"lazy\" decoding=\"async\" class=\"aligncenter wp-image-6901\" src=\"https:\/\/agora.xtec.cat\/escmarquesdelapobla\/wp-content\/uploads\/usu1682\/2020\/06\/EscolaMdP-300x120.jpg\" alt=\"\" width=\"636\" height=\"254\" srcset=\"https:\/\/agora.xtec.cat\/escmarquesdelapobla\/wp-content\/uploads\/usu1682\/2020\/06\/EscolaMdP-300x120.jpg 300w, https:\/\/agora.xtec.cat\/escmarquesdelapobla\/wp-content\/uploads\/usu1682\/2020\/06\/EscolaMdP-768x308.jpg 768w, https:\/\/agora.xtec.cat\/escmarquesdelapobla\/wp-content\/uploads\/usu1682\/2020\/06\/EscolaMdP-1024x410.jpg 1024w\" sizes=\"auto, (max-width: 636px) 100vw, 636px\" \/><\/a><\/p>\n<h4 style=\"text-align: justify;\"><span style=\"color: #000000;\"><em>\u201d<\/em><em>Ning\u00fa educa a ning\u00fa, ning\u00fa s\u2019educa a si mateix, les persones s\u2019eduquen entre elles amb la mediaci\u00f3 del m\u00f2n\u201d\u00a0 <\/em><em>\u00a0Paulo Freire<\/em><\/span><\/h4>\n<h4 style=\"text-align: justify;\"><\/h4>\n<h4 style=\"text-align: justify;\"><span style=\"color: #000000;\">Benvolgudes fam\u00edlies de l\u2019escola,<\/span><\/h4>\n<h4 style=\"text-align: justify;\"><span style=\"color: #000000;\">Us faig arribar, com a director de l\u2019escola de les vostres filles i fills, unes paraules en motiu d\u2019aquest final de curs tan excepcional que ens toca viure, i en el que acabo la meva funci\u00f3 directiva.<\/span><\/h4>\n<p><!--more--><\/p>\n<h4 style=\"text-align: justify;\"><span style=\"color: #000000;\">Normalment, a aquestes al\u00e7ades de l\u2019any, l\u2019escola sempre va plena d\u2019activitats que malauradament aquests dies no s\u2019han pogut realitzar: tancar totes les tasques escolars, muntar els \u00e0lbums amb els infants i signar les avaluacions de final de curs. Els m\u00e9s petitons i petitones gaudir de m\u00e9s estones del sol, de la muntanyeta, de l\u2019ombra del bosc m\u00e0gic, de les pastetes del sorral. \u00a0Celebrar la festa de fi de curs una tarda-nit de dissabte als patis de l\u2019escola, i acomiadar-nos fins al setembre. Fer les fotos de grup davant les emblem\u00e0tiques columnes de l\u2019edifici d\u2019EI. Passar el darrer dia de curs cantant i ballant a la pista grisa, amb el pica-pica i el partit de futbol amb alumnes i mestres, per acomiadar-nos amb abra\u00e7ades. Tamb\u00e9 sempre s\u2019organitza la festa de benvinguda als nens i nenes nous que comencen l\u2019escola el proprer curs. La Diversitat Musical fent l\u2019acomiadament de l\u2019alumnat de 6\u00e8. El dinar especial del menjador el darrer dia. La calor a les aules que ens fa buscar l\u2019ombra dels nostres arbres als patis, o una bona manguerada d\u2019aigua a la pista, les Festes del Carrer&#8230; I tantes i tantes altres activitats que aquest final de curs ens han faltat o, com deia un periodista, &#8220;el virus ens ha robat&#8221;.<\/span><\/h4>\n<h4 style=\"text-align: justify;\"><span style=\"color: #000000;\">Jo tamb\u00e9 acabo un curs i un cicle vital molt important i \u00fanic a nivell personal i professional: aquest curs 2019-2020 ha estat el meu darrer any a l\u2019equip directiu de l\u2019escola: 3 anys com a cap d\u2019estudis i aquests darrers 5 cursos com a director. <\/span><\/h4>\n<h4 style=\"text-align: justify;\"><span style=\"color: #000000;\">No \u00e9s el final d\u2019etapa que m\u2019esperava, que ning\u00fa esperava per les circumst\u00e0ncies concretes, per\u00f2 la Covid 19 no ha canviat el que considero essencial d\u2019expressar aquests dies: acomiado aquesta etapa amb el sentiment d\u2019agra\u00efment i satisfacci\u00f3 per a tots vosaltres, les persones que junt amb l\u2019equip docent, l\u2019AMPA, l\u2019administrativa, les mares dinamitzadores, l\u2019Ajuntament, el personal de neteja, els monitors i monitores i els conserges, formem el teixit de la comunitat educativa del Marqu\u00e8s de la Pobla.<\/span><\/h4>\n<h4 style=\"text-align: justify;\"><span style=\"color: #000000;\">No ho puc fer d\u2019una manera m\u00e9s directa i propera com m\u2019hagu\u00e9s agradat fer, per\u00f2 aix\u00f2 no dilueix gens ni mica aquests sentiments pel vostre suport i comprensi\u00f3. Hem fet molt bona feina i queda molt bona feina per fer. Tenim la sort de poder comptar amb un nou equip directiu, amb la N\u00faria Vinyals al capdavant i el Jaume Sabater i el Jordi Flix al seu costat, que amb tot l\u2019equip docent continuarem el repte de fer l\u2019escola que tots volem: una escola innovadora, inclusiva i presencial!<\/span><\/h4>\n<h4 style=\"text-align: justify;\"><span style=\"color: #000000;\">Vull acabar amb unes paraules que les sento molt meves: els mestres som mestres i fem del que calgui com a mestres que som. Jo he fet de cap d\u2019estudis i de director. Ara continuar\u00e9 la meva tasca sent mestre de l\u2019escola que m\u00e9s estimo i que vosaltres tamb\u00e9 us estimeu: l\u2019escola Marqu\u00e8s de la Pobla.<\/span><\/h4>\n<h4 style=\"text-align: justify;\"><span style=\"color: #000000;\">Espero que ens poguem veure \u00a0-si la mascareta ens deixa, i saludar-nos \u00a0-encara que sigui amb un toc de colze, ben aviat!<\/span><\/h4>\n<h4 style=\"text-align: justify;\"><span style=\"color: #000000;\">Una forta abra\u00e7ada a tots i totes. Cuidem-nos!<\/span><\/h4>\n<h4><\/h4>\n<h4 style=\"text-align: right;\"><span style=\"color: #000000;\">Miquel Gim\u00e9nez L\u00f3pez<\/span><\/h4>\n<h4 style=\"text-align: right;\"><span style=\"color: #000000;\">Director, setembre 2015 \u2013 juny 2020\u00a0<\/span><\/h4>\n<h4 style=\"text-align: right;\"><\/h4>\n","protected":false},"excerpt":{"rendered":"<p>&nbsp; \u201dNing\u00fa educa a ning\u00fa, ning\u00fa s\u2019educa a si mateix, les persones s\u2019eduquen entre elles amb la mediaci\u00f3 del m\u00f2n\u201d\u00a0 \u00a0Paulo Freire Benvolgudes fam\u00edlies de l\u2019escola, Us faig arribar, com a director de l\u2019escola de les vostres filles i fills, unes paraules en motiu d\u2019aquest final de curs tan excepcional que ens toca viure, i [&hellip;]<\/p>\n","protected":false},"author":1,"featured_media":0,"comment_status":"open","ping_status":"closed","sticky":false,"template":"","format":"standard","meta":{"_bbp_topic_count":0,"_bbp_reply_count":0,"_bbp_total_topic_count":0,"_bbp_total_reply_count":0,"_bbp_voice_count":0,"_bbp_anonymous_reply_count":0,"_bbp_topic_count_hidden":0,"_bbp_reply_count_hidden":0,"_bbp_forum_subforum_count":0,"site-sidebar-layout":"default","site-content-layout":"","ast-site-content-layout":"","site-content-style":"default","site-sidebar-style":"default","ast-global-header-display":"","ast-banner-title-visibility":"","ast-main-header-display":"","ast-hfb-above-header-display":"","ast-hfb-below-header-display":"","ast-hfb-mobile-header-display":"","site-post-title":"","ast-breadcrumbs-content":"","ast-featured-img":"","footer-sml-layout":"","theme-transparent-header-meta":"","adv-header-id-meta":"","stick-header-meta":"","header-above-stick-meta":"","header-main-stick-meta":"","header-below-stick-meta":"","astra-migrate-meta-layouts":"default","ast-page-background-enabled":"default","ast-page-background-meta":{"desktop":{"background-color":"var(--ast-global-color-5)","background-image":"","background-repeat":"repeat","background-position":"center center","background-size":"auto","background-attachment":"scroll","background-type":"","background-media":"","overlay-type":"","overlay-color":"","overlay-opacity":"","overlay-gradient":""},"tablet":{"background-color":"","background-image":"","background-repeat":"repeat","background-position":"center center","background-size":"auto","background-attachment":"scroll","background-type":"","background-media":"","overlay-type":"","overlay-color":"","overlay-opacity":"","overlay-gradient":""},"mobile":{"background-color":"","background-image":"","background-repeat":"repeat","background-position":"center center","background-size":"auto","background-attachment":"scroll","background-type":"","background-media":"","overlay-type":"","overlay-color":"","overlay-opacity":"","overlay-gradient":""}},"ast-content-background-meta":{"desktop":{"background-color":"var(--ast-global-color-4)","background-image":"","background-repeat":"repeat","background-position":"center center","background-size":"auto","background-attachment":"scroll","background-type":"","background-media":"","overlay-type":"","overlay-color":"","overlay-opacity":"","overlay-gradient":""},"tablet":{"background-color":"var(--ast-global-color-4)","background-image":"","background-repeat":"repeat","background-position":"center center","background-size":"auto","background-attachment":"scroll","background-type":"","background-media":"","overlay-type":"","overlay-color":"","overlay-opacity":"","overlay-gradient":""},"mobile":{"background-color":"var(--ast-global-color-4)","background-image":"","background-repeat":"repeat","background-position":"center center","background-size":"auto","background-attachment":"scroll","background-type":"","background-media":"","overlay-type":"","overlay-color":"","overlay-opacity":"","overlay-gradient":""}},"footnotes":""},"categories":[79,80],"tags":[223],"class_list":["post-6885","post","type-post","status-publish","format-standard","hentry","category-info","category-escola","tag-lescola"],"post_mailing_queue_ids":[],"_links":{"self":[{"href":"https:\/\/agora.xtec.cat\/escmarquesdelapobla\/wp-json\/wp\/v2\/posts\/6885","targetHints":{"allow":["GET"]}}],"collection":[{"href":"https:\/\/agora.xtec.cat\/escmarquesdelapobla\/wp-json\/wp\/v2\/posts"}],"about":[{"href":"https:\/\/agora.xtec.cat\/escmarquesdelapobla\/wp-json\/wp\/v2\/types\/post"}],"author":[{"embeddable":true,"href":"https:\/\/agora.xtec.cat\/escmarquesdelapobla\/wp-json\/wp\/v2\/users\/1"}],"replies":[{"embeddable":true,"href":"https:\/\/agora.xtec.cat\/escmarquesdelapobla\/wp-json\/wp\/v2\/comments?post=6885"}],"version-history":[{"count":5,"href":"https:\/\/agora.xtec.cat\/escmarquesdelapobla\/wp-json\/wp\/v2\/posts\/6885\/revisions"}],"predecessor-version":[{"id":7935,"href":"https:\/\/agora.xtec.cat\/escmarquesdelapobla\/wp-json\/wp\/v2\/posts\/6885\/revisions\/7935"}],"wp:attachment":[{"href":"https:\/\/agora.xtec.cat\/escmarquesdelapobla\/wp-json\/wp\/v2\/media?parent=6885"}],"wp:term":[{"taxonomy":"category","embeddable":true,"href":"https:\/\/agora.xtec.cat\/escmarquesdelapobla\/wp-json\/wp\/v2\/categories?post=6885"},{"taxonomy":"post_tag","embeddable":true,"href":"https:\/\/agora.xtec.cat\/escmarquesdelapobla\/wp-json\/wp\/v2\/tags?post=6885"}],"curies":[{"name":"wp","href":"https:\/\/api.w.org\/{rel}","templated":true}]}}