{"id":6815,"date":"2020-06-15T09:30:30","date_gmt":"2020-06-15T07:30:30","guid":{"rendered":"http:\/\/agora.xtec.cat\/escmarquesdelapobla\/?p=6815"},"modified":"2020-11-08T09:44:47","modified_gmt":"2020-11-08T08:44:47","slug":"a-lescola-recordem-les-festes-del-carrer-de-capellades","status":"publish","type":"post","link":"https:\/\/agora.xtec.cat\/escmarquesdelapobla\/celebracions\/a-lescola-recordem-les-festes-del-carrer-de-capellades\/","title":{"rendered":"A l&#8217;Escola recordem les Festes del carrer"},"content":{"rendered":"<p style=\"text-align: center;\"><a href=\"https:\/\/www.youtube.com\/watch?v=3R-B6qDfo6E\"><img loading=\"lazy\" decoding=\"async\" class=\"aligncenter size-medium wp-image-6821\" src=\"https:\/\/agora.xtec.cat\/escmarquesdelapobla\/wp-content\/uploads\/usu1682\/2020\/06\/logo_festes_del_carrer-236x300.jpg\" alt=\"\" width=\"236\" height=\"300\" srcset=\"https:\/\/agora.xtec.cat\/escmarquesdelapobla\/wp-content\/uploads\/usu1682\/2020\/06\/logo_festes_del_carrer-236x300.jpg 236w, https:\/\/agora.xtec.cat\/escmarquesdelapobla\/wp-content\/uploads\/usu1682\/2020\/06\/logo_festes_del_carrer.jpg 519w\" sizes=\"auto, (max-width: 236px) 100vw, 236px\" \/>CLIQUEU AQU\u00cd <\/a><a style=\"color: #2795b6; text-align: start;\" href=\"https:\/\/www.youtube.com\/watch?v=3R-B6qDfo6E\">PER PRACTICAR EL BALL PLA &#8220;CONFINAT&#8221;<\/a><\/p>\n<p>Com tots sabem aquesta setmana se celebren les nostres estimades <a href=\"https:\/\/www.capellades.cat\/el-municipi\/turisme-i-oci\/festes-fires-i-mercats\/festes-del-carrer.html\"><strong>Festes del Carrer de Capellades<\/strong><\/a> per\u00f2 en aquest cas confinades.<\/p>\n<p>Tot i aix\u00ed, la comissi\u00f3 que organitza i estima tant aquestes festes ha procurat que, malgrat la situaci\u00f3 que ens trobem de confinament, no hi falti la seva pres\u00e8ncia per recordar-les. Hem sentit pel carrer la m\u00fasica que les caracteritza, el fam\u00f3s \u201ctaratatx\u00edn\u201d que tots portem dintre i gr\u00e0cies a la col\u00b7laboraci\u00f3 de diferents fam\u00edlies s\u2019ha editat un v\u00eddeo del \u201cBall Pla\u201d perqu\u00e8 es mantingui viu igualment. La tradici\u00f3 del tortell tamb\u00e9 l\u2019estan oferint.<\/p>\n<p>Als vidres del safareig de Capellades podem veure unes fotografies antigues perqu\u00e8 tots i totes puguem veure com es celebraven abans a Capellades. Recomanem que passeu per veure-les. S\u00f3n un bon record.<\/p>\n<p>Cada any el dimecres, coincidint amb el \u201cBarri del Ninot\u201d que \u00e9s el que pertany la nostra escola, hi participem tot mantenint les tradicions. Al mat\u00ed, tots i totes sortim al pati entusiasmats per rebre i \u00a0fer pas als m\u00fasics de la Banda \u00a0que ens visiten anunciant la festa. \u00c9s un moment molt emotiu. Tenim els m\u00fasics davant nostre i sentim molt b\u00e9 els seus instruments. Tot seguit, l\u2019alumnat de P5 va a portar la panera amb el \u201ctortell\u201d acompanyats per les seves mestres i companys d\u2019Educaci\u00f3 Infantil.<\/p>\n<p>A l\u2019escola, a partir de segon de Prim\u00e0ria, practiquem il\u00b7lusionats el Ball Pla amb l\u2019alumnat unes setmanes abans que arribin les Festes.<\/p>\n<p>Estem molt contents que, tot i no poder sortir i celebrar-les com sempre, al nostre poble es respiri tamb\u00e9 aquesta tradici\u00f3 que des de l\u2019escola Marqu\u00e8s de la Pobla vivim plenament cada any.<\/p>\n<p>L\u2019any que ve segur que les tornarem a celebrar plegats com es mereixen! Moltes gr\u00e0cies a totes les persones que ho han fet possible.<\/p>\n<p>Adjuntem \u00a0el v\u00eddeo que han preparat per recordar el<a href=\"https:\/\/www.youtube.com\/watch?v=3R-B6qDfo6E\"><strong> Ball Pla de Capellades &#8220;confinat&#8221;<\/strong><\/a>. Us animeu a ballar-lo a casa en fam\u00edlia?<\/p>\n<p style=\"text-align: center;\">\n","protected":false},"excerpt":{"rendered":"<p>CLIQUEU AQU\u00cd PER PRACTICAR EL BALL PLA &#8220;CONFINAT&#8221; Com tots sabem aquesta setmana se celebren les nostres estimades Festes del Carrer de Capellades per\u00f2 en aquest cas confinades. Tot i aix\u00ed, la comissi\u00f3 que organitza i estima tant aquestes festes ha procurat que, malgrat la situaci\u00f3 que ens trobem de confinament, no hi falti la [&hellip;]<\/p>\n","protected":false},"author":1,"featured_media":0,"comment_status":"open","ping_status":"closed","sticky":false,"template":"","format":"standard","meta":{"_bbp_topic_count":0,"_bbp_reply_count":0,"_bbp_total_topic_count":0,"_bbp_total_reply_count":0,"_bbp_voice_count":0,"_bbp_anonymous_reply_count":0,"_bbp_topic_count_hidden":0,"_bbp_reply_count_hidden":0,"_bbp_forum_subforum_count":0,"site-sidebar-layout":"default","site-content-layout":"","ast-site-content-layout":"","site-content-style":"default","site-sidebar-style":"default","ast-global-header-display":"","ast-banner-title-visibility":"","ast-main-header-display":"","ast-hfb-above-header-display":"","ast-hfb-below-header-display":"","ast-hfb-mobile-header-display":"","site-post-title":"","ast-breadcrumbs-content":"","ast-featured-img":"","footer-sml-layout":"","theme-transparent-header-meta":"","adv-header-id-meta":"","stick-header-meta":"","header-above-stick-meta":"","header-main-stick-meta":"","header-below-stick-meta":"","astra-migrate-meta-layouts":"default","ast-page-background-enabled":"default","ast-page-background-meta":{"desktop":{"background-color":"var(--ast-global-color-5)","background-image":"","background-repeat":"repeat","background-position":"center center","background-size":"auto","background-attachment":"scroll","background-type":"","background-media":"","overlay-type":"","overlay-color":"","overlay-opacity":"","overlay-gradient":""},"tablet":{"background-color":"","background-image":"","background-repeat":"repeat","background-position":"center center","background-size":"auto","background-attachment":"scroll","background-type":"","background-media":"","overlay-type":"","overlay-color":"","overlay-opacity":"","overlay-gradient":""},"mobile":{"background-color":"","background-image":"","background-repeat":"repeat","background-position":"center center","background-size":"auto","background-attachment":"scroll","background-type":"","background-media":"","overlay-type":"","overlay-color":"","overlay-opacity":"","overlay-gradient":""}},"ast-content-background-meta":{"desktop":{"background-color":"var(--ast-global-color-4)","background-image":"","background-repeat":"repeat","background-position":"center center","background-size":"auto","background-attachment":"scroll","background-type":"","background-media":"","overlay-type":"","overlay-color":"","overlay-opacity":"","overlay-gradient":""},"tablet":{"background-color":"var(--ast-global-color-4)","background-image":"","background-repeat":"repeat","background-position":"center center","background-size":"auto","background-attachment":"scroll","background-type":"","background-media":"","overlay-type":"","overlay-color":"","overlay-opacity":"","overlay-gradient":""},"mobile":{"background-color":"var(--ast-global-color-4)","background-image":"","background-repeat":"repeat","background-position":"center center","background-size":"auto","background-attachment":"scroll","background-type":"","background-media":"","overlay-type":"","overlay-color":"","overlay-opacity":"","overlay-gradient":""}},"footnotes":""},"categories":[55,224,80],"tags":[223],"class_list":["post-6815","post","type-post","status-publish","format-standard","hentry","category-celebracions","category-historic","category-escola","tag-lescola"],"post_mailing_queue_ids":[],"_links":{"self":[{"href":"https:\/\/agora.xtec.cat\/escmarquesdelapobla\/wp-json\/wp\/v2\/posts\/6815","targetHints":{"allow":["GET"]}}],"collection":[{"href":"https:\/\/agora.xtec.cat\/escmarquesdelapobla\/wp-json\/wp\/v2\/posts"}],"about":[{"href":"https:\/\/agora.xtec.cat\/escmarquesdelapobla\/wp-json\/wp\/v2\/types\/post"}],"author":[{"embeddable":true,"href":"https:\/\/agora.xtec.cat\/escmarquesdelapobla\/wp-json\/wp\/v2\/users\/1"}],"replies":[{"embeddable":true,"href":"https:\/\/agora.xtec.cat\/escmarquesdelapobla\/wp-json\/wp\/v2\/comments?post=6815"}],"version-history":[{"count":3,"href":"https:\/\/agora.xtec.cat\/escmarquesdelapobla\/wp-json\/wp\/v2\/posts\/6815\/revisions"}],"predecessor-version":[{"id":7942,"href":"https:\/\/agora.xtec.cat\/escmarquesdelapobla\/wp-json\/wp\/v2\/posts\/6815\/revisions\/7942"}],"wp:attachment":[{"href":"https:\/\/agora.xtec.cat\/escmarquesdelapobla\/wp-json\/wp\/v2\/media?parent=6815"}],"wp:term":[{"taxonomy":"category","embeddable":true,"href":"https:\/\/agora.xtec.cat\/escmarquesdelapobla\/wp-json\/wp\/v2\/categories?post=6815"},{"taxonomy":"post_tag","embeddable":true,"href":"https:\/\/agora.xtec.cat\/escmarquesdelapobla\/wp-json\/wp\/v2\/tags?post=6815"}],"curies":[{"name":"wp","href":"https:\/\/api.w.org\/{rel}","templated":true}]}}