{"id":6807,"date":"2020-06-12T11:34:36","date_gmt":"2020-06-12T09:34:36","guid":{"rendered":"http:\/\/agora.xtec.cat\/escmarquesdelapobla\/?p=6807"},"modified":"2020-11-08T09:45:20","modified_gmt":"2020-11-08T08:45:20","slug":"els-coralls","status":"publish","type":"post","link":"https:\/\/agora.xtec.cat\/escmarquesdelapobla\/inicial\/els-coralls\/","title":{"rendered":"Els coralls"},"content":{"rendered":"<p><a href=\"https:\/\/photos.app.goo.gl\/4tWxzJfZQMUmqCoz9\"><img loading=\"lazy\" decoding=\"async\" class=\"aligncenter\" src=\"https:\/\/lh3.googleusercontent.com\/pw\/ACtC-3dRZmUfShFw5R6arv5dTl22rXaXks6EEt8cYEEkhLFW2YEdmr4mS1NvP63pLlfnAH-4q_UfphQqisedwZiA7dE5yeHpU4EW4yRK6SvdQa-3_jFweeOlji5TpLEUrMCTyRunGFPQMgAua8gKCZCDoxiwRg=w1340-h657-no?authuser=0\" width=\"713\" height=\"349\" \/><\/a><\/p>\n<p>Aquest curs, la classe dels Coralls hem fet un projecte sobre els coralls i la cura del medi ambient. Des de que vam decidir el nom de la classe, vam estar investigant i treballant junts per aprendre m\u00e9s sobre aquests animals i entendre per qu\u00e8 estan en perill.<\/p>\n<p>Hem apr\u00e8s qu\u00e8 i com s\u00f3n els coralls, quins tipus hi ha, d\u2019on neixen, on viuen i qu\u00e8 necessiten. Per\u00f2 sobretot, hem pogut veure com les nostres accions els estan afectant i la import\u00e0ncia d\u2019actuar per qu\u00e8 no desapareguin.<\/p>\n<p><!--more--><\/p>\n<p>Paral\u00b7lelament al treball al voltant dels coralls i seguint l\u2019eix de l\u2019escola SOS La Terra, hem pogut entendre per qu\u00e8 el nostre planeta necessita ajuda i quines s\u00f3n les coses que l\u2019estan posant malalt. Hem vist com l\u2019efecte hivernacle, el canvi clim\u00e0tic i la contaminaci\u00f3 s\u00f3n els principals problemes que hem de combatre i hem pogut investigar diferents solucions per reduir-los.<\/p>\n<p>Aquest curs no sols hem apr\u00e8s continguts sin\u00f3 que hem pogut reflexionar sobre les conseq\u00fc\u00e8ncies de les nostres accions i hem fet un petit pas cap a un m\u00f3n millor.<\/p>\n<p>Us deixem unes fotos de tot el proc\u00e9s del projecte (cliqueu la foto). Veureu que hem treballat molt i sobretot hem gaudit aprenent.<\/p>\n","protected":false},"excerpt":{"rendered":"<p>Aquest curs, la classe dels Coralls hem fet un projecte sobre els coralls i la cura del medi ambient. Des de que vam decidir el nom de la classe, vam estar investigant i treballant junts per aprendre m\u00e9s sobre aquests animals i entendre per qu\u00e8 estan en perill. Hem apr\u00e8s qu\u00e8 i com s\u00f3n els [&hellip;]<\/p>\n","protected":false},"author":1,"featured_media":0,"comment_status":"open","ping_status":"closed","sticky":false,"template":"","format":"standard","meta":{"_bbp_topic_count":0,"_bbp_reply_count":0,"_bbp_total_topic_count":0,"_bbp_total_reply_count":0,"_bbp_voice_count":0,"_bbp_anonymous_reply_count":0,"_bbp_topic_count_hidden":0,"_bbp_reply_count_hidden":0,"_bbp_forum_subforum_count":0,"site-sidebar-layout":"default","site-content-layout":"","ast-site-content-layout":"","site-content-style":"default","site-sidebar-style":"default","ast-global-header-display":"","ast-banner-title-visibility":"","ast-main-header-display":"","ast-hfb-above-header-display":"","ast-hfb-below-header-display":"","ast-hfb-mobile-header-display":"","site-post-title":"","ast-breadcrumbs-content":"","ast-featured-img":"","footer-sml-layout":"","theme-transparent-header-meta":"","adv-header-id-meta":"","stick-header-meta":"","header-above-stick-meta":"","header-main-stick-meta":"","header-below-stick-meta":"","astra-migrate-meta-layouts":"default","ast-page-background-enabled":"default","ast-page-background-meta":{"desktop":{"background-color":"var(--ast-global-color-5)","background-image":"","background-repeat":"repeat","background-position":"center center","background-size":"auto","background-attachment":"scroll","background-type":"","background-media":"","overlay-type":"","overlay-color":"","overlay-opacity":"","overlay-gradient":""},"tablet":{"background-color":"","background-image":"","background-repeat":"repeat","background-position":"center center","background-size":"auto","background-attachment":"scroll","background-type":"","background-media":"","overlay-type":"","overlay-color":"","overlay-opacity":"","overlay-gradient":""},"mobile":{"background-color":"","background-image":"","background-repeat":"repeat","background-position":"center center","background-size":"auto","background-attachment":"scroll","background-type":"","background-media":"","overlay-type":"","overlay-color":"","overlay-opacity":"","overlay-gradient":""}},"ast-content-background-meta":{"desktop":{"background-color":"var(--ast-global-color-4)","background-image":"","background-repeat":"repeat","background-position":"center center","background-size":"auto","background-attachment":"scroll","background-type":"","background-media":"","overlay-type":"","overlay-color":"","overlay-opacity":"","overlay-gradient":""},"tablet":{"background-color":"var(--ast-global-color-4)","background-image":"","background-repeat":"repeat","background-position":"center center","background-size":"auto","background-attachment":"scroll","background-type":"","background-media":"","overlay-type":"","overlay-color":"","overlay-opacity":"","overlay-gradient":""},"mobile":{"background-color":"var(--ast-global-color-4)","background-image":"","background-repeat":"repeat","background-position":"center center","background-size":"auto","background-attachment":"scroll","background-type":"","background-media":"","overlay-type":"","overlay-color":"","overlay-opacity":"","overlay-gradient":""}},"footnotes":""},"categories":[64,224],"tags":[],"class_list":["post-6807","post","type-post","status-publish","format-standard","hentry","category-inicial","category-historic"],"post_mailing_queue_ids":[],"_links":{"self":[{"href":"https:\/\/agora.xtec.cat\/escmarquesdelapobla\/wp-json\/wp\/v2\/posts\/6807","targetHints":{"allow":["GET"]}}],"collection":[{"href":"https:\/\/agora.xtec.cat\/escmarquesdelapobla\/wp-json\/wp\/v2\/posts"}],"about":[{"href":"https:\/\/agora.xtec.cat\/escmarquesdelapobla\/wp-json\/wp\/v2\/types\/post"}],"author":[{"embeddable":true,"href":"https:\/\/agora.xtec.cat\/escmarquesdelapobla\/wp-json\/wp\/v2\/users\/1"}],"replies":[{"embeddable":true,"href":"https:\/\/agora.xtec.cat\/escmarquesdelapobla\/wp-json\/wp\/v2\/comments?post=6807"}],"version-history":[{"count":3,"href":"https:\/\/agora.xtec.cat\/escmarquesdelapobla\/wp-json\/wp\/v2\/posts\/6807\/revisions"}],"predecessor-version":[{"id":7667,"href":"https:\/\/agora.xtec.cat\/escmarquesdelapobla\/wp-json\/wp\/v2\/posts\/6807\/revisions\/7667"}],"wp:attachment":[{"href":"https:\/\/agora.xtec.cat\/escmarquesdelapobla\/wp-json\/wp\/v2\/media?parent=6807"}],"wp:term":[{"taxonomy":"category","embeddable":true,"href":"https:\/\/agora.xtec.cat\/escmarquesdelapobla\/wp-json\/wp\/v2\/categories?post=6807"},{"taxonomy":"post_tag","embeddable":true,"href":"https:\/\/agora.xtec.cat\/escmarquesdelapobla\/wp-json\/wp\/v2\/tags?post=6807"}],"curies":[{"name":"wp","href":"https:\/\/api.w.org\/{rel}","templated":true}]}}