{"id":6668,"date":"2020-05-29T12:53:59","date_gmt":"2020-05-29T10:53:59","guid":{"rendered":"http:\/\/agora.xtec.cat\/escmarquesdelapobla\/?p=6668"},"modified":"2020-11-08T09:48:21","modified_gmt":"2020-11-08T08:48:21","slug":"ajuts-individuals-de-menjador-beques-curs-2020-2021","status":"publish","type":"post","link":"https:\/\/agora.xtec.cat\/escmarquesdelapobla\/info\/ajuts-individuals-de-menjador-beques-curs-2020-2021\/","title":{"rendered":"AJUTS INDIVIDUALS DE MENJADOR (BEQUES)  curs 2020-2021"},"content":{"rendered":"<p><a href=\"http:\/\/www.anoia.cat\/\"><img loading=\"lazy\" decoding=\"async\" class=\"size-full wp-image-6675 alignleft\" src=\"https:\/\/agora.xtec.cat\/escmarquesdelapobla\/wp-content\/uploads\/usu1682\/2020\/05\/Screenshot_1.png\" alt=\"\" width=\"271\" height=\"141\" \/><\/a><\/p>\n<p>&nbsp;<\/p>\n<p>&nbsp;<\/p>\n<p>&nbsp;<\/p>\n<p>&nbsp;<\/p>\n<p>Benvolgudes fam\u00edlies:<\/p>\n<p>Ens informen des del <span style=\"text-decoration: underline;\">Consell Comarcal de l&#8217;Anoia<\/span> que s&#8217;inicia el pla\u00e7 de la <a href=\"https:\/\/agora.xtec.cat\/escmarquesdelapobla\/wp-content\/uploads\/usu1682\/2020\/05\/convocatoria-beques-20-21.pdf\"><strong>convocat\u00f2ria<\/strong><\/a> pel proper curs 2020-2021 per rebre els ajuts individuals de menjador.<\/p>\n<p>Hi haur\u00e0 dos models:<\/p>\n<p>Model 1: Del dia <strong>1 al 19 de juny<\/strong> inicialment per a alumnes que ja tenien sol\u00b7licitat l\u2019ajut del curs passat (2019-2020). Podeu baixar el model <a href=\"https:\/\/agora.xtec.cat\/escmarquesdelapobla\/wp-content\/uploads\/usu1682\/2020\/05\/Sol.licitud-AIM-confirmaci\u00f3-de-dades-model-1-1.pdf\"><strong>AQU\u00cd.<\/strong><\/a><\/p>\n<p>Model 2: Del <strong>dia 1 de juny i fins al dia 30 de setembre<\/strong> p<span style=\"font-family: inherit; font-size: 1em;\">er a alumnes de nova matriculaci\u00f3<\/span><strong style=\"font-family: inherit; font-size: 1em;\">.<\/strong><span style=\"font-family: inherit; font-size: 1em;\">\u00a0<\/span><span style=\"font-family: inherit; font-size: 1em;\">Podeu baixar model <a href=\"https:\/\/agora.xtec.cat\/escmarquesdelapobla\/wp-content\/uploads\/usu1682\/2020\/05\/Sol.licitud-AIM-model-2.pdf\"><strong>AQU\u00cd. \u00a0<\/strong><\/a><\/span><span style=\"font-family: inherit; font-size: 1em;\">En aquest casos, les persones sol\u00b7licitants hauran de presentar<\/span><span style=\"font-family: inherit; font-size: 1em;\"> un certificat del centre educatiu en que s\u2019especifiqui la data de matriculaci\u00f3.\u00a0<\/span><\/p>\n<p>Les fam\u00edlies ho podran tramitar mitjan\u00e7ant <a href=\"https:\/\/tramits.seu.cat\/ABSIS\/EAD\/webspublicacion\/eMiservicio\/catala\/Tramites\/A78EB9E889DE4DBDB25B5AA672645143.asp?codent=975\"><strong>inst\u00e0ncia electr\u00f2nica<\/strong><\/a> directament al <strong>Consell Comarcal de l&#8217;Anoia<\/strong> ( on tota la documentaci\u00f3 haur\u00e0 de ser amb format PDF) o presencialment al Consell Comarcal amb cita pr\u00e8via fins el 30 de setembre de 2020.<\/p>\n<p>Us podeu informar a la <a href=\"http:\/\/www.anoia.cat\/departaments\/ensenyament\/ajuts-individuals-de-menjador\/\"><strong>web del Consell Comarcal de l&#8217;Anoia<\/strong><\/a><\/p>\n<p style=\"font-weight: 400;\"><u>H<\/u>o podeu tramitar a <span style=\"text-decoration: underline;\">l&#8217;ajuntament de Capellades<\/span><strong> (Biblioteca El Safareig)<\/strong>: el dia d\u2019entrega de la documentaci\u00f3 a les fam\u00edlies ser\u00e0 el dilluns dia 8 de juny en el mateix horari que el de l\u2019entrega de tasques, 10 a 14 hores i de 16 a 18 hore. El retorn de la documentaci\u00f3 i formularis signats ser\u00e0 els dilluns 8 i 15 de juny a la mateixa biblioteca.<\/p>\n<p style=\"text-align: center;\"><strong>IMPORTANT: NO PORTEU ELS PAPERS AL CENTRE. TENIM ACC\u00c9S RESTRINGIT<\/strong><\/p>\n<p>Gr\u00e0cies i esperem que estigueu tots molt b\u00e9.<\/p>\n<p>Escola Marqu\u00e8s de la Pobla<\/p>\n<p>&nbsp;<\/p>\n","protected":false},"excerpt":{"rendered":"<p>&nbsp; &nbsp; &nbsp; &nbsp; Benvolgudes fam\u00edlies: Ens informen des del Consell Comarcal de l&#8217;Anoia que s&#8217;inicia el pla\u00e7 de la convocat\u00f2ria pel proper curs 2020-2021 per rebre els ajuts individuals de menjador. Hi haur\u00e0 dos models: Model 1: Del dia 1 al 19 de juny inicialment per a alumnes que ja tenien sol\u00b7licitat l\u2019ajut del [&hellip;]<\/p>\n","protected":false},"author":1,"featured_media":0,"comment_status":"open","ping_status":"closed","sticky":false,"template":"","format":"standard","meta":{"_bbp_topic_count":0,"_bbp_reply_count":0,"_bbp_total_topic_count":0,"_bbp_total_reply_count":0,"_bbp_voice_count":0,"_bbp_anonymous_reply_count":0,"_bbp_topic_count_hidden":0,"_bbp_reply_count_hidden":0,"_bbp_forum_subforum_count":0,"site-sidebar-layout":"default","site-content-layout":"","ast-site-content-layout":"","site-content-style":"default","site-sidebar-style":"default","ast-global-header-display":"","ast-banner-title-visibility":"","ast-main-header-display":"","ast-hfb-above-header-display":"","ast-hfb-below-header-display":"","ast-hfb-mobile-header-display":"","site-post-title":"","ast-breadcrumbs-content":"","ast-featured-img":"","footer-sml-layout":"","theme-transparent-header-meta":"","adv-header-id-meta":"","stick-header-meta":"","header-above-stick-meta":"","header-main-stick-meta":"","header-below-stick-meta":"","astra-migrate-meta-layouts":"default","ast-page-background-enabled":"default","ast-page-background-meta":{"desktop":{"background-color":"var(--ast-global-color-5)","background-image":"","background-repeat":"repeat","background-position":"center center","background-size":"auto","background-attachment":"scroll","background-type":"","background-media":"","overlay-type":"","overlay-color":"","overlay-opacity":"","overlay-gradient":""},"tablet":{"background-color":"","background-image":"","background-repeat":"repeat","background-position":"center center","background-size":"auto","background-attachment":"scroll","background-type":"","background-media":"","overlay-type":"","overlay-color":"","overlay-opacity":"","overlay-gradient":""},"mobile":{"background-color":"","background-image":"","background-repeat":"repeat","background-position":"center center","background-size":"auto","background-attachment":"scroll","background-type":"","background-media":"","overlay-type":"","overlay-color":"","overlay-opacity":"","overlay-gradient":""}},"ast-content-background-meta":{"desktop":{"background-color":"var(--ast-global-color-4)","background-image":"","background-repeat":"repeat","background-position":"center center","background-size":"auto","background-attachment":"scroll","background-type":"","background-media":"","overlay-type":"","overlay-color":"","overlay-opacity":"","overlay-gradient":""},"tablet":{"background-color":"var(--ast-global-color-4)","background-image":"","background-repeat":"repeat","background-position":"center center","background-size":"auto","background-attachment":"scroll","background-type":"","background-media":"","overlay-type":"","overlay-color":"","overlay-opacity":"","overlay-gradient":""},"mobile":{"background-color":"var(--ast-global-color-4)","background-image":"","background-repeat":"repeat","background-position":"center center","background-size":"auto","background-attachment":"scroll","background-type":"","background-media":"","overlay-type":"","overlay-color":"","overlay-opacity":"","overlay-gradient":""}},"footnotes":""},"categories":[224,79],"tags":[],"class_list":["post-6668","post","type-post","status-publish","format-standard","hentry","category-historic","category-info"],"post_mailing_queue_ids":[],"_links":{"self":[{"href":"https:\/\/agora.xtec.cat\/escmarquesdelapobla\/wp-json\/wp\/v2\/posts\/6668","targetHints":{"allow":["GET"]}}],"collection":[{"href":"https:\/\/agora.xtec.cat\/escmarquesdelapobla\/wp-json\/wp\/v2\/posts"}],"about":[{"href":"https:\/\/agora.xtec.cat\/escmarquesdelapobla\/wp-json\/wp\/v2\/types\/post"}],"author":[{"embeddable":true,"href":"https:\/\/agora.xtec.cat\/escmarquesdelapobla\/wp-json\/wp\/v2\/users\/1"}],"replies":[{"embeddable":true,"href":"https:\/\/agora.xtec.cat\/escmarquesdelapobla\/wp-json\/wp\/v2\/comments?post=6668"}],"version-history":[{"count":4,"href":"https:\/\/agora.xtec.cat\/escmarquesdelapobla\/wp-json\/wp\/v2\/posts\/6668\/revisions"}],"predecessor-version":[{"id":6731,"href":"https:\/\/agora.xtec.cat\/escmarquesdelapobla\/wp-json\/wp\/v2\/posts\/6668\/revisions\/6731"}],"wp:attachment":[{"href":"https:\/\/agora.xtec.cat\/escmarquesdelapobla\/wp-json\/wp\/v2\/media?parent=6668"}],"wp:term":[{"taxonomy":"category","embeddable":true,"href":"https:\/\/agora.xtec.cat\/escmarquesdelapobla\/wp-json\/wp\/v2\/categories?post=6668"},{"taxonomy":"post_tag","embeddable":true,"href":"https:\/\/agora.xtec.cat\/escmarquesdelapobla\/wp-json\/wp\/v2\/tags?post=6668"}],"curies":[{"name":"wp","href":"https:\/\/api.w.org\/{rel}","templated":true}]}}