{"id":6394,"date":"2020-05-07T18:14:32","date_gmt":"2020-05-07T16:14:32","guid":{"rendered":"http:\/\/agora.xtec.cat\/escmarquesdelapobla\/?p=6394"},"modified":"2020-11-08T09:50:12","modified_gmt":"2020-11-08T08:50:12","slug":"informacio-preinscripcions-2020-21","status":"publish","type":"post","link":"https:\/\/agora.xtec.cat\/escmarquesdelapobla\/info\/informacio-preinscripcions-2020-21\/","title":{"rendered":"INFORMACI\u00d3 PREINSCRIPCIONS 2020-21"},"content":{"rendered":"<p>&nbsp;<\/p>\n<p><span style=\"color: #0000ff;\"><strong>QUAN PODEU FER LA PREINSCRIPCI\u00d3?<\/strong><\/span><\/p>\n<p>Seguint la normativa del Departament d&#8217;Educaci\u00f3, adaptada a la situaci\u00f3 actual, el proc\u00e9s de preinscripci\u00f3 per al curs 2020-21 s&#8217;iniciar\u00e0 el <strong><span style=\"color: #ff0000;\">dimecres 13 de maig fins el divendres\u00a0 22 de maig<\/span><\/strong>, .<\/p>\n<p><span style=\"color: #0000ff;\"><strong>COM LA PODREU FER?<\/strong><\/span><\/p>\n<p>Podeu fer-la <strong>PREFERENTMENT<\/strong> per via telem\u00e0tica, mitjan\u00e7ant\u00a0 aquest <a href=\"http:\/\/ensenyament.gencat.cat\/ca\/tramits\/tramits-temes\/20483_preinscripcio_escolar?moda=1\"><strong>enlla\u00e7<\/strong><\/a>. Per qualsevol problema o dubte amb l&#8217;aplicatiu, podeu contactar telef\u00f2nicament al centre en l&#8217;horari establert (laborables 9:30h a 13h i de 17h a 19h), o b\u00e9 pel mail <a href=\"mailto:a8015430@xtec.cat\">a8015430@xtec.cat<\/a><\/p>\n<p>En casos excepcionals, del\u00a0 dimarts 19 al divendres 22 de maig, es podr\u00e0 fer de manera presencial a l&#8217;escola, en horari concertat pr\u00e8viament a trav\u00e9s d&#8217;aquest<a href=\"https:\/\/aplicacions.gestioeducativa.gencat.cat\/pls\/apex\/f?p=CITA_PREVIA:4::::4:P4_TIPUS_CALENDARI,P4_DOMINI:01_Oblig,08015430\"> <b>aplicatiu <\/b><\/a>o pel <strong>tel\u00e8fon 938011109 (horari d&#8217;atenci\u00f3: laborables de 9:30 h a 13h, i de 17h a 19h). <\/strong>La preinscripci\u00f3 presencial s&#8217;haur\u00e0 de fer seguint totes les indicacions <a href=\"https:\/\/agora.xtec.cat\/escmarquesdelapobla\/wp-content\/uploads\/usu1682\/2020\/05\/normativ-acces-1.pdf\"><strong>d&#8217;acc\u00e9s al centre<\/strong><\/a>.\u00a0 Agrairem porteu la <a href=\"http:\/\/ensenyament.gencat.cat\/web\/shared\/OVT\/Departaments\/ENS\/TramitOVT\/preinscripcio\/obligatoris\/A42.pdf\"><strong>sol\u00b7licitud<\/strong> <\/a>emplenada i la <a href=\"https:\/\/agora.xtec.cat\/escmarquesdelapobla\/wp-content\/uploads\/usu1682\/2020\/05\/DOCUMENTQACIO-IDENTIFICATIVA.pdf\"><strong>documentaci\u00f3 necess\u00e0ria<\/strong><\/a>.<\/p>\n<p>En horari de tarda, podeu contactar amb l&#8217;<strong>Oficina Municipal\u00a0 d&#8217;Escolaritzaci\u00f3<\/strong> (OME) Biblioteca El Safareig de Capellades, de 16h a 19h, demanant cita pr\u00e8via al tel\u00e8fon 667716955 o b\u00e9 mitjan\u00e7ant el correu electr\u00f2nic a l\u2019adre\u00e7a <a href=\"mailto:xausfj@capellades.cat\">xausfj@capellades.cat<\/a>.<\/p>\n<p><span style=\"color: #0000ff;\"><strong>COM PODEU CONTACTAR AMB NOSALTRES?<\/strong><\/span><\/p>\n<p>Podeu<strong> contactar directament<\/strong> enviant un mail\u00a0 a <strong>a8015430@xtec.cat <\/strong>o al tel\u00e8fon <strong>938011109, <\/strong>dins l&#8217;horari d&#8217;atenci\u00f3 esmentat, per tenir informaci\u00f3 de l&#8217;escola i del proc\u00e9s de preinscripci\u00f3.<\/p>\n<p>Tamb\u00e9 podeu consultar la web del <a href=\"http:\/\/ensenyament.gencat.cat\/ca\/tramits\/tramits-temes\/20483_preinscripcio_escolar?moda=1\"><strong>Departament d&#8217;Educaci\u00f3<\/strong><\/a> o\u00a0 la <a href=\"http:\/\/www.capellades.cat\/actualitat\/noticies\/dimecres-comencen-les-preinscripcions-per-al-curs-vinent.html\"><strong>Oficina Municipal\u00a0 d&#8217;Escolaritzaci\u00f3<\/strong> <\/a>(OME) Biblioteca El Safareig de Capellades,<\/p>\n<p>&nbsp;<\/p>\n<p><span style=\"color: #0000ff;\"><strong>FITXA INFORMATIVA DEL CENTRE:\u00a0 <a href=\"https:\/\/agora.xtec.cat\/escmarquesdelapobla\/wp-content\/uploads\/usu1682\/2020\/05\/0-FITXA-INFORMATIVA-de-centre-2020-2021-1.pdf\">AQU\u00cd<\/a><\/strong><\/span><\/p>\n<p><span style=\"color: #0000ff;\"><strong>OFERTA INICIAL DE PLACES:\u00a0 <a href=\"http:\/\/mapaescolar.gencat.cat\/\">AQUI<\/a><\/strong><\/span><\/p>\n<p><span style=\"color: #0000ff;\"><strong>CALENDARI DEL PROC\u00c9S DE PREINSCRIPCI\u00d3: <a href=\"http:\/\/queestudiar.gencat.cat\/ca\/preinscripcio\/estudis\/obligatoris\/calendari\/\">AQU\u00cd.<\/a><\/strong><\/span><\/p>\n<p>&nbsp;<\/p>\n<p>ESTIGUEU PENDENTS D&#8217;AQUESTA P\u00c0GINA QUE S&#8217;ANIR\u00c0 ACTUALITZANT.<\/p>\n<p>Escola Marqu\u00e8s de la Pobla<\/p>\n<p style=\"text-align: center;\"><a href=\"https:\/\/agora.xtec.cat\/escmarquesdelapobla\/wp-content\/uploads\/usu1682\/2020\/05\/PEC-2019-20.pdf\">EL NOSTRE PROJECTE EDUCATIU<\/a><\/p>\n<p style=\"text-align: center;\"><span style=\"text-align: start;\">Mes informaci\u00f3<\/span><a href=\"https:\/\/agora.xtec.cat\/escmarquesdelapobla\/wp-content\/uploads\/usu1682\/2020\/05\/d%C3%ADptic-escola-a4.pdf\"><br \/>\n<img loading=\"lazy\" decoding=\"async\" class=\"aligncenter size-medium wp-image-6440\" src=\"https:\/\/agora.xtec.cat\/escmarquesdelapobla\/wp-content\/uploads\/usu1682\/2020\/05\/preinsc-233x300.jpg\" alt=\"\" width=\"233\" height=\"300\" srcset=\"https:\/\/agora.xtec.cat\/escmarquesdelapobla\/wp-content\/uploads\/usu1682\/2020\/05\/preinsc-233x300.jpg 233w, https:\/\/agora.xtec.cat\/escmarquesdelapobla\/wp-content\/uploads\/usu1682\/2020\/05\/preinsc.jpg 720w\" sizes=\"auto, (max-width: 233px) 100vw, 233px\" \/><\/a><\/p>\n","protected":false},"excerpt":{"rendered":"<p>&nbsp; QUAN PODEU FER LA PREINSCRIPCI\u00d3? Seguint la normativa del Departament d&#8217;Educaci\u00f3, adaptada a la situaci\u00f3 actual, el proc\u00e9s de preinscripci\u00f3 per al curs 2020-21 s&#8217;iniciar\u00e0 el dimecres 13 de maig fins el divendres\u00a0 22 de maig, . COM LA PODREU FER? Podeu fer-la PREFERENTMENT per via telem\u00e0tica, mitjan\u00e7ant\u00a0 aquest enlla\u00e7. Per qualsevol problema o [&hellip;]<\/p>\n","protected":false},"author":1,"featured_media":0,"comment_status":"open","ping_status":"closed","sticky":false,"template":"","format":"standard","meta":{"_bbp_topic_count":0,"_bbp_reply_count":0,"_bbp_total_topic_count":0,"_bbp_total_reply_count":0,"_bbp_voice_count":0,"_bbp_anonymous_reply_count":0,"_bbp_topic_count_hidden":0,"_bbp_reply_count_hidden":0,"_bbp_forum_subforum_count":0,"site-sidebar-layout":"default","site-content-layout":"","ast-site-content-layout":"","site-content-style":"default","site-sidebar-style":"default","ast-global-header-display":"","ast-banner-title-visibility":"","ast-main-header-display":"","ast-hfb-above-header-display":"","ast-hfb-below-header-display":"","ast-hfb-mobile-header-display":"","site-post-title":"","ast-breadcrumbs-content":"","ast-featured-img":"","footer-sml-layout":"","theme-transparent-header-meta":"","adv-header-id-meta":"","stick-header-meta":"","header-above-stick-meta":"","header-main-stick-meta":"","header-below-stick-meta":"","astra-migrate-meta-layouts":"default","ast-page-background-enabled":"default","ast-page-background-meta":{"desktop":{"background-color":"var(--ast-global-color-5)","background-image":"","background-repeat":"repeat","background-position":"center center","background-size":"auto","background-attachment":"scroll","background-type":"","background-media":"","overlay-type":"","overlay-color":"","overlay-opacity":"","overlay-gradient":""},"tablet":{"background-color":"","background-image":"","background-repeat":"repeat","background-position":"center center","background-size":"auto","background-attachment":"scroll","background-type":"","background-media":"","overlay-type":"","overlay-color":"","overlay-opacity":"","overlay-gradient":""},"mobile":{"background-color":"","background-image":"","background-repeat":"repeat","background-position":"center center","background-size":"auto","background-attachment":"scroll","background-type":"","background-media":"","overlay-type":"","overlay-color":"","overlay-opacity":"","overlay-gradient":""}},"ast-content-background-meta":{"desktop":{"background-color":"var(--ast-global-color-4)","background-image":"","background-repeat":"repeat","background-position":"center center","background-size":"auto","background-attachment":"scroll","background-type":"","background-media":"","overlay-type":"","overlay-color":"","overlay-opacity":"","overlay-gradient":""},"tablet":{"background-color":"var(--ast-global-color-4)","background-image":"","background-repeat":"repeat","background-position":"center center","background-size":"auto","background-attachment":"scroll","background-type":"","background-media":"","overlay-type":"","overlay-color":"","overlay-opacity":"","overlay-gradient":""},"mobile":{"background-color":"var(--ast-global-color-4)","background-image":"","background-repeat":"repeat","background-position":"center center","background-size":"auto","background-attachment":"scroll","background-type":"","background-media":"","overlay-type":"","overlay-color":"","overlay-opacity":"","overlay-gradient":""}},"footnotes":""},"categories":[224,79],"tags":[],"class_list":["post-6394","post","type-post","status-publish","format-standard","hentry","category-historic","category-info"],"post_mailing_queue_ids":[],"_links":{"self":[{"href":"https:\/\/agora.xtec.cat\/escmarquesdelapobla\/wp-json\/wp\/v2\/posts\/6394","targetHints":{"allow":["GET"]}}],"collection":[{"href":"https:\/\/agora.xtec.cat\/escmarquesdelapobla\/wp-json\/wp\/v2\/posts"}],"about":[{"href":"https:\/\/agora.xtec.cat\/escmarquesdelapobla\/wp-json\/wp\/v2\/types\/post"}],"author":[{"embeddable":true,"href":"https:\/\/agora.xtec.cat\/escmarquesdelapobla\/wp-json\/wp\/v2\/users\/1"}],"replies":[{"embeddable":true,"href":"https:\/\/agora.xtec.cat\/escmarquesdelapobla\/wp-json\/wp\/v2\/comments?post=6394"}],"version-history":[{"count":3,"href":"https:\/\/agora.xtec.cat\/escmarquesdelapobla\/wp-json\/wp\/v2\/posts\/6394\/revisions"}],"predecessor-version":[{"id":6554,"href":"https:\/\/agora.xtec.cat\/escmarquesdelapobla\/wp-json\/wp\/v2\/posts\/6394\/revisions\/6554"}],"wp:attachment":[{"href":"https:\/\/agora.xtec.cat\/escmarquesdelapobla\/wp-json\/wp\/v2\/media?parent=6394"}],"wp:term":[{"taxonomy":"category","embeddable":true,"href":"https:\/\/agora.xtec.cat\/escmarquesdelapobla\/wp-json\/wp\/v2\/categories?post=6394"},{"taxonomy":"post_tag","embeddable":true,"href":"https:\/\/agora.xtec.cat\/escmarquesdelapobla\/wp-json\/wp\/v2\/tags?post=6394"}],"curies":[{"name":"wp","href":"https:\/\/api.w.org\/{rel}","templated":true}]}}