{"id":5762,"date":"2020-03-12T15:03:00","date_gmt":"2020-03-12T14:03:00","guid":{"rendered":"http:\/\/agora.xtec.cat\/escmarquesdelapobla\/?p=5762"},"modified":"2020-11-08T09:57:06","modified_gmt":"2020-11-08T08:57:06","slug":"informacio-important-2","status":"publish","type":"post","link":"https:\/\/agora.xtec.cat\/escmarquesdelapobla\/info\/informacio-important-2\/","title":{"rendered":"INFORMACI\u00d3 IMPORTANT"},"content":{"rendered":"<p>Benvolgudes fam\u00edlies,<\/p>\n<p>S&#8217;ha decretat el tancament dels centres educatius durant 14 dies, per tant, a partir de dem\u00e0 divendres, dia 13\u00a0 <strong>NO POT VENIR CAP ALUMNE\/A al centre fins a proper av\u00eds.<\/strong><\/p>\n<p>Cal, per\u00f2, que:<\/p>\n<ol>\n<li>Estigueu molt atents de la p\u00e0gina web de l&#8217;escola\u00a0 i de\u00a0 <a href=\"http:\/\/www.capellades.cat\/actualitat\/noticies\/\">l&#8217;ajuntament<\/a><\/li>\n<li>Estigueu al cas del correu electr\u00f2nic de l&#8217;escola:\u00a0 \u00a0a8015430@xtec.cat.<\/li>\n<li>Us demanem que entengueu la situaci\u00f3 excepcional i extremeu les mesures de prevenci\u00f3 determinades des del <a href=\"http:\/\/salutweb.gencat.cat\/ca\/inici\/\">Departament de Salut<\/a> i del <a href=\"http:\/\/ensenyament.gencat.cat\/ca\/actualitat\/coronavirus\/\">Departament d<\/a>&#8216;<a href=\"http:\/\/ensenyament.gencat.cat\/ca\/actualitat\/coronavirus\/\">Educaci\u00f3<\/a><\/li>\n<\/ol>\n<p>Us anirem informant a mesura que hi hagi canvis.<\/p>\n<p>Moltes gr\u00e0cies per la vostra comprensi\u00f3,<\/p>\n<p>Equip Directiu<\/p>\n<div class=\"addtoany_share_save_container addtoany_content_bottom\">\n<div class=\"a2a_kit a2a_kit_size_25 addtoany_list\" data-a2a-url=\"https:\/\/agora.xtec.cat\/insbadiaimargarit\/portada\/tancament-del-centre-actualitzat-dimecres-11-03-2020-a-les-22-30h\/\" data-a2a-title=\"TANCAMENT DEL CENTRE. Actualitzat dimecres 11\/03\/2020 a les 22.30h\"><\/div>\n<\/div>\n","protected":false},"excerpt":{"rendered":"<p>Benvolgudes fam\u00edlies, S&#8217;ha decretat el tancament dels centres educatius durant 14 dies, per tant, a partir de dem\u00e0 divendres, dia 13\u00a0 NO POT VENIR CAP ALUMNE\/A al centre fins a proper av\u00eds. Cal, per\u00f2, que: Estigueu molt atents de la p\u00e0gina web de l&#8217;escola\u00a0 i de\u00a0 l&#8217;ajuntament Estigueu al cas del correu electr\u00f2nic de l&#8217;escola:\u00a0 [&hellip;]<\/p>\n","protected":false},"author":1,"featured_media":0,"comment_status":"open","ping_status":"closed","sticky":false,"template":"","format":"standard","meta":{"_bbp_topic_count":0,"_bbp_reply_count":0,"_bbp_total_topic_count":0,"_bbp_total_reply_count":0,"_bbp_voice_count":0,"_bbp_anonymous_reply_count":0,"_bbp_topic_count_hidden":0,"_bbp_reply_count_hidden":0,"_bbp_forum_subforum_count":0,"site-sidebar-layout":"default","site-content-layout":"","ast-site-content-layout":"","site-content-style":"default","site-sidebar-style":"default","ast-global-header-display":"","ast-banner-title-visibility":"","ast-main-header-display":"","ast-hfb-above-header-display":"","ast-hfb-below-header-display":"","ast-hfb-mobile-header-display":"","site-post-title":"","ast-breadcrumbs-content":"","ast-featured-img":"","footer-sml-layout":"","theme-transparent-header-meta":"","adv-header-id-meta":"","stick-header-meta":"","header-above-stick-meta":"","header-main-stick-meta":"","header-below-stick-meta":"","astra-migrate-meta-layouts":"default","ast-page-background-enabled":"default","ast-page-background-meta":{"desktop":{"background-color":"var(--ast-global-color-5)","background-image":"","background-repeat":"repeat","background-position":"center center","background-size":"auto","background-attachment":"scroll","background-type":"","background-media":"","overlay-type":"","overlay-color":"","overlay-opacity":"","overlay-gradient":""},"tablet":{"background-color":"","background-image":"","background-repeat":"repeat","background-position":"center center","background-size":"auto","background-attachment":"scroll","background-type":"","background-media":"","overlay-type":"","overlay-color":"","overlay-opacity":"","overlay-gradient":""},"mobile":{"background-color":"","background-image":"","background-repeat":"repeat","background-position":"center center","background-size":"auto","background-attachment":"scroll","background-type":"","background-media":"","overlay-type":"","overlay-color":"","overlay-opacity":"","overlay-gradient":""}},"ast-content-background-meta":{"desktop":{"background-color":"var(--ast-global-color-4)","background-image":"","background-repeat":"repeat","background-position":"center center","background-size":"auto","background-attachment":"scroll","background-type":"","background-media":"","overlay-type":"","overlay-color":"","overlay-opacity":"","overlay-gradient":""},"tablet":{"background-color":"var(--ast-global-color-4)","background-image":"","background-repeat":"repeat","background-position":"center center","background-size":"auto","background-attachment":"scroll","background-type":"","background-media":"","overlay-type":"","overlay-color":"","overlay-opacity":"","overlay-gradient":""},"mobile":{"background-color":"var(--ast-global-color-4)","background-image":"","background-repeat":"repeat","background-position":"center center","background-size":"auto","background-attachment":"scroll","background-type":"","background-media":"","overlay-type":"","overlay-color":"","overlay-opacity":"","overlay-gradient":""}},"footnotes":""},"categories":[224,79],"tags":[],"class_list":["post-5762","post","type-post","status-publish","format-standard","hentry","category-historic","category-info"],"post_mailing_queue_ids":[],"_links":{"self":[{"href":"https:\/\/agora.xtec.cat\/escmarquesdelapobla\/wp-json\/wp\/v2\/posts\/5762","targetHints":{"allow":["GET"]}}],"collection":[{"href":"https:\/\/agora.xtec.cat\/escmarquesdelapobla\/wp-json\/wp\/v2\/posts"}],"about":[{"href":"https:\/\/agora.xtec.cat\/escmarquesdelapobla\/wp-json\/wp\/v2\/types\/post"}],"author":[{"embeddable":true,"href":"https:\/\/agora.xtec.cat\/escmarquesdelapobla\/wp-json\/wp\/v2\/users\/1"}],"replies":[{"embeddable":true,"href":"https:\/\/agora.xtec.cat\/escmarquesdelapobla\/wp-json\/wp\/v2\/comments?post=5762"}],"version-history":[{"count":3,"href":"https:\/\/agora.xtec.cat\/escmarquesdelapobla\/wp-json\/wp\/v2\/posts\/5762\/revisions"}],"predecessor-version":[{"id":5879,"href":"https:\/\/agora.xtec.cat\/escmarquesdelapobla\/wp-json\/wp\/v2\/posts\/5762\/revisions\/5879"}],"wp:attachment":[{"href":"https:\/\/agora.xtec.cat\/escmarquesdelapobla\/wp-json\/wp\/v2\/media?parent=5762"}],"wp:term":[{"taxonomy":"category","embeddable":true,"href":"https:\/\/agora.xtec.cat\/escmarquesdelapobla\/wp-json\/wp\/v2\/categories?post=5762"},{"taxonomy":"post_tag","embeddable":true,"href":"https:\/\/agora.xtec.cat\/escmarquesdelapobla\/wp-json\/wp\/v2\/tags?post=5762"}],"curies":[{"name":"wp","href":"https:\/\/api.w.org\/{rel}","templated":true}]}}