{"id":5543,"date":"2020-01-23T13:18:27","date_gmt":"2020-01-23T12:18:27","guid":{"rendered":"http:\/\/agora.xtec.cat\/escmarquesdelapobla\/?p=5543"},"modified":"2020-11-08T10:02:29","modified_gmt":"2020-11-08T09:02:29","slug":"aprenem-a-mirar","status":"publish","type":"post","link":"https:\/\/agora.xtec.cat\/escmarquesdelapobla\/superior\/p5\/aprenem-a-mirar\/","title":{"rendered":"Aprenem a mirar"},"content":{"rendered":"<p style=\"text-align: justify;\">Aquest passat dimecres, dia 22, els alumnes de 5\u00e8 B hem gaudit del primer taller d&#8217;art que tindrem aquest trimestre per estimular la capacitat de percepci\u00f3, experimentar i jugar amb el dibuix i el volum. A trav\u00e9s dels exercicis col\u00b7laboratius i de descoberta dotarem d&#8217;eines senzilles des de l&#8217;enfoc pr\u00e0ctic de l&#8217;artista. En les diferents sessions treballarem l&#8217;\u00fas del llapis, carbonet, pastels, tinta xina, pigments, fang i altres t\u00e8cniques.<\/p>\n<p>En la 1a sessi\u00f3 vam descobrir un ventall de possibilitats i vam trencar esquemes per poder dibuixar a partir de la l\u00ednia des del contorn, des de l&#8217;interior, des del dibuix del positiu i el negatiu, del rev\u00e9s i fins i tot ens vam dibuixar les nostres cares!<\/p>\n<p>Ens ho vam passar genial i ja esperem la seg\u00fcent sessi\u00f3!<\/p>\n<p><a href=\"https:\/\/photos.app.goo.gl\/3pPqcJcJcq94GHoz5\"><img loading=\"lazy\" decoding=\"async\" class=\"alignnone size-large\" src=\"https:\/\/lh3.googleusercontent.com\/60cM-OcZFtrOvU8OMPd9JrSo70dTbyEIE0A2oiOFpgnii68t98B36FIMWJlRKb52HmTu0e2vCPJbJC3H4ohfgce_OkdZRD8i-VHLpEZlZSdxj_VPGWrcR-JB-KbxMlNAfBkr4H8jSh_gOlPfeIzx_44zEOrzSscHTQfTcnvRvVOaR-L_nHbOd1khld5gdW99RwSh_YUjdD2RrvAwtSVWR722op-khPdSeDVp-eAB6K6iQg0zpOFqnsVMyzDx0mM-q3kVm2e0cA40wUMfTt7zG3l-Lr-YXnaNCHEY2pDcjel3lyqPCx1f_zEaFQsATkR4GBdgjmruWUWZezb2eTiDUbIu0HPPYpf_agHa0eWcdjLGDd-zm0o0tjrv81vXbbXBc6BnBP9D1JWgeEkfWMdUElCXuV6358h5S54oIfdf1gXiLdfEKXpZfKOHkk_4us7aobQhU0EytM3rJGwh2QP1J00-MLpQeGSBsTu-xrG4GXORH5Z3sNXIaSHYTquOYVe2m43iTN9jec24-Q09klg9IBIvRS3QXith2fMogMj3WiVnqUi1wmFwXF-PM5H1VBKwPEnVcCJQI0vvnK-auG1cSRYxK3dOSiHdFYf3XRjNoXaP2JdGks58vsfmdki0ufhOXpAFOBh-QI6poo-wSq4fTjS9KwcOJs1UGgsXJCKFRUna82zYlY_c_dtb=w1280-h720-no\" width=\"1280\" height=\"720\" \/><\/a><\/p>\n","protected":false},"excerpt":{"rendered":"<p>Aquest passat dimecres, dia 22, els alumnes de 5\u00e8 B hem gaudit del primer taller d&#8217;art que tindrem aquest trimestre per estimular la capacitat de percepci\u00f3, experimentar i jugar amb el dibuix i el volum. A trav\u00e9s dels exercicis col\u00b7laboratius i de descoberta dotarem d&#8217;eines senzilles des de l&#8217;enfoc pr\u00e0ctic de l&#8217;artista. En les diferents [&hellip;]<\/p>\n","protected":false},"author":1,"featured_media":5544,"comment_status":"open","ping_status":"closed","sticky":false,"template":"","format":"standard","meta":{"_bbp_topic_count":0,"_bbp_reply_count":0,"_bbp_total_topic_count":0,"_bbp_total_reply_count":0,"_bbp_voice_count":0,"_bbp_anonymous_reply_count":0,"_bbp_topic_count_hidden":0,"_bbp_reply_count_hidden":0,"_bbp_forum_subforum_count":0,"site-sidebar-layout":"default","site-content-layout":"","ast-site-content-layout":"","site-content-style":"default","site-sidebar-style":"default","ast-global-header-display":"","ast-banner-title-visibility":"","ast-main-header-display":"","ast-hfb-above-header-display":"","ast-hfb-below-header-display":"","ast-hfb-mobile-header-display":"","site-post-title":"","ast-breadcrumbs-content":"","ast-featured-img":"","footer-sml-layout":"","theme-transparent-header-meta":"","adv-header-id-meta":"","stick-header-meta":"","header-above-stick-meta":"","header-main-stick-meta":"","header-below-stick-meta":"","astra-migrate-meta-layouts":"default","ast-page-background-enabled":"default","ast-page-background-meta":{"desktop":{"background-color":"var(--ast-global-color-5)","background-image":"","background-repeat":"repeat","background-position":"center center","background-size":"auto","background-attachment":"scroll","background-type":"","background-media":"","overlay-type":"","overlay-color":"","overlay-opacity":"","overlay-gradient":""},"tablet":{"background-color":"","background-image":"","background-repeat":"repeat","background-position":"center center","background-size":"auto","background-attachment":"scroll","background-type":"","background-media":"","overlay-type":"","overlay-color":"","overlay-opacity":"","overlay-gradient":""},"mobile":{"background-color":"","background-image":"","background-repeat":"repeat","background-position":"center center","background-size":"auto","background-attachment":"scroll","background-type":"","background-media":"","overlay-type":"","overlay-color":"","overlay-opacity":"","overlay-gradient":""}},"ast-content-background-meta":{"desktop":{"background-color":"var(--ast-global-color-4)","background-image":"","background-repeat":"repeat","background-position":"center center","background-size":"auto","background-attachment":"scroll","background-type":"","background-media":"","overlay-type":"","overlay-color":"","overlay-opacity":"","overlay-gradient":""},"tablet":{"background-color":"var(--ast-global-color-4)","background-image":"","background-repeat":"repeat","background-position":"center center","background-size":"auto","background-attachment":"scroll","background-type":"","background-media":"","overlay-type":"","overlay-color":"","overlay-opacity":"","overlay-gradient":""},"mobile":{"background-color":"var(--ast-global-color-4)","background-image":"","background-repeat":"repeat","background-position":"center center","background-size":"auto","background-attachment":"scroll","background-type":"","background-media":"","overlay-type":"","overlay-color":"","overlay-opacity":"","overlay-gradient":""}},"footnotes":""},"categories":[224,79,80,14],"tags":[],"class_list":["post-5543","post","type-post","status-publish","format-standard","has-post-thumbnail","hentry","category-historic","category-info","category-escola","category-p5"],"post_mailing_queue_ids":[],"_links":{"self":[{"href":"https:\/\/agora.xtec.cat\/escmarquesdelapobla\/wp-json\/wp\/v2\/posts\/5543","targetHints":{"allow":["GET"]}}],"collection":[{"href":"https:\/\/agora.xtec.cat\/escmarquesdelapobla\/wp-json\/wp\/v2\/posts"}],"about":[{"href":"https:\/\/agora.xtec.cat\/escmarquesdelapobla\/wp-json\/wp\/v2\/types\/post"}],"author":[{"embeddable":true,"href":"https:\/\/agora.xtec.cat\/escmarquesdelapobla\/wp-json\/wp\/v2\/users\/1"}],"replies":[{"embeddable":true,"href":"https:\/\/agora.xtec.cat\/escmarquesdelapobla\/wp-json\/wp\/v2\/comments?post=5543"}],"version-history":[{"count":2,"href":"https:\/\/agora.xtec.cat\/escmarquesdelapobla\/wp-json\/wp\/v2\/posts\/5543\/revisions"}],"predecessor-version":[{"id":5546,"href":"https:\/\/agora.xtec.cat\/escmarquesdelapobla\/wp-json\/wp\/v2\/posts\/5543\/revisions\/5546"}],"wp:featuredmedia":[{"embeddable":true,"href":"https:\/\/agora.xtec.cat\/escmarquesdelapobla\/wp-json\/wp\/v2\/media\/5544"}],"wp:attachment":[{"href":"https:\/\/agora.xtec.cat\/escmarquesdelapobla\/wp-json\/wp\/v2\/media?parent=5543"}],"wp:term":[{"taxonomy":"category","embeddable":true,"href":"https:\/\/agora.xtec.cat\/escmarquesdelapobla\/wp-json\/wp\/v2\/categories?post=5543"},{"taxonomy":"post_tag","embeddable":true,"href":"https:\/\/agora.xtec.cat\/escmarquesdelapobla\/wp-json\/wp\/v2\/tags?post=5543"}],"curies":[{"name":"wp","href":"https:\/\/api.w.org\/{rel}","templated":true}]}}