{"id":5538,"date":"2020-01-16T13:32:45","date_gmt":"2020-01-16T12:32:45","guid":{"rendered":"http:\/\/agora.xtec.cat\/escmarquesdelapobla\/?p=5538"},"modified":"2020-11-08T10:02:43","modified_gmt":"2020-11-08T09:02:43","slug":"a-3r-hem-celebrat-aixi-les-festes","status":"publish","type":"post","link":"https:\/\/agora.xtec.cat\/escmarquesdelapobla\/celebracions\/a-3r-hem-celebrat-aixi-les-festes\/","title":{"rendered":"A 3r HEM CELEBRAT AIX\u00cd LES FESTES!!!"},"content":{"rendered":"<p>Abans d\u2019acabar el 1r trimestre vam organitzar un taller de torrons de xocolata on alumnes, mestres, pares, mares, avis, \u00e0vies, tiets o tietes ens van venir a ajudar. Vam passar una bona estona tots junts al menjador de l\u2019escola on vam anar remenant i cuinant els nostres torrons. Quan ja estaven fets els vam posar a la nevera de la cuina de l\u2019escola i per acabar el mat\u00ed ens els vam menjar. Ens van sortir bon\u00edssims!!! Gr\u00e0cies fam\u00edlies per venir-nos a acompanyar i a ajudar!!!<br \/>\n<a href=\"https:\/\/photos.app.goo.gl\/heUR9J7xYQmkELw9A\"><img loading=\"lazy\" decoding=\"async\" class=\"alignnone size-large\" src=\"https:\/\/lh3.googleusercontent.com\/FF8frh6GpAh3l50OJFEeHHCDLC3xgtFN5CO7Ry-QwZSJsOr_t8s_wDHQ7gnrc7YziP2KRwUxml_w0gxVpVtT_Dps-jnXcYcg3g4gk97BOOzj8TeUW257TNcP_QzxFmEY9GTKeSmleO-NMBc1oM_frJCGHhSdgjkJfXE0Sy-vq1tLO2Znwm-0FG2ykzqS569WNgFSd1ToJHPfuEY-aGw0wG3ze-UboJiPlzhkhyX0wgREeCsAId4ghgAW7oPqu00WPT78xlELDzVwVODjK2zY4d0eBvna7YC5Eda_7wkKGd6ERqrROP_lODW6QyJBmaTw88balEpRM4nVzXh6kcFw5W2oiwTgE5AnH26OoTubTEAHOuzNfhDcWbtynZv0DdeqwVK-FxIom6vpmRurGs5YYH_Q-hi8MhmEin_p8oJV80e89srpie7g1UarQ6ulkoo7zlAAdTcIait_w1y7B6jXB6HOFXhEVEfb-cVqsF4V3GJcShic8zsarFQL-IXrH-lDEgPXiERS5EkKVqZF4HWH1xXr9vV4YfwLoKVq7XSGl6InJIxwi7gQq-ZmFMrPw2C0jrI0ZN-_e4lPTrzmX8--VxzEt_Psamv-1M3ojQSXU60sJrqWssVhQPz5kxsrMPq8MXLPYP1sCr7I9wFtPivqsy5Bi4_kqJxpbwNM_ekcFxw4cE7cxCs0YRqxXHtNVvCSZBUVdCTbDiSG5Bv0b4f-Md9XtAqZ8RaFQVNLM4VeCKxHVZv-hA=w1214-h910-no\" width=\"1214\" height=\"910\" \/><\/a><br \/>\nL\u2019endem\u00e0 vam fer un concert de nadales davant els nostres companys de Prim\u00e0ria on ens vam desitjar unes bones festes i seguidament vam fer un pica-pica saludable per esmorzar.<br \/>\n<a href=\"https:\/\/photos.app.goo.gl\/vqczhjPLjsaWNJiV7\"><img loading=\"lazy\" decoding=\"async\" class=\"alignnone size-large\" src=\"https:\/\/lh3.googleusercontent.com\/jnnikRz-Rjz6yG1dsT5YvGEVzyr4Bg9btqiQxcRHmWhNHK9IvOt6cUl8n3_q0PKO8qVN2l8h2H3z1YDHzMFzVCdQCFdy2KtiRNMRCuTPR9X59lv7ys4iWbIQGwNoTZLLvYlRcrqqDc7c1byKimAgA1HsU8l147Vh00ZAd6t3ijddW1FGnMrXiUndE6aFnoqU37-G4O3ESlYa13lghWDWInyRJiY8fw3BotRHF_BjywBpPFDaBcAyNZ9aLSrjqaFmJlCR6diex0scx5IY8MeU4FIihH2gpJzXTHFpiNCSPDc2wrUHHWJH8cTm_NczV8fHqGNiuwMg-oHiZaqnRUUczUaMDeK0YrwqVBEkeANVQf5EIHFgw0kwUKXBZyIfuGXPUF197B2XO3JKKjouYgdmqavT9H6qc_Rh8ocw5UZz9mlv-mI9eBlPqAGs9OxzJV8pkIvXNHyRPwqeo7lywntkYxlnnLfHpSRLpW-CIB3LPdFb5q3CGIHSlQrKaEgnZKZORP9pyr5L5xq9ANe90cutyLpSGfdDAXDEMZzGbgcJc-tWlJA0EnT_0BzZkerYNwy7gtmhTG4CLW9cYNvESv083P8dbewUfCaRpT6TaXP5yGtukfNONKsrGdcNLcYbFbq39CI3Su6OpFupM6lp8NOdtjv7vqeB3Ly1Ju9-i0R0b4xn2SuF9YInUuAH=w683-h910-no\" width=\"682\" height=\"910\" \/><\/a><br \/>\nEl primer dia que vam tornar a l\u2019escola despr\u00e9s de les festes vam trobar, a la biblioteca, uns quants regals que ens havien deixat els Reis Mags per 3r. Els vam obrir i ens van encantar!!! Un joc de lego per cada classe i uns quants jocs de taula per poder compartir a l\u2019hora de racons. Vam estar molt contents!!!<br \/>\n<a href=\"https:\/\/photos.app.goo.gl\/CBmmAQ5WWT4MjmqQ8\"><img loading=\"lazy\" decoding=\"async\" class=\"alignnone size-large\" src=\"https:\/\/lh3.googleusercontent.com\/mkrcjg_7o4OOnrdWK6dJ8aJcmkDSsPuGQhXKQxkMxu_tyGdEn9xF2nm7jCI1rOKf3b4WXxljcmZkOfZdAPZUKJzTKqZD40csXEHDHctPwR7ko0cZBTzjuILzqjiNwKE1bokNPhIK5KgB3P-oNolSUuyVvm7_9ncyZmYQ_JxfZc4YbyyXSJ_rghGYNwAZ7HxMk5SatUOzZ8flx1tzWzzB2EMEhKz8y90KR3nXFsL5exl0x0Po8vQXhlKFuKnj80quXy9TnRn0GbgmdHdX3C0uWnORNCCS5MwirOOTbXIz-wxOXRbT9mYPssenXSO5qbmcjraoFqOP5wV5T1V0B4AygnioG2drf5jGY3ZJQD_1Xn8O7jvSWhyVOE4Gt2i5xgMCMJfBIz1XaoPpjtJ3rW4liNeDkmhfGdIiPIIDJ20IkERb5p4SgNz5eYFj6qycApmdTve0P7rWp2XfTfe72ljyuImuZnRMffztajUZFTQD4EXHiFFZE1CoswLAky6Ds4q0m14l4wdXj6AQzOABIuTMw1P8CxCr8q3TdGTohnWiaqR-Rra37UfCj_etxCa8LbgDsYTCveVObw7FCnYh73y7hsWPOWMeDn2upBlXqic85WQfoUhNQoH7Ibh0atJta5wPhIujsia4d__7qeO5QsybPGt9g8v9WrqaPqDiu7IO4sbKmZbSAr1yE_DK=w1214-h910-no\" width=\"1214\" height=\"910\" \/><\/a><br \/>\nI per \u00faltim, divendres a la tarda vam poder portar una joguina de casa per compartir-la amb els nostres companys de la classe. Va ser una tarda&#8230; genial!!!<br \/>\n<a href=\"https:\/\/photos.app.goo.gl\/dCkKauqbLG1J5ACW6\"><img loading=\"lazy\" decoding=\"async\" class=\"alignnone size-large\" src=\"https:\/\/lh3.googleusercontent.com\/JOOmRJSfss_MbzII1-j7kITNYzTF0b2r5sWxaausnCQ_zQbQKR8AzbyEvcZIC_uWambcg7cM69Tq20XT9JRMZrLnqK4gElNXH6jl7au3b0BR_pPs1Swp3LoGIkPQH6q7hfFxbBwp4LM_H5wIOxD-eOfVtnAxvVpqfW-Gvm5jkuhUD7cGTKeuNNzkmWu5iaOfD-ga162rv2Mxdq7_GzaGITk3avrDN8Bs0an2-yF0ferLbILfvwoMfeMNM_vP8tNS40WWEGrQoZRnr32_-S7auko793qAuIaRMXM05xHXLgQ4-ze9XuROW7rwAymWjIHFOd0FR2yH5K2VVPZmKQwdkjneiebrU3XLs-j2jbHi-T5eIJuE1kpkyuvl_Hx_mi_zuwDejA4YdonEHfuDbfDq5asYnGw5xSlgOdBOSGZLbq_neVGXYKB83175cxzoBXIQKT_6fg_GoxxMQGoNOMWJKMz1Uk64p5KkRThJ1NtPNMSW0mXGlTNKJJxGu5WsH4Ndvj4qWBSSVBpJjOExtGE6BKVjgSc4n2rWgCh-kjaT_hzKcWeM5UxsLHhWI-ryhvkbNxqKFpQ9KhXWd59ZtEfZiiERJDh1MIBLa6lgynBaI_r4s52x3fIUa_hQDsKz3BekThnZwhocb07nSHrePnvIR9-pk1JPht67yb4lWxwnz-NmjeM9wJ-9OoRq=w1214-h910-no\" width=\"1214\" height=\"910\" \/><\/a><\/p>\n","protected":false},"excerpt":{"rendered":"<p>Abans d\u2019acabar el 1r trimestre vam organitzar un taller de torrons de xocolata on alumnes, mestres, pares, mares, avis, \u00e0vies, tiets o tietes ens van venir a ajudar. Vam passar una bona estona tots junts al menjador de l\u2019escola on vam anar remenant i cuinant els nostres torrons. Quan ja estaven fets els vam posar [&hellip;]<\/p>\n","protected":false},"author":1,"featured_media":0,"comment_status":"open","ping_status":"closed","sticky":false,"template":"","format":"standard","meta":{"_bbp_topic_count":0,"_bbp_reply_count":0,"_bbp_total_topic_count":0,"_bbp_total_reply_count":0,"_bbp_voice_count":0,"_bbp_anonymous_reply_count":0,"_bbp_topic_count_hidden":0,"_bbp_reply_count_hidden":0,"_bbp_forum_subforum_count":0,"site-sidebar-layout":"default","site-content-layout":"","ast-site-content-layout":"","site-content-style":"default","site-sidebar-style":"default","ast-global-header-display":"","ast-banner-title-visibility":"","ast-main-header-display":"","ast-hfb-above-header-display":"","ast-hfb-below-header-display":"","ast-hfb-mobile-header-display":"","site-post-title":"","ast-breadcrumbs-content":"","ast-featured-img":"","footer-sml-layout":"","theme-transparent-header-meta":"","adv-header-id-meta":"","stick-header-meta":"","header-above-stick-meta":"","header-main-stick-meta":"","header-below-stick-meta":"","astra-migrate-meta-layouts":"default","ast-page-background-enabled":"default","ast-page-background-meta":{"desktop":{"background-color":"var(--ast-global-color-5)","background-image":"","background-repeat":"repeat","background-position":"center center","background-size":"auto","background-attachment":"scroll","background-type":"","background-media":"","overlay-type":"","overlay-color":"","overlay-opacity":"","overlay-gradient":""},"tablet":{"background-color":"","background-image":"","background-repeat":"repeat","background-position":"center center","background-size":"auto","background-attachment":"scroll","background-type":"","background-media":"","overlay-type":"","overlay-color":"","overlay-opacity":"","overlay-gradient":""},"mobile":{"background-color":"","background-image":"","background-repeat":"repeat","background-position":"center center","background-size":"auto","background-attachment":"scroll","background-type":"","background-media":"","overlay-type":"","overlay-color":"","overlay-opacity":"","overlay-gradient":""}},"ast-content-background-meta":{"desktop":{"background-color":"var(--ast-global-color-4)","background-image":"","background-repeat":"repeat","background-position":"center center","background-size":"auto","background-attachment":"scroll","background-type":"","background-media":"","overlay-type":"","overlay-color":"","overlay-opacity":"","overlay-gradient":""},"tablet":{"background-color":"var(--ast-global-color-4)","background-image":"","background-repeat":"repeat","background-position":"center center","background-size":"auto","background-attachment":"scroll","background-type":"","background-media":"","overlay-type":"","overlay-color":"","overlay-opacity":"","overlay-gradient":""},"mobile":{"background-color":"var(--ast-global-color-4)","background-image":"","background-repeat":"repeat","background-position":"center center","background-size":"auto","background-attachment":"scroll","background-type":"","background-media":"","overlay-type":"","overlay-color":"","overlay-opacity":"","overlay-gradient":""}},"footnotes":""},"categories":[55,65,224,114],"tags":[],"class_list":["post-5538","post","type-post","status-publish","format-standard","hentry","category-celebracions","category-mitja","category-historic","category-nadal"],"post_mailing_queue_ids":[],"_links":{"self":[{"href":"https:\/\/agora.xtec.cat\/escmarquesdelapobla\/wp-json\/wp\/v2\/posts\/5538","targetHints":{"allow":["GET"]}}],"collection":[{"href":"https:\/\/agora.xtec.cat\/escmarquesdelapobla\/wp-json\/wp\/v2\/posts"}],"about":[{"href":"https:\/\/agora.xtec.cat\/escmarquesdelapobla\/wp-json\/wp\/v2\/types\/post"}],"author":[{"embeddable":true,"href":"https:\/\/agora.xtec.cat\/escmarquesdelapobla\/wp-json\/wp\/v2\/users\/1"}],"replies":[{"embeddable":true,"href":"https:\/\/agora.xtec.cat\/escmarquesdelapobla\/wp-json\/wp\/v2\/comments?post=5538"}],"version-history":[{"count":2,"href":"https:\/\/agora.xtec.cat\/escmarquesdelapobla\/wp-json\/wp\/v2\/posts\/5538\/revisions"}],"predecessor-version":[{"id":8048,"href":"https:\/\/agora.xtec.cat\/escmarquesdelapobla\/wp-json\/wp\/v2\/posts\/5538\/revisions\/8048"}],"wp:attachment":[{"href":"https:\/\/agora.xtec.cat\/escmarquesdelapobla\/wp-json\/wp\/v2\/media?parent=5538"}],"wp:term":[{"taxonomy":"category","embeddable":true,"href":"https:\/\/agora.xtec.cat\/escmarquesdelapobla\/wp-json\/wp\/v2\/categories?post=5538"},{"taxonomy":"post_tag","embeddable":true,"href":"https:\/\/agora.xtec.cat\/escmarquesdelapobla\/wp-json\/wp\/v2\/tags?post=5538"}],"curies":[{"name":"wp","href":"https:\/\/api.w.org\/{rel}","templated":true}]}}