{"id":5458,"date":"2019-12-19T12:48:00","date_gmt":"2019-12-19T11:48:00","guid":{"rendered":"http:\/\/agora.xtec.cat\/escmarquesdelapobla\/?p=5458"},"modified":"2020-11-08T10:03:40","modified_gmt":"2020-11-08T09:03:40","slug":"felicitem-el-nadal-tot-cantant","status":"publish","type":"post","link":"https:\/\/agora.xtec.cat\/escmarquesdelapobla\/infantil\/felicitem-el-nadal-tot-cantant\/","title":{"rendered":"FELICITEM EL NADAL TOT CANTANT!"},"content":{"rendered":"<p style=\"text-align: center;\">Us\u00a0 desitgem unes bones festes amb les nadales que tots els nens i nenes han preparat i us han cantat aquesta tarda, com ja \u00e9s tradici\u00f3 de l&#8217;escola<span style=\"font-family: inherit; font-size: 1em;\">.<\/span><\/p>\n<p style=\"text-align: center;\">Aqu\u00ed teniu les imatges!<\/p>\n<h3 style=\"text-align: center;\">BONES FESTES I UN BON ANY NOU 2020!!!<\/h3>\n<p style=\"text-align: center;\">L&#8217;EQUIP DOCENT DE L&#8217;ESCOLA MARQU\u00c8S DE LA POBLA<\/p>\n<p><a href=\"https:\/\/photos.app.goo.gl\/hYwqpt7DyAXwp68E7\"><img loading=\"lazy\" decoding=\"async\" class=\"alignnone size-large\" src=\"https:\/\/lh3.googleusercontent.com\/FLz-ZO0klh7DmiMVpYWSmTH8pkg4aRUo4AJo_Tw_OP4hkrwExw1VB5LCbj7lZ35h5i-v10wy9q0BeoN2tJ_w1GZBbcqL6aUoKuwzCLy1nk7oCBbvrHcWxFskTZnREQY-J-uiVFwfnTYCBiXXodEOW4gFizSl7_MLSuPy91meD8420SSWEWLuJg73snNzvHIeowZvE2Yodd_zxodOB0AZ45qbS1aPdTtKqiq-E0JnIssE83hFKTuB87kPcCLV5tpUVMXAVfCd-7pa5d6hO4Pgo9mlfEeqXctNJhFpWobnOt8KRoxCNKgusPW53AEFnhKijrHgLkTPo6Z27sgv1dF6oI01Nnt9gXmvnBubkaIHSSU_fvzT0a4L9cfBLGpUM5ln8TOiHR7Vr1wpLuVUU2P3Y9dF9aMhN4uyTKcv4mtim0S_0_twxROnQ3Ml3fxbarepmhcq4f1fDsW1d7uEgTAPo52D27tfeqY_yyibCEyv6NnJyDc4JUKeLkjCQ8vFI2fKdygTFApARgudSfoLFCZQUl6SS3jnCJ-UIu9Ga7zrOWPojII-UstvfG7yxFVyDD_sg_FheJ5AQF-b_TDXK2WP-sT6tvz4hX4tI9abhz-pJEYH9q4X5o48bGwGV76ang2Ni8ZRJsuOMCjvvwam0E3zDiPVEJUdyo3-J4Hb4_dY3UOI97J1JlIYzi95zBFba6bJ8Pf3xXECypqWLsJXHYlI7qW0cVSp_2oQMeHUNZzU_wdc_czz=w1010-h757-no\" width=\"1009\" height=\"757\" \/><\/a><\/p>\n","protected":false},"excerpt":{"rendered":"<p>Us\u00a0 desitgem unes bones festes amb les nadales que tots els nens i nenes han preparat i us han cantat aquesta tarda, com ja \u00e9s tradici\u00f3 de l&#8217;escola. Aqu\u00ed teniu les imatges! BONES FESTES I UN BON ANY NOU 2020!!! L&#8217;EQUIP DOCENT DE L&#8217;ESCOLA MARQU\u00c8S DE LA POBLA<\/p>\n","protected":false},"author":1,"featured_media":5500,"comment_status":"open","ping_status":"closed","sticky":false,"template":"","format":"standard","meta":{"_bbp_topic_count":0,"_bbp_reply_count":0,"_bbp_total_topic_count":0,"_bbp_total_reply_count":0,"_bbp_voice_count":0,"_bbp_anonymous_reply_count":0,"_bbp_topic_count_hidden":0,"_bbp_reply_count_hidden":0,"_bbp_forum_subforum_count":0,"site-sidebar-layout":"default","site-content-layout":"","ast-site-content-layout":"","site-content-style":"default","site-sidebar-style":"default","ast-global-header-display":"","ast-banner-title-visibility":"","ast-main-header-display":"","ast-hfb-above-header-display":"","ast-hfb-below-header-display":"","ast-hfb-mobile-header-display":"","site-post-title":"","ast-breadcrumbs-content":"","ast-featured-img":"","footer-sml-layout":"","theme-transparent-header-meta":"","adv-header-id-meta":"","stick-header-meta":"","header-above-stick-meta":"","header-main-stick-meta":"","header-below-stick-meta":"","astra-migrate-meta-layouts":"default","ast-page-background-enabled":"default","ast-page-background-meta":{"desktop":{"background-color":"var(--ast-global-color-5)","background-image":"","background-repeat":"repeat","background-position":"center center","background-size":"auto","background-attachment":"scroll","background-type":"","background-media":"","overlay-type":"","overlay-color":"","overlay-opacity":"","overlay-gradient":""},"tablet":{"background-color":"","background-image":"","background-repeat":"repeat","background-position":"center center","background-size":"auto","background-attachment":"scroll","background-type":"","background-media":"","overlay-type":"","overlay-color":"","overlay-opacity":"","overlay-gradient":""},"mobile":{"background-color":"","background-image":"","background-repeat":"repeat","background-position":"center center","background-size":"auto","background-attachment":"scroll","background-type":"","background-media":"","overlay-type":"","overlay-color":"","overlay-opacity":"","overlay-gradient":""}},"ast-content-background-meta":{"desktop":{"background-color":"var(--ast-global-color-4)","background-image":"","background-repeat":"repeat","background-position":"center center","background-size":"auto","background-attachment":"scroll","background-type":"","background-media":"","overlay-type":"","overlay-color":"","overlay-opacity":"","overlay-gradient":""},"tablet":{"background-color":"var(--ast-global-color-4)","background-image":"","background-repeat":"repeat","background-position":"center center","background-size":"auto","background-attachment":"scroll","background-type":"","background-media":"","overlay-type":"","overlay-color":"","overlay-opacity":"","overlay-gradient":""},"mobile":{"background-color":"var(--ast-global-color-4)","background-image":"","background-repeat":"repeat","background-position":"center center","background-size":"auto","background-attachment":"scroll","background-type":"","background-media":"","overlay-type":"","overlay-color":"","overlay-opacity":"","overlay-gradient":""}},"footnotes":""},"categories":[64,65,5,224,2,114],"tags":[],"class_list":["post-5458","post","type-post","status-publish","format-standard","has-post-thumbnail","hentry","category-inicial","category-mitja","category-superior","category-historic","category-infantil","category-nadal"],"post_mailing_queue_ids":[],"_links":{"self":[{"href":"https:\/\/agora.xtec.cat\/escmarquesdelapobla\/wp-json\/wp\/v2\/posts\/5458","targetHints":{"allow":["GET"]}}],"collection":[{"href":"https:\/\/agora.xtec.cat\/escmarquesdelapobla\/wp-json\/wp\/v2\/posts"}],"about":[{"href":"https:\/\/agora.xtec.cat\/escmarquesdelapobla\/wp-json\/wp\/v2\/types\/post"}],"author":[{"embeddable":true,"href":"https:\/\/agora.xtec.cat\/escmarquesdelapobla\/wp-json\/wp\/v2\/users\/1"}],"replies":[{"embeddable":true,"href":"https:\/\/agora.xtec.cat\/escmarquesdelapobla\/wp-json\/wp\/v2\/comments?post=5458"}],"version-history":[{"count":3,"href":"https:\/\/agora.xtec.cat\/escmarquesdelapobla\/wp-json\/wp\/v2\/posts\/5458\/revisions"}],"predecessor-version":[{"id":5527,"href":"https:\/\/agora.xtec.cat\/escmarquesdelapobla\/wp-json\/wp\/v2\/posts\/5458\/revisions\/5527"}],"wp:featuredmedia":[{"embeddable":true,"href":"https:\/\/agora.xtec.cat\/escmarquesdelapobla\/wp-json\/wp\/v2\/media\/5500"}],"wp:attachment":[{"href":"https:\/\/agora.xtec.cat\/escmarquesdelapobla\/wp-json\/wp\/v2\/media?parent=5458"}],"wp:term":[{"taxonomy":"category","embeddable":true,"href":"https:\/\/agora.xtec.cat\/escmarquesdelapobla\/wp-json\/wp\/v2\/categories?post=5458"},{"taxonomy":"post_tag","embeddable":true,"href":"https:\/\/agora.xtec.cat\/escmarquesdelapobla\/wp-json\/wp\/v2\/tags?post=5458"}],"curies":[{"name":"wp","href":"https:\/\/api.w.org\/{rel}","templated":true}]}}