{"id":5414,"date":"2019-12-16T13:49:01","date_gmt":"2019-12-16T12:49:01","guid":{"rendered":"http:\/\/agora.xtec.cat\/escmarquesdelapobla\/?p=5414"},"modified":"2020-11-08T10:04:21","modified_gmt":"2020-11-08T09:04:21","slug":"informacio-final-1r-trimestre-nadal-2019","status":"publish","type":"post","link":"https:\/\/agora.xtec.cat\/escmarquesdelapobla\/info\/informacio-final-1r-trimestre-nadal-2019\/","title":{"rendered":"INFORMACI\u00d3 &#8211; FINAL 1r TRIMESTRE &#8211; NADAL 2019"},"content":{"rendered":"<p>&nbsp;<\/p>\n<p>Benvolgudes fam\u00edlies,<\/p>\n<p>Ens posem en contacte amb vosaltres per informar-vos d\u2019alguns aspectes abans d&#8217;acabar el primer trimestre:<\/p>\n<ul>\n<li>Fins aquest dijous dia 19, encara podeu col\u00b7laborar en la <strong>recollida d\u2019aliments (en especial torrons, neules, polvorons,&#8230;) <\/strong>que C\u00e0ritas de Capellades fa quan arriben les Festes de Nadal aix\u00ed com, qui ho desitgi, apuntar-se al <strong>concurs de pessebres<\/strong>.<\/li>\n<\/ul>\n<p>&nbsp;<\/p>\n<ul>\n<li>Aquests darrers dies, <strong>del dilluns 16 al dimecres 18 de desembre<\/strong>, quan vingueu a recollir els\/les vostres fills\/es a la <strong>tarda<\/strong>, podreu gaudir de la <strong>decoraci\u00f3 dels arbres del pati<\/strong> feta per les mares dinamitzadores i tamb\u00e9 aprofitar per <strong>entrar als<\/strong> <strong>passadissos de l\u2019edifici d&#8217;Educaci\u00f3 Infantil i el de Prim\u00e0ria<\/strong>. Aqu\u00ed podreu veure <strong>l\u2019exposici\u00f3 de les felicitacions i l\u2019ambientaci\u00f3 nadalenca<\/strong> que tenim amb les boniques i originals creacions amb envasos decorades a casa amb tanta originalitat. Moltes gr\u00e0cies de nou per la vostra col\u00b7laboraci\u00f3! Han quedat fant\u00e0stiques!<\/li>\n<\/ul>\n<p>&nbsp;<\/p>\n<ul>\n<li>Per desitjar-nos PLEGATS unes Bones Festes e<strong>l proper <u>dimecres 18 a les 16,00h<\/u><\/strong>, tot l\u2019alumnat d&#8217;Educaci\u00f3 Infantil i Prim\u00e0ria us oferir\u00e0 una <strong><u>cantada de<\/u><\/strong><u> <strong>nadales a la pista grisa<\/strong><\/u>. Demanem que les fam\u00edlies us col\u00b7loqueu a les grades de davant d\u2019aquesta pista i o als espais indicats. L\u2019escola s\u2019obrir\u00e0 a les 15:50. Un cop acabat, l\u2019alumnat tornar\u00e0 a l\u2019aula i far\u00e0 la sortida pels punts habituals. Aquest dia tamb\u00e9 hi haur\u00e0 SEP, les activitats extraescolars corresponents i biblioteca.<\/li>\n<\/ul>\n<p>&nbsp;<\/p>\n<ul>\n<li><strong>Informes 1r Trimestre<\/strong>: A causa d\u2019unes incid\u00e8ncies en el programa d\u2019avaluaci\u00f3 del Departament d\u2019Educaci\u00f3, no es lliuraran els informes fins despr\u00e9s de les vacances de Nadal. Tot i aix\u00ed, el <strong><u>dijous dia 19<\/u><\/strong> es donaran els treballs. Pel que fa a l\u2019<strong>alumnat d\u2019Educaci\u00f3 Infantil i CI (1r i 2n)<\/strong> els podreu entrar a recollir a les seves respectives aules a la <strong>tarda a partir de les (16:20h).<\/strong><\/li>\n<\/ul>\n<p>&nbsp;<\/p>\n<ul>\n<li>El <strong><u>divendres dia 20 de desembre<\/u><\/strong> al mat\u00ed, l\u2019alumnat far\u00e0 activitats diverses. Els grups de Prim\u00e0ria (1r a 6\u00e8) s\u2019organitzen amb un esmorzar compartit. Seguint les orientacions del Departament de Salut no es podran portar menjars elaborats de casa. Aquest dia tindrem <strong><u>jornada intensiva<\/u><\/strong><u>. L\u2019<strong>horari escolar ser\u00e0 de 9 a 13,30h<\/strong>.<\/u> A continuaci\u00f3 i, \u00a0fins a les 15,00h,\u00a0 hi haur\u00e0 servei de menjador. Podeu venir a recollir a partir de les 14:30. A la tarda no hi haur\u00e0 cap activitat.<\/li>\n<\/ul>\n<p>&nbsp;<\/p>\n<p>En nom de tota la comunitat educativa, desitgem que passeu unes Bones Festes!<\/p>\n<p>El <strong>dimecres dia 8 de gener<\/strong> retornem a l\u2019escola.<\/p>\n<p>Escola Marqu\u00e8s de la Pobla<\/p>\n","protected":false},"excerpt":{"rendered":"<p>&nbsp; Benvolgudes fam\u00edlies, Ens posem en contacte amb vosaltres per informar-vos d\u2019alguns aspectes abans d&#8217;acabar el primer trimestre: Fins aquest dijous dia 19, encara podeu col\u00b7laborar en la recollida d\u2019aliments (en especial torrons, neules, polvorons,&#8230;) que C\u00e0ritas de Capellades fa quan arriben les Festes de Nadal aix\u00ed com, qui ho desitgi, apuntar-se al concurs de [&hellip;]<\/p>\n","protected":false},"author":1,"featured_media":0,"comment_status":"open","ping_status":"closed","sticky":false,"template":"","format":"standard","meta":{"_bbp_topic_count":0,"_bbp_reply_count":0,"_bbp_total_topic_count":0,"_bbp_total_reply_count":0,"_bbp_voice_count":0,"_bbp_anonymous_reply_count":0,"_bbp_topic_count_hidden":0,"_bbp_reply_count_hidden":0,"_bbp_forum_subforum_count":0,"site-sidebar-layout":"default","site-content-layout":"","ast-site-content-layout":"","site-content-style":"default","site-sidebar-style":"default","ast-global-header-display":"","ast-banner-title-visibility":"","ast-main-header-display":"","ast-hfb-above-header-display":"","ast-hfb-below-header-display":"","ast-hfb-mobile-header-display":"","site-post-title":"","ast-breadcrumbs-content":"","ast-featured-img":"","footer-sml-layout":"","theme-transparent-header-meta":"","adv-header-id-meta":"","stick-header-meta":"","header-above-stick-meta":"","header-main-stick-meta":"","header-below-stick-meta":"","astra-migrate-meta-layouts":"default","ast-page-background-enabled":"default","ast-page-background-meta":{"desktop":{"background-color":"var(--ast-global-color-5)","background-image":"","background-repeat":"repeat","background-position":"center center","background-size":"auto","background-attachment":"scroll","background-type":"","background-media":"","overlay-type":"","overlay-color":"","overlay-opacity":"","overlay-gradient":""},"tablet":{"background-color":"","background-image":"","background-repeat":"repeat","background-position":"center center","background-size":"auto","background-attachment":"scroll","background-type":"","background-media":"","overlay-type":"","overlay-color":"","overlay-opacity":"","overlay-gradient":""},"mobile":{"background-color":"","background-image":"","background-repeat":"repeat","background-position":"center center","background-size":"auto","background-attachment":"scroll","background-type":"","background-media":"","overlay-type":"","overlay-color":"","overlay-opacity":"","overlay-gradient":""}},"ast-content-background-meta":{"desktop":{"background-color":"var(--ast-global-color-4)","background-image":"","background-repeat":"repeat","background-position":"center center","background-size":"auto","background-attachment":"scroll","background-type":"","background-media":"","overlay-type":"","overlay-color":"","overlay-opacity":"","overlay-gradient":""},"tablet":{"background-color":"var(--ast-global-color-4)","background-image":"","background-repeat":"repeat","background-position":"center center","background-size":"auto","background-attachment":"scroll","background-type":"","background-media":"","overlay-type":"","overlay-color":"","overlay-opacity":"","overlay-gradient":""},"mobile":{"background-color":"var(--ast-global-color-4)","background-image":"","background-repeat":"repeat","background-position":"center center","background-size":"auto","background-attachment":"scroll","background-type":"","background-media":"","overlay-type":"","overlay-color":"","overlay-opacity":"","overlay-gradient":""}},"footnotes":""},"categories":[224,79],"tags":[],"class_list":["post-5414","post","type-post","status-publish","format-standard","hentry","category-historic","category-info"],"post_mailing_queue_ids":[],"_links":{"self":[{"href":"https:\/\/agora.xtec.cat\/escmarquesdelapobla\/wp-json\/wp\/v2\/posts\/5414","targetHints":{"allow":["GET"]}}],"collection":[{"href":"https:\/\/agora.xtec.cat\/escmarquesdelapobla\/wp-json\/wp\/v2\/posts"}],"about":[{"href":"https:\/\/agora.xtec.cat\/escmarquesdelapobla\/wp-json\/wp\/v2\/types\/post"}],"author":[{"embeddable":true,"href":"https:\/\/agora.xtec.cat\/escmarquesdelapobla\/wp-json\/wp\/v2\/users\/1"}],"replies":[{"embeddable":true,"href":"https:\/\/agora.xtec.cat\/escmarquesdelapobla\/wp-json\/wp\/v2\/comments?post=5414"}],"version-history":[{"count":3,"href":"https:\/\/agora.xtec.cat\/escmarquesdelapobla\/wp-json\/wp\/v2\/posts\/5414\/revisions"}],"predecessor-version":[{"id":5516,"href":"https:\/\/agora.xtec.cat\/escmarquesdelapobla\/wp-json\/wp\/v2\/posts\/5414\/revisions\/5516"}],"wp:attachment":[{"href":"https:\/\/agora.xtec.cat\/escmarquesdelapobla\/wp-json\/wp\/v2\/media?parent=5414"}],"wp:term":[{"taxonomy":"category","embeddable":true,"href":"https:\/\/agora.xtec.cat\/escmarquesdelapobla\/wp-json\/wp\/v2\/categories?post=5414"},{"taxonomy":"post_tag","embeddable":true,"href":"https:\/\/agora.xtec.cat\/escmarquesdelapobla\/wp-json\/wp\/v2\/tags?post=5414"}],"curies":[{"name":"wp","href":"https:\/\/api.w.org\/{rel}","templated":true}]}}