{"id":5381,"date":"2019-12-13T08:44:03","date_gmt":"2019-12-13T07:44:03","guid":{"rendered":"http:\/\/agora.xtec.cat\/escmarquesdelapobla\/?p=5381"},"modified":"2020-11-08T10:04:57","modified_gmt":"2020-11-08T09:04:57","slug":"avis-important-divendres13-de-desembre-de-2019","status":"publish","type":"post","link":"https:\/\/agora.xtec.cat\/escmarquesdelapobla\/info\/avis-important-divendres13-de-desembre-de-2019\/","title":{"rendered":"AV\u00cdS IMPORTANT: divendres,13 de desembre de 2019."},"content":{"rendered":"<div class=\"gmail_default\" style=\"text-align: center;\">Benvolgudes fam\u00edlies:<\/div>\n<div><\/div>\n<div class=\"gmail_default\" style=\"text-align: center;\">com a conseq\u00fc\u00e8ncia\u00a0de l&#8217;av\u00eds de <a href=\"http:\/\/interior.gencat.cat\/ca\/sales_de_premsa\/noticies_de_proteccio_civil\/nota-premsa\/?id=381123\">Protecci\u00f3 Civil <\/a>davant la previsi\u00f3 de forts\u00a0vents per avui, divendres 13 de desembre, <b>queden cancel\u00b7lades totes<\/b><\/div>\n<div><\/div>\n<div class=\"gmail_default\" style=\"text-align: center;\"><b>les activitats als espais exteriors de l&#8217;escola (patis) <\/b>i demanem especial precauci\u00f3 a l&#8217;hora d&#8217;entrada i sortida\u00a0pels accesos de l&#8217;escola, en cas de ventades.<\/div>\n<div><\/div>\n<div style=\"text-align: center;\">El berenar als patis es far\u00e0 a l&#8217;interior (vest\u00edbul d&#8217;E.Prim\u00e0ria-sala columnes d&#8217;E.Infantil)<\/div>\n<div><\/div>\n<div class=\"gmail_default\" style=\"text-align: center;\">Agrairem\u00a0la difusi\u00f3 d&#8217;aquesta nota.<\/div>\n<div class=\"gmail_default\" style=\"text-align: center;\"><\/div>\n<div class=\"gmail_default\" style=\"text-align: center;\">Perdoneu les mol\u00e8sties.<\/div>\n<div class=\"gmail_default\" style=\"text-align: center;\"><\/div>\n<div><a href=\"https:\/\/agora.xtec.cat\/escmarquesdelapobla\/wp-content\/uploads\/usu1682\/2019\/12\/VENTADES13.12.19.jpg\"><img loading=\"lazy\" decoding=\"async\" class=\"aligncenter wp-image-5383\" src=\"https:\/\/agora.xtec.cat\/escmarquesdelapobla\/wp-content\/uploads\/usu1682\/2019\/12\/VENTADES13.12.19-269x300.jpg\" alt=\"\" width=\"548\" height=\"613\" srcset=\"https:\/\/agora.xtec.cat\/escmarquesdelapobla\/wp-content\/uploads\/usu1682\/2019\/12\/VENTADES13.12.19-269x300.jpg 269w, https:\/\/agora.xtec.cat\/escmarquesdelapobla\/wp-content\/uploads\/usu1682\/2019\/12\/VENTADES13.12.19.jpg 560w\" sizes=\"auto, (max-width: 548px) 100vw, 548px\" \/><\/a><\/div>\n","protected":false},"excerpt":{"rendered":"<p>Benvolgudes fam\u00edlies: com a conseq\u00fc\u00e8ncia\u00a0de l&#8217;av\u00eds de Protecci\u00f3 Civil davant la previsi\u00f3 de forts\u00a0vents per avui, divendres 13 de desembre, queden cancel\u00b7lades totes les activitats als espais exteriors de l&#8217;escola (patis) i demanem especial precauci\u00f3 a l&#8217;hora d&#8217;entrada i sortida\u00a0pels accesos de l&#8217;escola, en cas de ventades. El berenar als patis es far\u00e0 a l&#8217;interior [&hellip;]<\/p>\n","protected":false},"author":1,"featured_media":0,"comment_status":"open","ping_status":"closed","sticky":false,"template":"","format":"standard","meta":{"_bbp_topic_count":0,"_bbp_reply_count":0,"_bbp_total_topic_count":0,"_bbp_total_reply_count":0,"_bbp_voice_count":0,"_bbp_anonymous_reply_count":0,"_bbp_topic_count_hidden":0,"_bbp_reply_count_hidden":0,"_bbp_forum_subforum_count":0,"site-sidebar-layout":"default","site-content-layout":"","ast-site-content-layout":"","site-content-style":"default","site-sidebar-style":"default","ast-global-header-display":"","ast-banner-title-visibility":"","ast-main-header-display":"","ast-hfb-above-header-display":"","ast-hfb-below-header-display":"","ast-hfb-mobile-header-display":"","site-post-title":"","ast-breadcrumbs-content":"","ast-featured-img":"","footer-sml-layout":"","theme-transparent-header-meta":"","adv-header-id-meta":"","stick-header-meta":"","header-above-stick-meta":"","header-main-stick-meta":"","header-below-stick-meta":"","astra-migrate-meta-layouts":"default","ast-page-background-enabled":"default","ast-page-background-meta":{"desktop":{"background-color":"var(--ast-global-color-5)","background-image":"","background-repeat":"repeat","background-position":"center center","background-size":"auto","background-attachment":"scroll","background-type":"","background-media":"","overlay-type":"","overlay-color":"","overlay-opacity":"","overlay-gradient":""},"tablet":{"background-color":"","background-image":"","background-repeat":"repeat","background-position":"center center","background-size":"auto","background-attachment":"scroll","background-type":"","background-media":"","overlay-type":"","overlay-color":"","overlay-opacity":"","overlay-gradient":""},"mobile":{"background-color":"","background-image":"","background-repeat":"repeat","background-position":"center center","background-size":"auto","background-attachment":"scroll","background-type":"","background-media":"","overlay-type":"","overlay-color":"","overlay-opacity":"","overlay-gradient":""}},"ast-content-background-meta":{"desktop":{"background-color":"var(--ast-global-color-4)","background-image":"","background-repeat":"repeat","background-position":"center center","background-size":"auto","background-attachment":"scroll","background-type":"","background-media":"","overlay-type":"","overlay-color":"","overlay-opacity":"","overlay-gradient":""},"tablet":{"background-color":"var(--ast-global-color-4)","background-image":"","background-repeat":"repeat","background-position":"center center","background-size":"auto","background-attachment":"scroll","background-type":"","background-media":"","overlay-type":"","overlay-color":"","overlay-opacity":"","overlay-gradient":""},"mobile":{"background-color":"var(--ast-global-color-4)","background-image":"","background-repeat":"repeat","background-position":"center center","background-size":"auto","background-attachment":"scroll","background-type":"","background-media":"","overlay-type":"","overlay-color":"","overlay-opacity":"","overlay-gradient":""}},"footnotes":""},"categories":[224,79,100],"tags":[],"class_list":["post-5381","post","type-post","status-publish","format-standard","hentry","category-historic","category-info","category-patis"],"post_mailing_queue_ids":[],"_links":{"self":[{"href":"https:\/\/agora.xtec.cat\/escmarquesdelapobla\/wp-json\/wp\/v2\/posts\/5381","targetHints":{"allow":["GET"]}}],"collection":[{"href":"https:\/\/agora.xtec.cat\/escmarquesdelapobla\/wp-json\/wp\/v2\/posts"}],"about":[{"href":"https:\/\/agora.xtec.cat\/escmarquesdelapobla\/wp-json\/wp\/v2\/types\/post"}],"author":[{"embeddable":true,"href":"https:\/\/agora.xtec.cat\/escmarquesdelapobla\/wp-json\/wp\/v2\/users\/1"}],"replies":[{"embeddable":true,"href":"https:\/\/agora.xtec.cat\/escmarquesdelapobla\/wp-json\/wp\/v2\/comments?post=5381"}],"version-history":[{"count":3,"href":"https:\/\/agora.xtec.cat\/escmarquesdelapobla\/wp-json\/wp\/v2\/posts\/5381\/revisions"}],"predecessor-version":[{"id":5393,"href":"https:\/\/agora.xtec.cat\/escmarquesdelapobla\/wp-json\/wp\/v2\/posts\/5381\/revisions\/5393"}],"wp:attachment":[{"href":"https:\/\/agora.xtec.cat\/escmarquesdelapobla\/wp-json\/wp\/v2\/media?parent=5381"}],"wp:term":[{"taxonomy":"category","embeddable":true,"href":"https:\/\/agora.xtec.cat\/escmarquesdelapobla\/wp-json\/wp\/v2\/categories?post=5381"},{"taxonomy":"post_tag","embeddable":true,"href":"https:\/\/agora.xtec.cat\/escmarquesdelapobla\/wp-json\/wp\/v2\/tags?post=5381"}],"curies":[{"name":"wp","href":"https:\/\/api.w.org\/{rel}","templated":true}]}}