{"id":5378,"date":"2019-12-12T14:28:04","date_gmt":"2019-12-12T13:28:04","guid":{"rendered":"http:\/\/agora.xtec.cat\/escmarquesdelapobla\/?p=5378"},"modified":"2020-11-08T10:05:03","modified_gmt":"2020-11-08T09:05:03","slug":"ja-ha-arribat-el-tio","status":"publish","type":"post","link":"https:\/\/agora.xtec.cat\/escmarquesdelapobla\/infantil\/ja-ha-arribat-el-tio\/","title":{"rendered":"JA HA ARRIBAT EL TI\u00d3!!!"},"content":{"rendered":"<p>I avui, per fi&#8230;ha arribat el ti\u00f3!!! Aquest mat\u00ed, ben equipats d&#8217;il\u00b7lusi\u00f3 i nervis, i tamb\u00e9 ben abrigats, hem anat a la Font Cuitora. All\u00e0 ens hem trobat els nens i nenes de l&#8217;institut que ja ens esperaven per acompanyar-nos a buscar-los. Amb la seva ajuda, hem comen\u00e7at una bona aventura per, finalment, trobar el nostre ti\u00f3!!! Han estat uns moments molt emocionants!!!<\/p>\n<p>Vivim uns dies m\u00e0gics, plens d&#8217;il\u00b7lusi\u00f3 i innoc\u00e8ncia&#8230;gaudim-los al m\u00e0xim!!!<\/p>\n<p><a href=\"https:\/\/photos.app.goo.gl\/WuVd9MUSHwhCHZz27\"><img loading=\"lazy\" decoding=\"async\" class=\"alignnone size-large\" src=\"https:\/\/lh3.googleusercontent.com\/0CQ6dpjh07X2LsjGmusDNjYodSVg6EwPD3rj65z71DnUq0zilMq2j6AWrKuWnyB7BeYe6LNnTkaDdvaxKsI9mpORG2mjJc3SJvGaw3f1ukwIPNHPfx4Cq2L9o3ACClpK6Be6tNZ_vCMg5tceUCJIsK0eyLEGCeyux4V3W5AecJ6LX-xxVyq8fTMuB1kjSr6dSyo4bTCYwRgsy0e1SWk72UrFP1OptMlmE9Q8ZSRbZ-oASig0k4IbQbpmEnNaIUMHjZc6BGD4frqebdWAxodwUetOaEUPG5OodrCcbQC_FLrG4wdbBmiG44T4gL59T3ZE9KaG7qT7qou-IgH_zTu3uQMFxNHb1rD3Ebe8a2nGOI7WP1Z-KBBKJLTp_e7t9aBh4fK8RTfWe3qP-XKMMz0wpnPaKl7P7oe5RrwZb530_gpssfDPjLxJMLmlznIKlS_BlJQJEsILhALkfy_HXbm5tABf0jr76aaWyYHXVbTTENZduxjfPqqSvVFjQPRXWcz-qY4HvCYlSBOEaHlSYt6opllcthDShXQJF60lyyuM7Z2H4hEzCIYeYH82pdqiTIaaofOBbXsLXXxPK1u2QtPB7ymdtU0K4gSWebUADLAebmLTbisDFi8l-wJrfPdrx511AEllb0XyPGBYp6ryRLHKiCDlKnaD-v9-G3heBVdTvJCpcQe3YDC5zB0=w1214-h910-no\" width=\"1214\" height=\"910\" \/><\/a><\/p>\n<p>&nbsp;<\/p>\n","protected":false},"excerpt":{"rendered":"<p>I avui, per fi&#8230;ha arribat el ti\u00f3!!! Aquest mat\u00ed, ben equipats d&#8217;il\u00b7lusi\u00f3 i nervis, i tamb\u00e9 ben abrigats, hem anat a la Font Cuitora. All\u00e0 ens hem trobat els nens i nenes de l&#8217;institut que ja ens esperaven per acompanyar-nos a buscar-los. Amb la seva ajuda, hem comen\u00e7at una bona aventura per, finalment, trobar el [&hellip;]<\/p>\n","protected":false},"author":1,"featured_media":0,"comment_status":"open","ping_status":"closed","sticky":false,"template":"","format":"standard","meta":{"_bbp_topic_count":0,"_bbp_reply_count":0,"_bbp_total_topic_count":0,"_bbp_total_reply_count":0,"_bbp_voice_count":0,"_bbp_anonymous_reply_count":0,"_bbp_topic_count_hidden":0,"_bbp_reply_count_hidden":0,"_bbp_forum_subforum_count":0,"site-sidebar-layout":"default","site-content-layout":"","ast-site-content-layout":"","site-content-style":"default","site-sidebar-style":"default","ast-global-header-display":"","ast-banner-title-visibility":"","ast-main-header-display":"","ast-hfb-above-header-display":"","ast-hfb-below-header-display":"","ast-hfb-mobile-header-display":"","site-post-title":"","ast-breadcrumbs-content":"","ast-featured-img":"","footer-sml-layout":"","theme-transparent-header-meta":"","adv-header-id-meta":"","stick-header-meta":"","header-above-stick-meta":"","header-main-stick-meta":"","header-below-stick-meta":"","astra-migrate-meta-layouts":"default","ast-page-background-enabled":"default","ast-page-background-meta":{"desktop":{"background-color":"var(--ast-global-color-5)","background-image":"","background-repeat":"repeat","background-position":"center center","background-size":"auto","background-attachment":"scroll","background-type":"","background-media":"","overlay-type":"","overlay-color":"","overlay-opacity":"","overlay-gradient":""},"tablet":{"background-color":"","background-image":"","background-repeat":"repeat","background-position":"center center","background-size":"auto","background-attachment":"scroll","background-type":"","background-media":"","overlay-type":"","overlay-color":"","overlay-opacity":"","overlay-gradient":""},"mobile":{"background-color":"","background-image":"","background-repeat":"repeat","background-position":"center center","background-size":"auto","background-attachment":"scroll","background-type":"","background-media":"","overlay-type":"","overlay-color":"","overlay-opacity":"","overlay-gradient":""}},"ast-content-background-meta":{"desktop":{"background-color":"var(--ast-global-color-4)","background-image":"","background-repeat":"repeat","background-position":"center center","background-size":"auto","background-attachment":"scroll","background-type":"","background-media":"","overlay-type":"","overlay-color":"","overlay-opacity":"","overlay-gradient":""},"tablet":{"background-color":"var(--ast-global-color-4)","background-image":"","background-repeat":"repeat","background-position":"center center","background-size":"auto","background-attachment":"scroll","background-type":"","background-media":"","overlay-type":"","overlay-color":"","overlay-opacity":"","overlay-gradient":""},"mobile":{"background-color":"var(--ast-global-color-4)","background-image":"","background-repeat":"repeat","background-position":"center center","background-size":"auto","background-attachment":"scroll","background-type":"","background-media":"","overlay-type":"","overlay-color":"","overlay-opacity":"","overlay-gradient":""}},"footnotes":""},"categories":[64,224,2,80],"tags":[],"class_list":["post-5378","post","type-post","status-publish","format-standard","hentry","category-inicial","category-historic","category-infantil","category-escola"],"post_mailing_queue_ids":[],"_links":{"self":[{"href":"https:\/\/agora.xtec.cat\/escmarquesdelapobla\/wp-json\/wp\/v2\/posts\/5378","targetHints":{"allow":["GET"]}}],"collection":[{"href":"https:\/\/agora.xtec.cat\/escmarquesdelapobla\/wp-json\/wp\/v2\/posts"}],"about":[{"href":"https:\/\/agora.xtec.cat\/escmarquesdelapobla\/wp-json\/wp\/v2\/types\/post"}],"author":[{"embeddable":true,"href":"https:\/\/agora.xtec.cat\/escmarquesdelapobla\/wp-json\/wp\/v2\/users\/1"}],"replies":[{"embeddable":true,"href":"https:\/\/agora.xtec.cat\/escmarquesdelapobla\/wp-json\/wp\/v2\/comments?post=5378"}],"version-history":[{"count":2,"href":"https:\/\/agora.xtec.cat\/escmarquesdelapobla\/wp-json\/wp\/v2\/posts\/5378\/revisions"}],"predecessor-version":[{"id":5380,"href":"https:\/\/agora.xtec.cat\/escmarquesdelapobla\/wp-json\/wp\/v2\/posts\/5378\/revisions\/5380"}],"wp:attachment":[{"href":"https:\/\/agora.xtec.cat\/escmarquesdelapobla\/wp-json\/wp\/v2\/media?parent=5378"}],"wp:term":[{"taxonomy":"category","embeddable":true,"href":"https:\/\/agora.xtec.cat\/escmarquesdelapobla\/wp-json\/wp\/v2\/categories?post=5378"},{"taxonomy":"post_tag","embeddable":true,"href":"https:\/\/agora.xtec.cat\/escmarquesdelapobla\/wp-json\/wp\/v2\/tags?post=5378"}],"curies":[{"name":"wp","href":"https:\/\/api.w.org\/{rel}","templated":true}]}}