{"id":5267,"date":"2019-12-01T18:54:12","date_gmt":"2019-12-01T17:54:12","guid":{"rendered":"http:\/\/agora.xtec.cat\/escmarquesdelapobla\/?p=5267"},"modified":"2020-11-08T10:09:52","modified_gmt":"2020-11-08T09:09:52","slug":"dissabte-de-patis-al-marques-de-la-pobla","status":"publish","type":"post","link":"https:\/\/agora.xtec.cat\/escmarquesdelapobla\/escola\/dissabte-de-patis-al-marques-de-la-pobla\/","title":{"rendered":"Dissabte de patis&#8230; al Marqu\u00e8s de la Pobla"},"content":{"rendered":"<table style=\"width: 1004px; height: 402px;\">\n<tbody>\n<tr>\n<td style=\"width: 328.8px;\"><a href=\"https:\/\/agora.xtec.cat\/escmarquesdelapobla\/wp-content\/uploads\/usu1682\/2019\/12\/20191130_115402-1.jpg\"><img loading=\"lazy\" decoding=\"async\" class=\"aligncenter wp-image-5279\" src=\"https:\/\/agora.xtec.cat\/escmarquesdelapobla\/wp-content\/uploads\/usu1682\/2019\/12\/20191130_115402-1-300x169.jpg\" alt=\"\" width=\"307\" height=\"173\" srcset=\"https:\/\/agora.xtec.cat\/escmarquesdelapobla\/wp-content\/uploads\/usu1682\/2019\/12\/20191130_115402-1-300x169.jpg 300w, https:\/\/agora.xtec.cat\/escmarquesdelapobla\/wp-content\/uploads\/usu1682\/2019\/12\/20191130_115402-1-768x432.jpg 768w, https:\/\/agora.xtec.cat\/escmarquesdelapobla\/wp-content\/uploads\/usu1682\/2019\/12\/20191130_115402-1-1024x576.jpg 1024w\" sizes=\"auto, (max-width: 307px) 100vw, 307px\" \/><\/a><\/td>\n<td style=\"width: 329.6px;\"><a href=\"https:\/\/agora.xtec.cat\/escmarquesdelapobla\/wp-content\/uploads\/usu1682\/2019\/12\/20191130_133007.jpg\"><img loading=\"lazy\" decoding=\"async\" class=\"aligncenter size-medium wp-image-5283\" src=\"https:\/\/agora.xtec.cat\/escmarquesdelapobla\/wp-content\/uploads\/usu1682\/2019\/12\/20191130_133007-300x169.jpg\" alt=\"\" width=\"300\" height=\"169\" srcset=\"https:\/\/agora.xtec.cat\/escmarquesdelapobla\/wp-content\/uploads\/usu1682\/2019\/12\/20191130_133007-300x169.jpg 300w, https:\/\/agora.xtec.cat\/escmarquesdelapobla\/wp-content\/uploads\/usu1682\/2019\/12\/20191130_133007-768x432.jpg 768w, https:\/\/agora.xtec.cat\/escmarquesdelapobla\/wp-content\/uploads\/usu1682\/2019\/12\/20191130_133007-1024x576.jpg 1024w\" sizes=\"auto, (max-width: 300px) 100vw, 300px\" \/><\/a><\/td>\n<td style=\"width: 337.6px;\"><a href=\"https:\/\/agora.xtec.cat\/escmarquesdelapobla\/wp-content\/uploads\/usu1682\/2019\/12\/20191130_123109-1.jpg\"><img loading=\"lazy\" decoding=\"async\" class=\"aligncenter wp-image-5280\" src=\"https:\/\/agora.xtec.cat\/escmarquesdelapobla\/wp-content\/uploads\/usu1682\/2019\/12\/20191130_123109-1-300x169.jpg\" alt=\"\" width=\"324\" height=\"183\" srcset=\"https:\/\/agora.xtec.cat\/escmarquesdelapobla\/wp-content\/uploads\/usu1682\/2019\/12\/20191130_123109-1-300x169.jpg 300w, https:\/\/agora.xtec.cat\/escmarquesdelapobla\/wp-content\/uploads\/usu1682\/2019\/12\/20191130_123109-1-768x432.jpg 768w, https:\/\/agora.xtec.cat\/escmarquesdelapobla\/wp-content\/uploads\/usu1682\/2019\/12\/20191130_123109-1-1024x576.jpg 1024w\" sizes=\"auto, (max-width: 324px) 100vw, 324px\" \/><\/a><\/td>\n<\/tr>\n<tr>\n<td style=\"width: 328.8px;\"><a href=\"https:\/\/agora.xtec.cat\/escmarquesdelapobla\/wp-content\/uploads\/usu1682\/2019\/12\/IMG_20191130_1202321-1.jpg\"><img loading=\"lazy\" decoding=\"async\" class=\"aligncenter size-medium wp-image-5281\" src=\"https:\/\/agora.xtec.cat\/escmarquesdelapobla\/wp-content\/uploads\/usu1682\/2019\/12\/IMG_20191130_1202321-1-300x225.jpg\" alt=\"\" width=\"300\" height=\"225\" srcset=\"https:\/\/agora.xtec.cat\/escmarquesdelapobla\/wp-content\/uploads\/usu1682\/2019\/12\/IMG_20191130_1202321-1-300x225.jpg 300w, https:\/\/agora.xtec.cat\/escmarquesdelapobla\/wp-content\/uploads\/usu1682\/2019\/12\/IMG_20191130_1202321-1-768x576.jpg 768w, https:\/\/agora.xtec.cat\/escmarquesdelapobla\/wp-content\/uploads\/usu1682\/2019\/12\/IMG_20191130_1202321-1-1024x768.jpg 1024w, https:\/\/agora.xtec.cat\/escmarquesdelapobla\/wp-content\/uploads\/usu1682\/2019\/12\/IMG_20191130_1202321-1-200x150.jpg 200w\" sizes=\"auto, (max-width: 300px) 100vw, 300px\" \/><\/a><\/td>\n<td style=\"width: 329.6px;\"><a href=\"https:\/\/agora.xtec.cat\/escmarquesdelapobla\/wp-content\/uploads\/usu1682\/2019\/12\/20191130_130153-1.jpg\"><img loading=\"lazy\" decoding=\"async\" class=\"aligncenter size-medium wp-image-5284\" src=\"https:\/\/agora.xtec.cat\/escmarquesdelapobla\/wp-content\/uploads\/usu1682\/2019\/12\/20191130_130153-1-169x300.jpg\" alt=\"\" width=\"169\" height=\"300\" srcset=\"https:\/\/agora.xtec.cat\/escmarquesdelapobla\/wp-content\/uploads\/usu1682\/2019\/12\/20191130_130153-1-169x300.jpg 169w, https:\/\/agora.xtec.cat\/escmarquesdelapobla\/wp-content\/uploads\/usu1682\/2019\/12\/20191130_130153-1-768x1365.jpg 768w, https:\/\/agora.xtec.cat\/escmarquesdelapobla\/wp-content\/uploads\/usu1682\/2019\/12\/20191130_130153-1-576x1024.jpg 576w\" sizes=\"auto, (max-width: 169px) 100vw, 169px\" \/><\/a><\/td>\n<td style=\"width: 337.6px; text-align: center;\"><a href=\"https:\/\/agora.xtec.cat\/escmarquesdelapobla\/wp-content\/uploads\/usu1682\/2019\/12\/20191130_111701-1.jpg\"><img loading=\"lazy\" decoding=\"async\" class=\"aligncenter wp-image-5278\" src=\"https:\/\/agora.xtec.cat\/escmarquesdelapobla\/wp-content\/uploads\/usu1682\/2019\/12\/20191130_111701-1-300x169.jpg\" alt=\"\" width=\"313\" height=\"176\" srcset=\"https:\/\/agora.xtec.cat\/escmarquesdelapobla\/wp-content\/uploads\/usu1682\/2019\/12\/20191130_111701-1-300x169.jpg 300w, https:\/\/agora.xtec.cat\/escmarquesdelapobla\/wp-content\/uploads\/usu1682\/2019\/12\/20191130_111701-1-768x432.jpg 768w, https:\/\/agora.xtec.cat\/escmarquesdelapobla\/wp-content\/uploads\/usu1682\/2019\/12\/20191130_111701-1-1024x576.jpg 1024w\" sizes=\"auto, (max-width: 313px) 100vw, 313px\" \/><\/a><\/td>\n<\/tr>\n<\/tbody>\n<\/table>\n<p>Aquest darrer dissabte de novembre ens hem aplegat alumnes, fam\u00edlies i mestres del Marqu\u00e8s per fer un altre mat\u00ed de treball al pati de la nostra escola, un pati\u00a0 tamb\u00e9 obert a TOTS: alumnes i nens i nenes de Capellades que el fan servir dins del <a href=\"https:\/\/www.capellades.cat\/actualitat\/noticies\/reunio-de-la-comissio-institucional-del-pla-dentorn-de-capellades-i-la-torre.html\">Pla d&#8217;Entorn <\/a>(&#8220;Patis Oberts&#8221;).<\/p>\n<p>Hem pogut repintar els jocs de terra del pati de prim\u00e0ria, tamb\u00e9 el tren del pati de sorra i hem canviat la caseta d&#8217;ubicaci\u00f3; d&#8217;aquesta manera ens ha quedat un sorral molt gran per jugar, una vegada alliberat de la caseta. Hem afegit un arbre m\u00e9s, que a la primavera ens oferir\u00e0 la tan desitjada ombra i se suma a la colla que ja tenim.<\/p>\n<p>La nostra voluntat \u00e9s anar fent el canvi de pati a jard\u00ed en el cas d&#8217;infantil: ampliar la dotaci\u00f3 de vegetaci\u00f3 i amb ella els est\u00edmuls visuals, d&#8217;informaci\u00f3, de possibilitats de joc i descoberta.<\/p>\n<p>A prim\u00e0ria anem afegint nous elements de joc com han estat els laberints del terra i tamb\u00e9 els nous trencaclosques gegants fets amb els dibuixos art\u00edstics de fusta que hi havia a les classes. Aquesta feina de restauraci\u00f3 dels elements fixes es complementa amb les propostes puntuals que en alguns casos ja es porten fent i en d&#8217;altres es faran en breu: m\u00fasica al pati, jocs de taula, taules d&#8217;art, construccions&#8230; Anem desenvolupant les propostes que els infants han palesat en l&#8217;enquesta que es va fer on se&#8217;ls preguntava <em>&#8220;qu\u00e8 t&#8217;agrada molt del pati i no voldries que es canvi\u00e9s i qu\u00e8 ara no tenim i voldries que hi fos?&#8221;: <\/em>dins aquesta llista de desitjos n&#8217;hi ha d&#8217;altres que de mica en mica tamb\u00e9 aniran veient la llum.<\/p>\n<p style=\"text-align: center;\">Moltes gr\u00e0cies a tots i a totes els\/les que heu anat passant i donant un cop de m\u00e0: ha estat un mat\u00ed for\u00e7a profit\u00f3s, com podeu veure per les fotos.<\/p>\n<p style=\"text-align: center;\">Un agra\u00efment molt especial a la Brigada de l&#8217;Ajuntament de Capellades i a <a href=\"http:\/\/www.ampamarquesdelapobla.org\/wp\/\">l&#8217;AMPA<\/a> de l&#8217;escola per la seva col\u00b7laboraci\u00f3!<\/p>\n<div style=\"text-align: center;\">Sentiu-vos-en part\u00edceps, l&#8217;escola la fem entre tots.<\/div>\n<div><\/div>\n<p style=\"text-align: center;\">Ens veiem un altre dissabte del proper trimestre&#8230; al pati de l&#8217;escola!!!<\/p>\n","protected":false},"excerpt":{"rendered":"<p>Aquest darrer dissabte de novembre ens hem aplegat alumnes, fam\u00edlies i mestres del Marqu\u00e8s per fer un altre mat\u00ed de treball al pati de la nostra escola, un pati\u00a0 tamb\u00e9 obert a TOTS: alumnes i nens i nenes de Capellades que el fan servir dins del Pla d&#8217;Entorn (&#8220;Patis Oberts&#8221;). Hem pogut repintar els jocs [&hellip;]<\/p>\n","protected":false},"author":1,"featured_media":5297,"comment_status":"open","ping_status":"closed","sticky":false,"template":"","format":"standard","meta":{"_bbp_topic_count":0,"_bbp_reply_count":0,"_bbp_total_topic_count":0,"_bbp_total_reply_count":0,"_bbp_voice_count":0,"_bbp_anonymous_reply_count":0,"_bbp_topic_count_hidden":0,"_bbp_reply_count_hidden":0,"_bbp_forum_subforum_count":0,"site-sidebar-layout":"default","site-content-layout":"","ast-site-content-layout":"","site-content-style":"default","site-sidebar-style":"default","ast-global-header-display":"","ast-banner-title-visibility":"","ast-main-header-display":"","ast-hfb-above-header-display":"","ast-hfb-below-header-display":"","ast-hfb-mobile-header-display":"","site-post-title":"","ast-breadcrumbs-content":"","ast-featured-img":"","footer-sml-layout":"","theme-transparent-header-meta":"","adv-header-id-meta":"","stick-header-meta":"","header-above-stick-meta":"","header-main-stick-meta":"","header-below-stick-meta":"","astra-migrate-meta-layouts":"default","ast-page-background-enabled":"default","ast-page-background-meta":{"desktop":{"background-color":"var(--ast-global-color-5)","background-image":"","background-repeat":"repeat","background-position":"center center","background-size":"auto","background-attachment":"scroll","background-type":"","background-media":"","overlay-type":"","overlay-color":"","overlay-opacity":"","overlay-gradient":""},"tablet":{"background-color":"","background-image":"","background-repeat":"repeat","background-position":"center center","background-size":"auto","background-attachment":"scroll","background-type":"","background-media":"","overlay-type":"","overlay-color":"","overlay-opacity":"","overlay-gradient":""},"mobile":{"background-color":"","background-image":"","background-repeat":"repeat","background-position":"center center","background-size":"auto","background-attachment":"scroll","background-type":"","background-media":"","overlay-type":"","overlay-color":"","overlay-opacity":"","overlay-gradient":""}},"ast-content-background-meta":{"desktop":{"background-color":"var(--ast-global-color-4)","background-image":"","background-repeat":"repeat","background-position":"center center","background-size":"auto","background-attachment":"scroll","background-type":"","background-media":"","overlay-type":"","overlay-color":"","overlay-opacity":"","overlay-gradient":""},"tablet":{"background-color":"var(--ast-global-color-4)","background-image":"","background-repeat":"repeat","background-position":"center center","background-size":"auto","background-attachment":"scroll","background-type":"","background-media":"","overlay-type":"","overlay-color":"","overlay-opacity":"","overlay-gradient":""},"mobile":{"background-color":"var(--ast-global-color-4)","background-image":"","background-repeat":"repeat","background-position":"center center","background-size":"auto","background-attachment":"scroll","background-type":"","background-media":"","overlay-type":"","overlay-color":"","overlay-opacity":"","overlay-gradient":""}},"footnotes":""},"categories":[224,111,80,100],"tags":[],"class_list":["post-5267","post","type-post","status-publish","format-standard","has-post-thumbnail","hentry","category-historic","category-hort","category-escola","category-patis"],"post_mailing_queue_ids":[],"_links":{"self":[{"href":"https:\/\/agora.xtec.cat\/escmarquesdelapobla\/wp-json\/wp\/v2\/posts\/5267","targetHints":{"allow":["GET"]}}],"collection":[{"href":"https:\/\/agora.xtec.cat\/escmarquesdelapobla\/wp-json\/wp\/v2\/posts"}],"about":[{"href":"https:\/\/agora.xtec.cat\/escmarquesdelapobla\/wp-json\/wp\/v2\/types\/post"}],"author":[{"embeddable":true,"href":"https:\/\/agora.xtec.cat\/escmarquesdelapobla\/wp-json\/wp\/v2\/users\/1"}],"replies":[{"embeddable":true,"href":"https:\/\/agora.xtec.cat\/escmarquesdelapobla\/wp-json\/wp\/v2\/comments?post=5267"}],"version-history":[{"count":3,"href":"https:\/\/agora.xtec.cat\/escmarquesdelapobla\/wp-json\/wp\/v2\/posts\/5267\/revisions"}],"predecessor-version":[{"id":5286,"href":"https:\/\/agora.xtec.cat\/escmarquesdelapobla\/wp-json\/wp\/v2\/posts\/5267\/revisions\/5286"}],"wp:featuredmedia":[{"embeddable":true,"href":"https:\/\/agora.xtec.cat\/escmarquesdelapobla\/wp-json\/wp\/v2\/media\/5297"}],"wp:attachment":[{"href":"https:\/\/agora.xtec.cat\/escmarquesdelapobla\/wp-json\/wp\/v2\/media?parent=5267"}],"wp:term":[{"taxonomy":"category","embeddable":true,"href":"https:\/\/agora.xtec.cat\/escmarquesdelapobla\/wp-json\/wp\/v2\/categories?post=5267"},{"taxonomy":"post_tag","embeddable":true,"href":"https:\/\/agora.xtec.cat\/escmarquesdelapobla\/wp-json\/wp\/v2\/tags?post=5267"}],"curies":[{"name":"wp","href":"https:\/\/api.w.org\/{rel}","templated":true}]}}