{"id":5223,"date":"2019-12-06T15:54:56","date_gmt":"2019-12-06T14:54:56","guid":{"rendered":"http:\/\/agora.xtec.cat\/escmarquesdelapobla\/?p=5223"},"modified":"2020-11-08T10:08:57","modified_gmt":"2020-11-08T09:08:57","slug":"anem-a-coneixer-i-sentir-lorgue-de-capellades","status":"publish","type":"post","link":"https:\/\/agora.xtec.cat\/escmarquesdelapobla\/celebracions\/anem-a-coneixer-i-sentir-lorgue-de-capellades\/","title":{"rendered":"Anem a con\u00e8ixer i sentir l&#8217;orgue de Capellades"},"content":{"rendered":"<p>Amb motiu de Santa Cec\u00edlia, festa de la m\u00fasica, les classes de primer i sis\u00e8 vam tenir la sort de poder anar a sentir el gran orgue que tenim a Capellades.<\/p>\n<p>Un organista professional ens va explicar moltes coses i ens el va deixar veure per dins i per fora. Que gran arriba a ser i com sona!! La manxa, els pedals, teclats, els tubs, registres&#8230; Un complert instrument!<\/p>\n<p>Vam quedar meravellats. El Jonatan, l&#8217;organista, va tocar algunes m\u00fasiques i tamb\u00e9 can\u00e7ons conegudes que vam aprofitar per cantar amb ell. Algun de nosaltres que est\u00e0 estudiant piano tamb\u00e9 va poder tocar una pe\u00e7a.<\/p>\n<p>Vam passar una bona estona\u00a0 gaudint de la m\u00fasica!<\/p>\n<p>Us deixem algunes imatges.<\/p>\n<p><a href=\"https:\/\/photos.app.goo.gl\/kh4iVhPSWY6zt3Vb9\"><img loading=\"lazy\" decoding=\"async\" class=\" aligncenter\" src=\"https:\/\/lh3.googleusercontent.com\/dzbBuk3MoAhi8bEa-cMgp2WbWeVZIwPW_s6egUBX4nx15jX28CEDPO19FTw-benq_xT50onjZG2WOIX1BYvm1rznoWFV0VBdEyXf0_00Tnq4gNs0Tw9OLa4bmpKICyGwQHqU0F64EOmw5f262G4ublpLdquDeKmipL2TEYWFS1L1rjP2T4kpcnurVoch1mjmwtIPAb3a1cjK9dyIsJU-zZHPewps6uCxePrhwOPxfiH2sfl_MDmt_gE5_Zg6wLZcATSZ5sA1g47BrctfzC19_r51ARgNRiJI1x-TtNMgx8xGeze1XSFVdkbckEgv9kNlHAxI2gjI6YVoHvKpDNuhgsptscOWr1QzUBCpGVrSfLqGGlHa3zgzsP15xp48SRZACzGMNfi2MJA8QKqo9wgV0KXTNNJeLQyN_x2qB9Pn2om6VkaUAkaUwodCVDOyMH1lLyXWnHiOahW9zWc7ajLpaulhqlIEvJjSCu-nJBTkNJLOdpMO1JBDrX6V_IwVsMWjb7O_fdV3yqHf_gveB3GJOnn67o0otSyHorYo1Uj6aaG5krHWYhlbHTkO6v1IDTFy4GI1ArtPbBDvjPpqzRHOJErWZf1LxJ6yHEyooomJJEzK6LmQQ9dDVNP_TH2jyYhYH3KskG1yBQgEBwEA3xjsxVbBQEaxDj2N4oAv2EgR0TTd8o8obugdoHWn=w876-h657-no\" width=\"468\" height=\"351\" \/><\/a><\/p>\n","protected":false},"excerpt":{"rendered":"<p>Amb motiu de Santa Cec\u00edlia, festa de la m\u00fasica, les classes de primer i sis\u00e8 vam tenir la sort de poder anar a sentir el gran orgue que tenim a Capellades. Un organista professional ens va explicar moltes coses i ens el va deixar veure per dins i per fora. Que gran arriba a ser [&hellip;]<\/p>\n","protected":false},"author":1,"featured_media":0,"comment_status":"open","ping_status":"closed","sticky":false,"template":"","format":"standard","meta":{"_bbp_topic_count":0,"_bbp_reply_count":0,"_bbp_total_topic_count":0,"_bbp_total_reply_count":0,"_bbp_voice_count":0,"_bbp_anonymous_reply_count":0,"_bbp_topic_count_hidden":0,"_bbp_reply_count_hidden":0,"_bbp_forum_subforum_count":0,"site-sidebar-layout":"default","site-content-layout":"","ast-site-content-layout":"","site-content-style":"default","site-sidebar-style":"default","ast-global-header-display":"","ast-banner-title-visibility":"","ast-main-header-display":"","ast-hfb-above-header-display":"","ast-hfb-below-header-display":"","ast-hfb-mobile-header-display":"","site-post-title":"","ast-breadcrumbs-content":"","ast-featured-img":"","footer-sml-layout":"","theme-transparent-header-meta":"","adv-header-id-meta":"","stick-header-meta":"","header-above-stick-meta":"","header-main-stick-meta":"","header-below-stick-meta":"","astra-migrate-meta-layouts":"default","ast-page-background-enabled":"default","ast-page-background-meta":{"desktop":{"background-color":"var(--ast-global-color-5)","background-image":"","background-repeat":"repeat","background-position":"center center","background-size":"auto","background-attachment":"scroll","background-type":"","background-media":"","overlay-type":"","overlay-color":"","overlay-opacity":"","overlay-gradient":""},"tablet":{"background-color":"","background-image":"","background-repeat":"repeat","background-position":"center center","background-size":"auto","background-attachment":"scroll","background-type":"","background-media":"","overlay-type":"","overlay-color":"","overlay-opacity":"","overlay-gradient":""},"mobile":{"background-color":"","background-image":"","background-repeat":"repeat","background-position":"center center","background-size":"auto","background-attachment":"scroll","background-type":"","background-media":"","overlay-type":"","overlay-color":"","overlay-opacity":"","overlay-gradient":""}},"ast-content-background-meta":{"desktop":{"background-color":"var(--ast-global-color-4)","background-image":"","background-repeat":"repeat","background-position":"center center","background-size":"auto","background-attachment":"scroll","background-type":"","background-media":"","overlay-type":"","overlay-color":"","overlay-opacity":"","overlay-gradient":""},"tablet":{"background-color":"var(--ast-global-color-4)","background-image":"","background-repeat":"repeat","background-position":"center center","background-size":"auto","background-attachment":"scroll","background-type":"","background-media":"","overlay-type":"","overlay-color":"","overlay-opacity":"","overlay-gradient":""},"mobile":{"background-color":"var(--ast-global-color-4)","background-image":"","background-repeat":"repeat","background-position":"center center","background-size":"auto","background-attachment":"scroll","background-type":"","background-media":"","overlay-type":"","overlay-color":"","overlay-opacity":"","overlay-gradient":""}},"footnotes":""},"categories":[55,64,224,74],"tags":[],"class_list":["post-5223","post","type-post","status-publish","format-standard","hentry","category-celebracions","category-inicial","category-historic","category-sortides"],"post_mailing_queue_ids":[],"_links":{"self":[{"href":"https:\/\/agora.xtec.cat\/escmarquesdelapobla\/wp-json\/wp\/v2\/posts\/5223","targetHints":{"allow":["GET"]}}],"collection":[{"href":"https:\/\/agora.xtec.cat\/escmarquesdelapobla\/wp-json\/wp\/v2\/posts"}],"about":[{"href":"https:\/\/agora.xtec.cat\/escmarquesdelapobla\/wp-json\/wp\/v2\/types\/post"}],"author":[{"embeddable":true,"href":"https:\/\/agora.xtec.cat\/escmarquesdelapobla\/wp-json\/wp\/v2\/users\/1"}],"replies":[{"embeddable":true,"href":"https:\/\/agora.xtec.cat\/escmarquesdelapobla\/wp-json\/wp\/v2\/comments?post=5223"}],"version-history":[{"count":4,"href":"https:\/\/agora.xtec.cat\/escmarquesdelapobla\/wp-json\/wp\/v2\/posts\/5223\/revisions"}],"predecessor-version":[{"id":5348,"href":"https:\/\/agora.xtec.cat\/escmarquesdelapobla\/wp-json\/wp\/v2\/posts\/5223\/revisions\/5348"}],"wp:attachment":[{"href":"https:\/\/agora.xtec.cat\/escmarquesdelapobla\/wp-json\/wp\/v2\/media?parent=5223"}],"wp:term":[{"taxonomy":"category","embeddable":true,"href":"https:\/\/agora.xtec.cat\/escmarquesdelapobla\/wp-json\/wp\/v2\/categories?post=5223"},{"taxonomy":"post_tag","embeddable":true,"href":"https:\/\/agora.xtec.cat\/escmarquesdelapobla\/wp-json\/wp\/v2\/tags?post=5223"}],"curies":[{"name":"wp","href":"https:\/\/api.w.org\/{rel}","templated":true}]}}