{"id":5218,"date":"2019-11-24T12:57:43","date_gmt":"2019-11-24T11:57:43","guid":{"rendered":"http:\/\/agora.xtec.cat\/escmarquesdelapobla\/?p=5218"},"modified":"2020-11-08T10:13:14","modified_gmt":"2020-11-08T09:13:14","slug":"santa-cecilia-dia-de-la-musica","status":"publish","type":"post","link":"https:\/\/agora.xtec.cat\/escmarquesdelapobla\/infantil\/santa-cecilia-dia-de-la-musica\/","title":{"rendered":"SANTA CEC\u00cdLIA, DIA DE LA M\u00daSICA!"},"content":{"rendered":"<p>Divendres a la tarda, els nens i nenes d&#8217;educaci\u00f3 infantil, vam gaudir d&#8217;un concert a la sala de les columnes per celebrar el dia de la m\u00fasica.<\/p>\n<p>All\u00e0, uns pares i amics de l&#8217;escola, ens van ensenyar diferents instruments ( fagot, flauta travessera, gralla, sac de gemecs, flabiol i tarota) i ens els van tocar per a nosaltres. Donem les gr\u00e0cies als m\u00fasics. Gr\u00e0cies a ells, vam fer d&#8217;aquell dia, una aut\u00e8ntica celebraci\u00f3 de la m\u00fasica!!! Mireu mireu!!!<\/p>\n<p><a href=\"https:\/\/photos.app.goo.gl\/2LvsGdgRNsp4me9o9\"><img loading=\"lazy\" decoding=\"async\" class=\"alignnone size-large\" src=\"https:\/\/lh3.googleusercontent.com\/GufUZCeu6N2X5aJLnryW6EcJ1a0FqY0WVFXfEU3aT72Hwds3gOObi39sd_rqOheMEp3VnjRVJqG5bKgg08-1127agQbgYG5JknjTf6h67pVqT54kFg8tQhgTp-bwkdn5q0BV38jE7jcgqtqpSg4wFJYQuXVx_5S9ZdIYBJ3Xmrin6c1K_bKnj7tb57XRUG6TeH1XRGCYW3f2MeYCSItq_0soLd9tAuy97nLFgp40tEkiiFge2M9hp4GfcYXv-9kfEMEu-SAh2GpKdw847rSlm8Jvmz67JfowzbjSS77c7XZu8I6JAC5UZA7uFCPV3HXfOQtulfkmZ1pvLT2ZOH4pwesIbjPMF0RipKLGh7yDJGpfTIYXagOfBHtb5XSFi46XMK6CmL5ShTKFLm5WZTSj0cIjw6eZH860bCDAJkvLxP-tcnERppHtU9V1d45dJoD_7v7SuyBN7K_Aznhh27DiKaMdFjV_2U3kONr-73rW0MprH8B_fiN_9A4LWG9ur6zXouRHlznRN8Vu_dzQ_pk7BRTt9Nk1Ys6c-ltxXQoDwOLhE5bKkChGgP5TS5lFoZ-zhdu9j7nhFKmnVRJrNZTyozK_ydjD5K-kXC7DwkIZPXqMvlgrX_olZnxjNT5Aw8dSD6wHwvhaU5IofdU7FzH71dZ3YqWmnY2sr5PNCqYnL3zxIANMgt1InElU9aM084KITJx8W3Qyn6CtrJ7esP_0KuQhFcMG_cl2BFVxNTzmsXOIKKzl=w872-h654-no\" width=\"872\" height=\"654\" \/><\/a><\/p>\n","protected":false},"excerpt":{"rendered":"<p>Divendres a la tarda, els nens i nenes d&#8217;educaci\u00f3 infantil, vam gaudir d&#8217;un concert a la sala de les columnes per celebrar el dia de la m\u00fasica. All\u00e0, uns pares i amics de l&#8217;escola, ens van ensenyar diferents instruments ( fagot, flauta travessera, gralla, sac de gemecs, flabiol i tarota) i ens els van tocar [&hellip;]<\/p>\n","protected":false},"author":1,"featured_media":5219,"comment_status":"open","ping_status":"closed","sticky":false,"template":"","format":"standard","meta":{"_bbp_topic_count":0,"_bbp_reply_count":0,"_bbp_total_topic_count":0,"_bbp_total_reply_count":0,"_bbp_voice_count":0,"_bbp_anonymous_reply_count":0,"_bbp_topic_count_hidden":0,"_bbp_reply_count_hidden":0,"_bbp_forum_subforum_count":0,"site-sidebar-layout":"default","site-content-layout":"","ast-site-content-layout":"","site-content-style":"default","site-sidebar-style":"default","ast-global-header-display":"","ast-banner-title-visibility":"","ast-main-header-display":"","ast-hfb-above-header-display":"","ast-hfb-below-header-display":"","ast-hfb-mobile-header-display":"","site-post-title":"","ast-breadcrumbs-content":"","ast-featured-img":"","footer-sml-layout":"","theme-transparent-header-meta":"","adv-header-id-meta":"","stick-header-meta":"","header-above-stick-meta":"","header-main-stick-meta":"","header-below-stick-meta":"","astra-migrate-meta-layouts":"default","ast-page-background-enabled":"default","ast-page-background-meta":{"desktop":{"background-color":"var(--ast-global-color-5)","background-image":"","background-repeat":"repeat","background-position":"center center","background-size":"auto","background-attachment":"scroll","background-type":"","background-media":"","overlay-type":"","overlay-color":"","overlay-opacity":"","overlay-gradient":""},"tablet":{"background-color":"","background-image":"","background-repeat":"repeat","background-position":"center center","background-size":"auto","background-attachment":"scroll","background-type":"","background-media":"","overlay-type":"","overlay-color":"","overlay-opacity":"","overlay-gradient":""},"mobile":{"background-color":"","background-image":"","background-repeat":"repeat","background-position":"center center","background-size":"auto","background-attachment":"scroll","background-type":"","background-media":"","overlay-type":"","overlay-color":"","overlay-opacity":"","overlay-gradient":""}},"ast-content-background-meta":{"desktop":{"background-color":"var(--ast-global-color-4)","background-image":"","background-repeat":"repeat","background-position":"center center","background-size":"auto","background-attachment":"scroll","background-type":"","background-media":"","overlay-type":"","overlay-color":"","overlay-opacity":"","overlay-gradient":""},"tablet":{"background-color":"var(--ast-global-color-4)","background-image":"","background-repeat":"repeat","background-position":"center center","background-size":"auto","background-attachment":"scroll","background-type":"","background-media":"","overlay-type":"","overlay-color":"","overlay-opacity":"","overlay-gradient":""},"mobile":{"background-color":"var(--ast-global-color-4)","background-image":"","background-repeat":"repeat","background-position":"center center","background-size":"auto","background-attachment":"scroll","background-type":"","background-media":"","overlay-type":"","overlay-color":"","overlay-opacity":"","overlay-gradient":""}},"footnotes":""},"categories":[224,2],"tags":[],"class_list":["post-5218","post","type-post","status-publish","format-standard","has-post-thumbnail","hentry","category-historic","category-infantil"],"post_mailing_queue_ids":[],"_links":{"self":[{"href":"https:\/\/agora.xtec.cat\/escmarquesdelapobla\/wp-json\/wp\/v2\/posts\/5218","targetHints":{"allow":["GET"]}}],"collection":[{"href":"https:\/\/agora.xtec.cat\/escmarquesdelapobla\/wp-json\/wp\/v2\/posts"}],"about":[{"href":"https:\/\/agora.xtec.cat\/escmarquesdelapobla\/wp-json\/wp\/v2\/types\/post"}],"author":[{"embeddable":true,"href":"https:\/\/agora.xtec.cat\/escmarquesdelapobla\/wp-json\/wp\/v2\/users\/1"}],"replies":[{"embeddable":true,"href":"https:\/\/agora.xtec.cat\/escmarquesdelapobla\/wp-json\/wp\/v2\/comments?post=5218"}],"version-history":[{"count":4,"href":"https:\/\/agora.xtec.cat\/escmarquesdelapobla\/wp-json\/wp\/v2\/posts\/5218\/revisions"}],"predecessor-version":[{"id":5226,"href":"https:\/\/agora.xtec.cat\/escmarquesdelapobla\/wp-json\/wp\/v2\/posts\/5218\/revisions\/5226"}],"wp:featuredmedia":[{"embeddable":true,"href":"https:\/\/agora.xtec.cat\/escmarquesdelapobla\/wp-json\/wp\/v2\/media\/5219"}],"wp:attachment":[{"href":"https:\/\/agora.xtec.cat\/escmarquesdelapobla\/wp-json\/wp\/v2\/media?parent=5218"}],"wp:term":[{"taxonomy":"category","embeddable":true,"href":"https:\/\/agora.xtec.cat\/escmarquesdelapobla\/wp-json\/wp\/v2\/categories?post=5218"},{"taxonomy":"post_tag","embeddable":true,"href":"https:\/\/agora.xtec.cat\/escmarquesdelapobla\/wp-json\/wp\/v2\/tags?post=5218"}],"curies":[{"name":"wp","href":"https:\/\/api.w.org\/{rel}","templated":true}]}}