{"id":5181,"date":"2019-11-19T15:00:12","date_gmt":"2019-11-19T14:00:12","guid":{"rendered":"http:\/\/agora.xtec.cat\/escmarquesdelapobla\/?p=5181"},"modified":"2020-11-08T10:14:57","modified_gmt":"2020-11-08T09:14:57","slug":"anem-de-concert-amb-in-crescendo","status":"publish","type":"post","link":"https:\/\/agora.xtec.cat\/escmarquesdelapobla\/superior\/p5\/anem-de-concert-amb-in-crescendo\/","title":{"rendered":"Anem de concert amb&#8230; In Crescendo"},"content":{"rendered":"<p style=\"text-align: justify;\">Emmarcat dins dels actes de la celebraci\u00f3 d&#8217;aquesta setmana en honor a Sta. Cec\u00edlia, patrona dels m\u00fasics, els i les alumnes de cicle superior de l&#8217;escola hem fet una visita al Teatre de la Lliga de la vila per escoltar al grup guanyador de la segona edici\u00f3 del concurs de TV3 &#8216;Oh <em>happy day<\/em>&#8216;, els IN CRESCENDO.<\/p>\n<p style=\"text-align: justify;\">Ha estat una hora de concert escoltant versions de can\u00e7ons d&#8217;\u00e8xit de grups actuals que ens han fet , en alguns moments, aixecar-nos de la butaca i cantar i ballar amb el grup.<\/p>\n<p style=\"text-align: justify;\">Tota una oportunitat i espectacle que ens ha agradat molt.<\/p>\n<p><a href=\"https:\/\/photos.app.goo.gl\/GCXjvyKyZ9uS1sST6\"><img loading=\"lazy\" decoding=\"async\" class=\"alignnone size-large\" src=\"https:\/\/lh3.googleusercontent.com\/JS2ckcq2ljhTpxBzZ8g4T46Qk1v68HIjPOrZMKZPs5jB-NWh-wpkhz51Wiy_9KF5BkInIEaTV1EXHmZ6YWGb9IM9nccQdsYfyVYtpaKN35xmriY_pRM3pWMKR4IZeNNd0Lt2WTlDZZb0gwPukIO7Qbos5Btkkq6TNc3oQQLRqzrFLAmo9qujZYQhjDD2p5VoDie1ASUA9kv7O8AVsUXHrmbornCNFzbcGM1qZuBYTJwQiGxjFPK2mwin9WNab3CVnKP3G0E5liZZJmYVbvaOdfF7ajvIy0CGUSyw2K3UJ3jQC6IZjvlBpswLUtCi_JF_bsT9ii4ASRGr6AFQJUt6UHv_PSqhX0ATgZ34l2Bm6UW2TR0zd_H25gwvmUFuBtXo5NCBw_5UT1A2us9TbqVXNjDTupUwSAOvXvmlzR609zZ4xq2emHRpGcngcCEwbBMj-1ZfKt-Qq6N8TpwUdzOJ8eTiRvRAwihxzgzHNVgf2p1yOKV_ZvZC0SPUnXuBkOCMWMHp4IdyRXZWdufpHN84P96LFVu_3JHv0HwNbVPgauS5Yqi1zh3hrWL5uhmCcd6H2CkrhMw_2-92o2chjgAP4pDKfmAHgaVYbn7VVYwjdDxXLAe1LfRWqEoY74HjzJbAeG-3aUZJ3ovHoG6QCdyvJ9S9DuhK_wXihIk6uGMnX_0-ft8pv_RsZlBk3-fVxWajoDKezB8KGOH3Rn4Y00PIcwKHVjMTcyEivXlfbmYqd7EMLla3=w1271-h953-no\" width=\"1271\" height=\"953\" \/><\/a><\/p>\n<p>&nbsp;<\/p>\n","protected":false},"excerpt":{"rendered":"<p>Emmarcat dins dels actes de la celebraci\u00f3 d&#8217;aquesta setmana en honor a Sta. Cec\u00edlia, patrona dels m\u00fasics, els i les alumnes de cicle superior de l&#8217;escola hem fet una visita al Teatre de la Lliga de la vila per escoltar al grup guanyador de la segona edici\u00f3 del concurs de TV3 &#8216;Oh happy day&#8216;, els [&hellip;]<\/p>\n","protected":false},"author":1,"featured_media":5183,"comment_status":"open","ping_status":"closed","sticky":false,"template":"","format":"standard","meta":{"_bbp_topic_count":0,"_bbp_reply_count":0,"_bbp_total_topic_count":0,"_bbp_total_reply_count":0,"_bbp_voice_count":0,"_bbp_anonymous_reply_count":0,"_bbp_topic_count_hidden":0,"_bbp_reply_count_hidden":0,"_bbp_forum_subforum_count":0,"site-sidebar-layout":"default","site-content-layout":"","ast-site-content-layout":"","site-content-style":"default","site-sidebar-style":"default","ast-global-header-display":"","ast-banner-title-visibility":"","ast-main-header-display":"","ast-hfb-above-header-display":"","ast-hfb-below-header-display":"","ast-hfb-mobile-header-display":"","site-post-title":"","ast-breadcrumbs-content":"","ast-featured-img":"","footer-sml-layout":"","theme-transparent-header-meta":"","adv-header-id-meta":"","stick-header-meta":"","header-above-stick-meta":"","header-main-stick-meta":"","header-below-stick-meta":"","astra-migrate-meta-layouts":"default","ast-page-background-enabled":"default","ast-page-background-meta":{"desktop":{"background-color":"var(--ast-global-color-5)","background-image":"","background-repeat":"repeat","background-position":"center center","background-size":"auto","background-attachment":"scroll","background-type":"","background-media":"","overlay-type":"","overlay-color":"","overlay-opacity":"","overlay-gradient":""},"tablet":{"background-color":"","background-image":"","background-repeat":"repeat","background-position":"center center","background-size":"auto","background-attachment":"scroll","background-type":"","background-media":"","overlay-type":"","overlay-color":"","overlay-opacity":"","overlay-gradient":""},"mobile":{"background-color":"","background-image":"","background-repeat":"repeat","background-position":"center center","background-size":"auto","background-attachment":"scroll","background-type":"","background-media":"","overlay-type":"","overlay-color":"","overlay-opacity":"","overlay-gradient":""}},"ast-content-background-meta":{"desktop":{"background-color":"var(--ast-global-color-4)","background-image":"","background-repeat":"repeat","background-position":"center center","background-size":"auto","background-attachment":"scroll","background-type":"","background-media":"","overlay-type":"","overlay-color":"","overlay-opacity":"","overlay-gradient":""},"tablet":{"background-color":"var(--ast-global-color-4)","background-image":"","background-repeat":"repeat","background-position":"center center","background-size":"auto","background-attachment":"scroll","background-type":"","background-media":"","overlay-type":"","overlay-color":"","overlay-opacity":"","overlay-gradient":""},"mobile":{"background-color":"var(--ast-global-color-4)","background-image":"","background-repeat":"repeat","background-position":"center center","background-size":"auto","background-attachment":"scroll","background-type":"","background-media":"","overlay-type":"","overlay-color":"","overlay-opacity":"","overlay-gradient":""}},"footnotes":""},"categories":[224,80,14],"tags":[],"class_list":["post-5181","post","type-post","status-publish","format-standard","has-post-thumbnail","hentry","category-historic","category-escola","category-p5"],"post_mailing_queue_ids":[],"_links":{"self":[{"href":"https:\/\/agora.xtec.cat\/escmarquesdelapobla\/wp-json\/wp\/v2\/posts\/5181","targetHints":{"allow":["GET"]}}],"collection":[{"href":"https:\/\/agora.xtec.cat\/escmarquesdelapobla\/wp-json\/wp\/v2\/posts"}],"about":[{"href":"https:\/\/agora.xtec.cat\/escmarquesdelapobla\/wp-json\/wp\/v2\/types\/post"}],"author":[{"embeddable":true,"href":"https:\/\/agora.xtec.cat\/escmarquesdelapobla\/wp-json\/wp\/v2\/users\/1"}],"replies":[{"embeddable":true,"href":"https:\/\/agora.xtec.cat\/escmarquesdelapobla\/wp-json\/wp\/v2\/comments?post=5181"}],"version-history":[{"count":3,"href":"https:\/\/agora.xtec.cat\/escmarquesdelapobla\/wp-json\/wp\/v2\/posts\/5181\/revisions"}],"predecessor-version":[{"id":5209,"href":"https:\/\/agora.xtec.cat\/escmarquesdelapobla\/wp-json\/wp\/v2\/posts\/5181\/revisions\/5209"}],"wp:featuredmedia":[{"embeddable":true,"href":"https:\/\/agora.xtec.cat\/escmarquesdelapobla\/wp-json\/wp\/v2\/media\/5183"}],"wp:attachment":[{"href":"https:\/\/agora.xtec.cat\/escmarquesdelapobla\/wp-json\/wp\/v2\/media?parent=5181"}],"wp:term":[{"taxonomy":"category","embeddable":true,"href":"https:\/\/agora.xtec.cat\/escmarquesdelapobla\/wp-json\/wp\/v2\/categories?post=5181"},{"taxonomy":"post_tag","embeddable":true,"href":"https:\/\/agora.xtec.cat\/escmarquesdelapobla\/wp-json\/wp\/v2\/tags?post=5181"}],"curies":[{"name":"wp","href":"https:\/\/api.w.org\/{rel}","templated":true}]}}