{"id":5128,"date":"2019-11-08T09:42:34","date_gmt":"2019-11-08T08:42:34","guid":{"rendered":"http:\/\/agora.xtec.cat\/escmarquesdelapobla\/?p=5128"},"modified":"2020-11-08T10:16:05","modified_gmt":"2020-11-08T09:16:05","slug":"mesurem-lescola","status":"publish","type":"post","link":"https:\/\/agora.xtec.cat\/escmarquesdelapobla\/inicial\/mesurem-lescola\/","title":{"rendered":"Mesurem l&#8217;escola"},"content":{"rendered":"<p>Els Clim\u00e0tics i Els coralls hem treballat les unitats de mesura i pes. Per entendre-ho millor, vam decidir mesurar per grups la longitud de diferents elements que trobem al pati de l\u2019escola i a la classe: la pista, la paret, la porteria, el llapis\u2026 Fins i tot, ens vam mesurar a nosaltres! Vam utilitzar regles, metres i cintes.<\/p>\n<p><a href=\"https:\/\/photos.app.goo.gl\/rc6r8uv9Q643VyjN7\"><img loading=\"lazy\" decoding=\"async\" class=\"aligncenter\" src=\"https:\/\/lh3.googleusercontent.com\/YO6pCa9X2rGye19ULVN8IvphvfCCnF6bevJfM7F-9NtwM3mnnE0iWrZAF2W-BjN4G1sjlBSVc_zENGiSg3Bcmx1_scUAn5MEYzWsTiN-EqCM3ZTg66V-0PL7LO5NtaJc48kTi2crCjl8D6iZ8cRPzGK5_UBI_uAfnDFWgs-VyoWfhLdeEBcaZF-RA_NPz_86_V5Vmn_E3jm_kvWvV6CRihD6v7R_bT-GxNCXXp1yrej6EkqWgfiiIqNcHKpRWrpAty993glUZ5iCtWok3k9-F1D7qVwKFdg9wSRl0r8akmOW2mR5ZgnvDrNQJS7noaWQbyoPRoEP3lUSGTlsPNyXqwhlRSkkzkZn3T1-rQHgP_BBOVYexqeeZiNKW7Ep8q00VNSe_LNerO-3iX222bglBdw_BY1C5b8zZZHInJE_Fl-RQrnqAd_UJIHUgjSsFuHDzs9WuIIpmMqYBOiNTllU6Al5JzKrK6c4uXKJAhzL_oE1CUZsrgPTBh62j3h_JGMWEHmnRjq-HhpXQof0xvQOWo0v7_Qot9EBBJy91-zdvuA7-xe74-XCw2XGZCgDLmgL38rOe5dsDHR0OdRSFN3scwhB0eijuZMFHApvOgFQThR3T5M3FmJXtvzYfGvoo1FrQ4ommzeL8y7h_cQbnliEyxm1A32A4gzMX-cPAoRALDLPMD8K90T78j2C=w883-h662-no\" width=\"306\" height=\"229\" \/><\/a><\/p>\n<p>Ho vam mesurar en metres i despr\u00e9s ho vam transformar en dec\u00edmetres, cent\u00edmetres i mil\u00b7l\u00edmetres.<\/p>\n<p>Ens ho vam passar molt b\u00e9!<\/p>\n","protected":false},"excerpt":{"rendered":"<p>Els Clim\u00e0tics i Els coralls hem treballat les unitats de mesura i pes. Per entendre-ho millor, vam decidir mesurar per grups la longitud de diferents elements que trobem al pati de l\u2019escola i a la classe: la pista, la paret, la porteria, el llapis\u2026 Fins i tot, ens vam mesurar a nosaltres! Vam utilitzar regles, [&hellip;]<\/p>\n","protected":false},"author":1,"featured_media":0,"comment_status":"open","ping_status":"closed","sticky":false,"template":"","format":"standard","meta":{"_bbp_topic_count":0,"_bbp_reply_count":0,"_bbp_total_topic_count":0,"_bbp_total_reply_count":0,"_bbp_voice_count":0,"_bbp_anonymous_reply_count":0,"_bbp_topic_count_hidden":0,"_bbp_reply_count_hidden":0,"_bbp_forum_subforum_count":0,"site-sidebar-layout":"default","site-content-layout":"","ast-site-content-layout":"","site-content-style":"default","site-sidebar-style":"default","ast-global-header-display":"","ast-banner-title-visibility":"","ast-main-header-display":"","ast-hfb-above-header-display":"","ast-hfb-below-header-display":"","ast-hfb-mobile-header-display":"","site-post-title":"","ast-breadcrumbs-content":"","ast-featured-img":"","footer-sml-layout":"","theme-transparent-header-meta":"","adv-header-id-meta":"","stick-header-meta":"","header-above-stick-meta":"","header-main-stick-meta":"","header-below-stick-meta":"","astra-migrate-meta-layouts":"default","ast-page-background-enabled":"default","ast-page-background-meta":{"desktop":{"background-color":"var(--ast-global-color-5)","background-image":"","background-repeat":"repeat","background-position":"center center","background-size":"auto","background-attachment":"scroll","background-type":"","background-media":"","overlay-type":"","overlay-color":"","overlay-opacity":"","overlay-gradient":""},"tablet":{"background-color":"","background-image":"","background-repeat":"repeat","background-position":"center center","background-size":"auto","background-attachment":"scroll","background-type":"","background-media":"","overlay-type":"","overlay-color":"","overlay-opacity":"","overlay-gradient":""},"mobile":{"background-color":"","background-image":"","background-repeat":"repeat","background-position":"center center","background-size":"auto","background-attachment":"scroll","background-type":"","background-media":"","overlay-type":"","overlay-color":"","overlay-opacity":"","overlay-gradient":""}},"ast-content-background-meta":{"desktop":{"background-color":"var(--ast-global-color-4)","background-image":"","background-repeat":"repeat","background-position":"center center","background-size":"auto","background-attachment":"scroll","background-type":"","background-media":"","overlay-type":"","overlay-color":"","overlay-opacity":"","overlay-gradient":""},"tablet":{"background-color":"var(--ast-global-color-4)","background-image":"","background-repeat":"repeat","background-position":"center center","background-size":"auto","background-attachment":"scroll","background-type":"","background-media":"","overlay-type":"","overlay-color":"","overlay-opacity":"","overlay-gradient":""},"mobile":{"background-color":"var(--ast-global-color-4)","background-image":"","background-repeat":"repeat","background-position":"center center","background-size":"auto","background-attachment":"scroll","background-type":"","background-media":"","overlay-type":"","overlay-color":"","overlay-opacity":"","overlay-gradient":""}},"footnotes":""},"categories":[64,224],"tags":[],"class_list":["post-5128","post","type-post","status-publish","format-standard","hentry","category-inicial","category-historic"],"post_mailing_queue_ids":[],"_links":{"self":[{"href":"https:\/\/agora.xtec.cat\/escmarquesdelapobla\/wp-json\/wp\/v2\/posts\/5128","targetHints":{"allow":["GET"]}}],"collection":[{"href":"https:\/\/agora.xtec.cat\/escmarquesdelapobla\/wp-json\/wp\/v2\/posts"}],"about":[{"href":"https:\/\/agora.xtec.cat\/escmarquesdelapobla\/wp-json\/wp\/v2\/types\/post"}],"author":[{"embeddable":true,"href":"https:\/\/agora.xtec.cat\/escmarquesdelapobla\/wp-json\/wp\/v2\/users\/1"}],"replies":[{"embeddable":true,"href":"https:\/\/agora.xtec.cat\/escmarquesdelapobla\/wp-json\/wp\/v2\/comments?post=5128"}],"version-history":[{"count":1,"href":"https:\/\/agora.xtec.cat\/escmarquesdelapobla\/wp-json\/wp\/v2\/posts\/5128\/revisions"}],"predecessor-version":[{"id":5129,"href":"https:\/\/agora.xtec.cat\/escmarquesdelapobla\/wp-json\/wp\/v2\/posts\/5128\/revisions\/5129"}],"wp:attachment":[{"href":"https:\/\/agora.xtec.cat\/escmarquesdelapobla\/wp-json\/wp\/v2\/media?parent=5128"}],"wp:term":[{"taxonomy":"category","embeddable":true,"href":"https:\/\/agora.xtec.cat\/escmarquesdelapobla\/wp-json\/wp\/v2\/categories?post=5128"},{"taxonomy":"post_tag","embeddable":true,"href":"https:\/\/agora.xtec.cat\/escmarquesdelapobla\/wp-json\/wp\/v2\/tags?post=5128"}],"curies":[{"name":"wp","href":"https:\/\/api.w.org\/{rel}","templated":true}]}}