{"id":5043,"date":"2019-10-24T14:39:11","date_gmt":"2019-10-24T12:39:11","guid":{"rendered":"http:\/\/agora.xtec.cat\/escmarquesdelapobla\/?p=5043"},"modified":"2020-11-08T12:05:49","modified_gmt":"2020-11-08T11:05:49","slug":"lescola","status":"publish","type":"post","link":"https:\/\/agora.xtec.cat\/escmarquesdelapobla\/infantil\/lescola\/","title":{"rendered":"L\u2019ESCOLA"},"content":{"rendered":"<p>Els primers dies \u00a0d\u2019aquest nou curs \u00a0vam tenir una conversa entorn al sentit de venir a l\u2019escola.<\/p>\n<p>Per qu\u00e8 venim a l\u2019escola?<\/p>\n<p>Qu\u00e8 fem a l\u2019escola?<\/p>\n<p>Ens sembla important reflexionar tamb\u00e9 sobre la quotidianitat: All\u00f2 que estem acostumats a veure i viure t\u00e9 sentit?<\/p>\n<p>Cadasc\u00fa va poder dir la seva opini\u00f3 i entre totes elles, vam configurar el ventall de possibilitats que ens ofereix aquest entorn.<\/p>\n<p>En un altre moment vam fer-nos de nou una pregunta: Qu\u00e8 puc fer jo perqu\u00e8 vagi b\u00e9?<\/p>\n<p>Quina \u00e9s l\u2019aportaci\u00f3 de cadasc\u00fa en el benestar com\u00fa?<\/p>\n<p>Qu\u00e8 em proposo oferir als companys?<\/p>\n<p>Qu\u00e8 em proposo per passar\u00a0 un bon dia?<\/p>\n<p>A trav\u00e9s d\u2019aquesta nova reflexi\u00f3 ens fem visibles tots i cadasc\u00fa de nosaltres: A la classe de les flors de neu tots som importants, tots ens necessitem i el benestar o malestar d\u2019un repercuteix en el grup.<\/p>\n<p><a href=\"https:\/\/photos.app.goo.gl\/dna9ouVRUn8uQeoE8\"><img loading=\"lazy\" decoding=\"async\" class=\"alignnone size-large\" src=\"https:\/\/lh3.googleusercontent.com\/xdkB8P9ChcispHrTj0IssuFg5K8KQnkCoa0fUyiXy6tmaun-Qkz6ITSOFTJQUmjEC0z0anVKnocv7vhO0Sb3vKJkv9z5c1HykZxu8kaXU8Zm3IWhsl2sTWtVOYgxAGl5Tq2QfbGH_heLppeHaPda5hX4g3NVmZTBnVk8IAmChIoAjPh_7Smm9GG8XES9PZExjXAYvtLh2x0DG6Q26l_f-aSjdDDb8lLo8BozDUGUdqyqImUi0eD2wBDbuSlqF87vHFeUHMIZjpAknEVIMl5Lmi0vJawXvqAdjehr4s7B0VAuJ1qxyrlmD-LC7AdnCk9eTeJgFGqAbUpZI7CeRz-pXRDLWVAedptNwBWIQ3PyZuDeTKcn7T2A1Ew7lddSbnY7c5z96nJJwq5IidU4lIirmUCbdTHlrOcYjA6Sg1ZFeEyZQqzgopckAXHp6VMQL70qt6oR9TATSiVETE7uWRc7PnbAecL7TKOsGwcs_24O2l0Q5CJyHqte13MemG9IiQRT22rwr63VLcPUGvEkn5wF5MnQ_SMMUW4jYktLOYC_OWB9ylSZK3gCHmdueFslT_sTSO9pOVcWokQ9eeeU8YmMXM9Ny9w2AngK3uabCIUvCK7iF9oj1uOZEPHDzLDqQvvup79GeH1yopVVs2cHkijysNpLaALa_QwTk_6XHX0-7WkQk8ywBPxmxvu-xnBOvxAFgOpLzwzH0GYeiHWuECltJxSiCZw7osUDAc6cz4ehSVfwRF0u5A=w1214-h910-no\" width=\"1214\" height=\"910\" \/><\/a><\/p>\n","protected":false},"excerpt":{"rendered":"<p>Els primers dies \u00a0d\u2019aquest nou curs \u00a0vam tenir una conversa entorn al sentit de venir a l\u2019escola. Per qu\u00e8 venim a l\u2019escola? Qu\u00e8 fem a l\u2019escola? Ens sembla important reflexionar tamb\u00e9 sobre la quotidianitat: All\u00f2 que estem acostumats a veure i viure t\u00e9 sentit? Cadasc\u00fa va poder dir la seva opini\u00f3 i entre totes elles, [&hellip;]<\/p>\n","protected":false},"author":1,"featured_media":5044,"comment_status":"open","ping_status":"closed","sticky":false,"template":"","format":"standard","meta":{"_bbp_topic_count":0,"_bbp_reply_count":0,"_bbp_total_topic_count":0,"_bbp_total_reply_count":0,"_bbp_voice_count":0,"_bbp_anonymous_reply_count":0,"_bbp_topic_count_hidden":0,"_bbp_reply_count_hidden":0,"_bbp_forum_subforum_count":0,"site-sidebar-layout":"default","site-content-layout":"","ast-site-content-layout":"","site-content-style":"default","site-sidebar-style":"default","ast-global-header-display":"","ast-banner-title-visibility":"","ast-main-header-display":"","ast-hfb-above-header-display":"","ast-hfb-below-header-display":"","ast-hfb-mobile-header-display":"","site-post-title":"","ast-breadcrumbs-content":"","ast-featured-img":"","footer-sml-layout":"","theme-transparent-header-meta":"","adv-header-id-meta":"","stick-header-meta":"","header-above-stick-meta":"","header-main-stick-meta":"","header-below-stick-meta":"","astra-migrate-meta-layouts":"default","ast-page-background-enabled":"default","ast-page-background-meta":{"desktop":{"background-color":"var(--ast-global-color-5)","background-image":"","background-repeat":"repeat","background-position":"center center","background-size":"auto","background-attachment":"scroll","background-type":"","background-media":"","overlay-type":"","overlay-color":"","overlay-opacity":"","overlay-gradient":""},"tablet":{"background-color":"","background-image":"","background-repeat":"repeat","background-position":"center center","background-size":"auto","background-attachment":"scroll","background-type":"","background-media":"","overlay-type":"","overlay-color":"","overlay-opacity":"","overlay-gradient":""},"mobile":{"background-color":"","background-image":"","background-repeat":"repeat","background-position":"center center","background-size":"auto","background-attachment":"scroll","background-type":"","background-media":"","overlay-type":"","overlay-color":"","overlay-opacity":"","overlay-gradient":""}},"ast-content-background-meta":{"desktop":{"background-color":"var(--ast-global-color-4)","background-image":"","background-repeat":"repeat","background-position":"center center","background-size":"auto","background-attachment":"scroll","background-type":"","background-media":"","overlay-type":"","overlay-color":"","overlay-opacity":"","overlay-gradient":""},"tablet":{"background-color":"var(--ast-global-color-4)","background-image":"","background-repeat":"repeat","background-position":"center center","background-size":"auto","background-attachment":"scroll","background-type":"","background-media":"","overlay-type":"","overlay-color":"","overlay-opacity":"","overlay-gradient":""},"mobile":{"background-color":"var(--ast-global-color-4)","background-image":"","background-repeat":"repeat","background-position":"center center","background-size":"auto","background-attachment":"scroll","background-type":"","background-media":"","overlay-type":"","overlay-color":"","overlay-opacity":"","overlay-gradient":""}},"footnotes":""},"categories":[224,2,80],"tags":[],"class_list":["post-5043","post","type-post","status-publish","format-standard","has-post-thumbnail","hentry","category-historic","category-infantil","category-escola"],"post_mailing_queue_ids":[],"_links":{"self":[{"href":"https:\/\/agora.xtec.cat\/escmarquesdelapobla\/wp-json\/wp\/v2\/posts\/5043","targetHints":{"allow":["GET"]}}],"collection":[{"href":"https:\/\/agora.xtec.cat\/escmarquesdelapobla\/wp-json\/wp\/v2\/posts"}],"about":[{"href":"https:\/\/agora.xtec.cat\/escmarquesdelapobla\/wp-json\/wp\/v2\/types\/post"}],"author":[{"embeddable":true,"href":"https:\/\/agora.xtec.cat\/escmarquesdelapobla\/wp-json\/wp\/v2\/users\/1"}],"replies":[{"embeddable":true,"href":"https:\/\/agora.xtec.cat\/escmarquesdelapobla\/wp-json\/wp\/v2\/comments?post=5043"}],"version-history":[{"count":1,"href":"https:\/\/agora.xtec.cat\/escmarquesdelapobla\/wp-json\/wp\/v2\/posts\/5043\/revisions"}],"predecessor-version":[{"id":5045,"href":"https:\/\/agora.xtec.cat\/escmarquesdelapobla\/wp-json\/wp\/v2\/posts\/5043\/revisions\/5045"}],"wp:featuredmedia":[{"embeddable":true,"href":"https:\/\/agora.xtec.cat\/escmarquesdelapobla\/wp-json\/wp\/v2\/media\/5044"}],"wp:attachment":[{"href":"https:\/\/agora.xtec.cat\/escmarquesdelapobla\/wp-json\/wp\/v2\/media?parent=5043"}],"wp:term":[{"taxonomy":"category","embeddable":true,"href":"https:\/\/agora.xtec.cat\/escmarquesdelapobla\/wp-json\/wp\/v2\/categories?post=5043"},{"taxonomy":"post_tag","embeddable":true,"href":"https:\/\/agora.xtec.cat\/escmarquesdelapobla\/wp-json\/wp\/v2\/tags?post=5043"}],"curies":[{"name":"wp","href":"https:\/\/api.w.org\/{rel}","templated":true}]}}