{"id":497,"date":"2015-02-04T16:39:34","date_gmt":"2015-02-04T15:39:34","guid":{"rendered":"http:\/\/blocs.xtec.cat\/marquesdelapobla\/?p=497"},"modified":"2021-01-15T22:43:13","modified_gmt":"2021-01-15T21:43:13","slug":"dia-de-la-pau-2022015","status":"publish","type":"post","link":"https:\/\/agora.xtec.cat\/escmarquesdelapobla\/celebracions\/dia-de-la-pau-2022015\/","title":{"rendered":"Dia de la pau 2\/02\/2015"},"content":{"rendered":"<p><!-- Place this tag in your head or just before your close body tag. --><br \/>\n<script src=\"https:\/\/apis.google.com\/js\/plusone.js\" type=\"text\/javascript\"><\/script><\/p>\n<p><!-- Place this tag where you want the widget to render. --><\/p>\n<div class=\"g-post\" data-href=\"https:\/\/plus.google.com\/114387758541854149339\/posts\/8FW3x73fJGz\"><\/div>\n<p><strong><b>L\u2019escola Marqu\u00e8s de la Pobla celebra el Dia de la Pau<\/b><\/strong><\/p>\n<p>&nbsp;<\/p>\n<p>Aquest passat dilluns 2 de febrer alumnes, mestres i pares de l\u2019escola Marqu\u00e8s de la Pobla de Capellades van commemorar conjuntament el Dia de la Pau, en aquest curs 2014-15 lligat a l\u2019eix transversal de les emocions i dels desitjos d\u2019afegir un granet de sorra per millorar el nostre entorn <!--more-->i el m\u00f3n. En aquesta ocasi\u00f3 es va escollir el s\u00edmbol del llapis, molt proper als infants, com a element de reflexi\u00f3 sobre el respecte que cal tenir sempre envers les altres persones, el di\u00e0leg, l\u2019acollida, el companyerisme i l\u2019amistat. Per aix\u00f2, i en els dies previs a la festa, l\u2019alumnat de l\u2019escola va inscriure el seu particular desig de Pau en uns llapis de paper que es van fer arribar a totes les cases i que dilluns passat, un cop celebrat l\u2019acte, van ser penjats al pati de l\u2019escola.<\/p>\n<p>&nbsp;<\/p>\n<p>Durant la Festa diferents representants de cada grup escolar van llegir en veu alta diversos desitjos de Pau i van anar deixant els diversos llapis mitjans que els contenien al voltant del llapis immens amb els qual es van projectar tots els desitjos col\u00b7lectius. Finalment es va interpretar la can\u00e7\u00f3 \u201cLa Pau \u00e9s aqu\u00ed\u201d, com a culminaci\u00f3 de tots els treballs que aquests darrers dies s\u2019han fet a les aules en el mateix sentit.<\/p>\n<p>&nbsp;<\/p>\n<p>El Dia de la Pau forma part de l\u2019agenda d\u2019activitats que es duen a terme en aquesta escola p\u00fablica capelladina des de fa molts cursos i que l\u2019alumnat i tot l\u2019equip de mestres comparteix amb pares i mares per fer pinya per a un mateix objectiu com\u00fa.<\/p>\n<p>&nbsp;<\/p>\n<p><strong><b>Joan Pinyol<\/b><\/strong><\/p>\n","protected":false},"excerpt":{"rendered":"<p>L\u2019escola Marqu\u00e8s de la Pobla celebra el Dia de la Pau &nbsp; Aquest passat dilluns 2 de febrer alumnes, mestres i pares de l\u2019escola Marqu\u00e8s de la Pobla de Capellades van commemorar conjuntament el Dia de la Pau, en aquest curs 2014-15 lligat a l\u2019eix transversal de les emocions i dels desitjos d\u2019afegir un granet [&hellip;]<\/p>\n","protected":false},"author":1,"featured_media":0,"comment_status":"open","ping_status":"closed","sticky":false,"template":"","format":"standard","meta":{"_bbp_topic_count":0,"_bbp_reply_count":0,"_bbp_total_topic_count":0,"_bbp_total_reply_count":0,"_bbp_voice_count":0,"_bbp_anonymous_reply_count":0,"_bbp_topic_count_hidden":0,"_bbp_reply_count_hidden":0,"_bbp_forum_subforum_count":0,"site-sidebar-layout":"default","site-content-layout":"","ast-site-content-layout":"","site-content-style":"default","site-sidebar-style":"default","ast-global-header-display":"","ast-banner-title-visibility":"","ast-main-header-display":"","ast-hfb-above-header-display":"","ast-hfb-below-header-display":"","ast-hfb-mobile-header-display":"","site-post-title":"","ast-breadcrumbs-content":"","ast-featured-img":"","footer-sml-layout":"","theme-transparent-header-meta":"","adv-header-id-meta":"","stick-header-meta":"","header-above-stick-meta":"","header-main-stick-meta":"","header-below-stick-meta":"","astra-migrate-meta-layouts":"default","ast-page-background-enabled":"default","ast-page-background-meta":{"desktop":{"background-color":"var(--ast-global-color-5)","background-image":"","background-repeat":"repeat","background-position":"center center","background-size":"auto","background-attachment":"scroll","background-type":"","background-media":"","overlay-type":"","overlay-color":"","overlay-opacity":"","overlay-gradient":""},"tablet":{"background-color":"","background-image":"","background-repeat":"repeat","background-position":"center center","background-size":"auto","background-attachment":"scroll","background-type":"","background-media":"","overlay-type":"","overlay-color":"","overlay-opacity":"","overlay-gradient":""},"mobile":{"background-color":"","background-image":"","background-repeat":"repeat","background-position":"center center","background-size":"auto","background-attachment":"scroll","background-type":"","background-media":"","overlay-type":"","overlay-color":"","overlay-opacity":"","overlay-gradient":""}},"ast-content-background-meta":{"desktop":{"background-color":"var(--ast-global-color-4)","background-image":"","background-repeat":"repeat","background-position":"center center","background-size":"auto","background-attachment":"scroll","background-type":"","background-media":"","overlay-type":"","overlay-color":"","overlay-opacity":"","overlay-gradient":""},"tablet":{"background-color":"var(--ast-global-color-4)","background-image":"","background-repeat":"repeat","background-position":"center center","background-size":"auto","background-attachment":"scroll","background-type":"","background-media":"","overlay-type":"","overlay-color":"","overlay-opacity":"","overlay-gradient":""},"mobile":{"background-color":"var(--ast-global-color-4)","background-image":"","background-repeat":"repeat","background-position":"center center","background-size":"auto","background-attachment":"scroll","background-type":"","background-media":"","overlay-type":"","overlay-color":"","overlay-opacity":"","overlay-gradient":""}},"footnotes":""},"categories":[55,228,224],"tags":[],"class_list":["post-497","post","type-post","status-publish","format-standard","hentry","category-celebracions","category-dia-de-la-pau","category-historic"],"post_mailing_queue_ids":[],"_links":{"self":[{"href":"https:\/\/agora.xtec.cat\/escmarquesdelapobla\/wp-json\/wp\/v2\/posts\/497","targetHints":{"allow":["GET"]}}],"collection":[{"href":"https:\/\/agora.xtec.cat\/escmarquesdelapobla\/wp-json\/wp\/v2\/posts"}],"about":[{"href":"https:\/\/agora.xtec.cat\/escmarquesdelapobla\/wp-json\/wp\/v2\/types\/post"}],"author":[{"embeddable":true,"href":"https:\/\/agora.xtec.cat\/escmarquesdelapobla\/wp-json\/wp\/v2\/users\/1"}],"replies":[{"embeddable":true,"href":"https:\/\/agora.xtec.cat\/escmarquesdelapobla\/wp-json\/wp\/v2\/comments?post=497"}],"version-history":[{"count":1,"href":"https:\/\/agora.xtec.cat\/escmarquesdelapobla\/wp-json\/wp\/v2\/posts\/497\/revisions"}],"predecessor-version":[{"id":7952,"href":"https:\/\/agora.xtec.cat\/escmarquesdelapobla\/wp-json\/wp\/v2\/posts\/497\/revisions\/7952"}],"wp:attachment":[{"href":"https:\/\/agora.xtec.cat\/escmarquesdelapobla\/wp-json\/wp\/v2\/media?parent=497"}],"wp:term":[{"taxonomy":"category","embeddable":true,"href":"https:\/\/agora.xtec.cat\/escmarquesdelapobla\/wp-json\/wp\/v2\/categories?post=497"},{"taxonomy":"post_tag","embeddable":true,"href":"https:\/\/agora.xtec.cat\/escmarquesdelapobla\/wp-json\/wp\/v2\/tags?post=497"}],"curies":[{"name":"wp","href":"https:\/\/api.w.org\/{rel}","templated":true}]}}