{"id":4899,"date":"2019-09-20T14:32:40","date_gmt":"2019-09-20T12:32:40","guid":{"rendered":"http:\/\/agora.xtec.cat\/escmarquesdelapobla\/?p=4899"},"modified":"2020-11-08T12:09:21","modified_gmt":"2020-11-08T11:09:21","slug":"setmana-pel-clima-del-23-al-27-de-setembre-de-2019","status":"publish","type":"post","link":"https:\/\/agora.xtec.cat\/escmarquesdelapobla\/celebracions\/setmana-pel-clima-del-23-al-27-de-setembre-de-2019\/","title":{"rendered":"SETMANA PEL CLIMA , del 23 al 27 de setembre de 2019"},"content":{"rendered":"<p style=\"text-align: center;\">El dilluns dia 23 va comen\u00e7ar la <a href=\"http:\/\/www.emergenciaclimatica.net\/#toolkit\">Setmana pel Clima<\/a>.<\/p>\n<p style=\"text-align: center;\">Tot seguint l&#8217;eix d&#8217;aquest curs, SOS TERRA, l&#8217;escola hi participar\u00e0\u00a0 i s&#8217;implica dia a dia fent <span style=\"font-family: inherit; font-size: 1em;\">una feina de reflexi\u00f3 i de difusi\u00f3.<\/span><\/p>\n<p style=\"text-align: center;\">Altres institucions educatives com ara <a href=\"https:\/\/fundesplai.org\/ca\/inici-ca\/33-noticies\/1867-fundesplai-se-suma-a-la-vagamundialpelclima\">Fundesplai<\/a>, tamb\u00e9 s&#8217;han implicat. Podreu trobar m\u00e9s informaci\u00f3 <a href=\"https:\/\/www.instagram.com\/familiesforfuture.bcn\/\">AQU\u00cd<\/a> i tamb\u00e9\u00a0 <a href=\"https:\/\/teachersforfuturespain.org\/preparandonos-para-septiembre\/\">AQU\u00cd<\/a><\/p>\n<p><a href=\"https:\/\/agora.xtec.cat\/escmarquesdelapobla\/wp-content\/uploads\/usu1682\/2019\/09\/setmana-pel-clima-1.jpg\"><img loading=\"lazy\" decoding=\"async\" class=\"wp-image-4901 alignleft\" src=\"https:\/\/agora.xtec.cat\/escmarquesdelapobla\/wp-content\/uploads\/usu1682\/2019\/09\/setmana-pel-clima-1-212x300.jpg\" alt=\"\" width=\"396\" height=\"560\" srcset=\"https:\/\/agora.xtec.cat\/escmarquesdelapobla\/wp-content\/uploads\/usu1682\/2019\/09\/setmana-pel-clima-1-212x300.jpg 212w, https:\/\/agora.xtec.cat\/escmarquesdelapobla\/wp-content\/uploads\/usu1682\/2019\/09\/setmana-pel-clima-1-768x1087.jpg 768w, https:\/\/agora.xtec.cat\/escmarquesdelapobla\/wp-content\/uploads\/usu1682\/2019\/09\/setmana-pel-clima-1-724x1024.jpg 724w, https:\/\/agora.xtec.cat\/escmarquesdelapobla\/wp-content\/uploads\/usu1682\/2019\/09\/setmana-pel-clima-1.jpg 1653w\" sizes=\"auto, (max-width: 396px) 100vw, 396px\" \/><\/a><\/p>\n<p><strong>DILLUNS, 23:<\/strong> UN MINUT DE SILENCI<\/p>\n<p><strong>DIMARTS, 24<\/strong>:\u00a0 VINDREM AMB UNA SAMARRETA VERDA A L&#8217;ESCOLA.<\/p>\n<p><strong>DIMECRES, 25<\/strong>: PROJECCI\u00d3 D&#8217;UN V\u00cdDEO SOBRE EL MEDI AMBIENT.<\/p>\n<p><strong>DIJOUS, 26<\/strong>: FEM CARTELLS!<\/p>\n<p><strong>DIVENDRES 27<\/strong>: PENGEM CARTELLS!&#8212;&#8212;&#8212;&#8212;DIA DE LA VAGA MUNDIAL PEL CLIMA<\/p>\n<p>&nbsp;<\/p>\n<p>&nbsp;<\/p>\n<p>&nbsp;<\/p>\n","protected":false},"excerpt":{"rendered":"<p>El dilluns dia 23 va comen\u00e7ar la Setmana pel Clima. Tot seguint l&#8217;eix d&#8217;aquest curs, SOS TERRA, l&#8217;escola hi participar\u00e0\u00a0 i s&#8217;implica dia a dia fent una feina de reflexi\u00f3 i de difusi\u00f3. Altres institucions educatives com ara Fundesplai, tamb\u00e9 s&#8217;han implicat. Podreu trobar m\u00e9s informaci\u00f3 AQU\u00cd i tamb\u00e9\u00a0 AQU\u00cd DILLUNS, 23: UN MINUT DE [&hellip;]<\/p>\n","protected":false},"author":1,"featured_media":0,"comment_status":"open","ping_status":"closed","sticky":false,"template":"","format":"standard","meta":{"_bbp_topic_count":0,"_bbp_reply_count":0,"_bbp_total_topic_count":0,"_bbp_total_reply_count":0,"_bbp_voice_count":0,"_bbp_anonymous_reply_count":0,"_bbp_topic_count_hidden":0,"_bbp_reply_count_hidden":0,"_bbp_forum_subforum_count":0,"site-sidebar-layout":"default","site-content-layout":"","ast-site-content-layout":"","site-content-style":"default","site-sidebar-style":"default","ast-global-header-display":"","ast-banner-title-visibility":"","ast-main-header-display":"","ast-hfb-above-header-display":"","ast-hfb-below-header-display":"","ast-hfb-mobile-header-display":"","site-post-title":"","ast-breadcrumbs-content":"","ast-featured-img":"","footer-sml-layout":"","theme-transparent-header-meta":"","adv-header-id-meta":"","stick-header-meta":"","header-above-stick-meta":"","header-main-stick-meta":"","header-below-stick-meta":"","astra-migrate-meta-layouts":"default","ast-page-background-enabled":"default","ast-page-background-meta":{"desktop":{"background-color":"var(--ast-global-color-5)","background-image":"","background-repeat":"repeat","background-position":"center center","background-size":"auto","background-attachment":"scroll","background-type":"","background-media":"","overlay-type":"","overlay-color":"","overlay-opacity":"","overlay-gradient":""},"tablet":{"background-color":"","background-image":"","background-repeat":"repeat","background-position":"center center","background-size":"auto","background-attachment":"scroll","background-type":"","background-media":"","overlay-type":"","overlay-color":"","overlay-opacity":"","overlay-gradient":""},"mobile":{"background-color":"","background-image":"","background-repeat":"repeat","background-position":"center center","background-size":"auto","background-attachment":"scroll","background-type":"","background-media":"","overlay-type":"","overlay-color":"","overlay-opacity":"","overlay-gradient":""}},"ast-content-background-meta":{"desktop":{"background-color":"var(--ast-global-color-4)","background-image":"","background-repeat":"repeat","background-position":"center center","background-size":"auto","background-attachment":"scroll","background-type":"","background-media":"","overlay-type":"","overlay-color":"","overlay-opacity":"","overlay-gradient":""},"tablet":{"background-color":"var(--ast-global-color-4)","background-image":"","background-repeat":"repeat","background-position":"center center","background-size":"auto","background-attachment":"scroll","background-type":"","background-media":"","overlay-type":"","overlay-color":"","overlay-opacity":"","overlay-gradient":""},"mobile":{"background-color":"var(--ast-global-color-4)","background-image":"","background-repeat":"repeat","background-position":"center center","background-size":"auto","background-attachment":"scroll","background-type":"","background-media":"","overlay-type":"","overlay-color":"","overlay-opacity":"","overlay-gradient":""}},"footnotes":""},"categories":[55,224,79],"tags":[],"class_list":["post-4899","post","type-post","status-publish","format-standard","hentry","category-celebracions","category-historic","category-info"],"post_mailing_queue_ids":[],"_links":{"self":[{"href":"https:\/\/agora.xtec.cat\/escmarquesdelapobla\/wp-json\/wp\/v2\/posts\/4899","targetHints":{"allow":["GET"]}}],"collection":[{"href":"https:\/\/agora.xtec.cat\/escmarquesdelapobla\/wp-json\/wp\/v2\/posts"}],"about":[{"href":"https:\/\/agora.xtec.cat\/escmarquesdelapobla\/wp-json\/wp\/v2\/types\/post"}],"author":[{"embeddable":true,"href":"https:\/\/agora.xtec.cat\/escmarquesdelapobla\/wp-json\/wp\/v2\/users\/1"}],"replies":[{"embeddable":true,"href":"https:\/\/agora.xtec.cat\/escmarquesdelapobla\/wp-json\/wp\/v2\/comments?post=4899"}],"version-history":[{"count":4,"href":"https:\/\/agora.xtec.cat\/escmarquesdelapobla\/wp-json\/wp\/v2\/posts\/4899\/revisions"}],"predecessor-version":[{"id":4924,"href":"https:\/\/agora.xtec.cat\/escmarquesdelapobla\/wp-json\/wp\/v2\/posts\/4899\/revisions\/4924"}],"wp:attachment":[{"href":"https:\/\/agora.xtec.cat\/escmarquesdelapobla\/wp-json\/wp\/v2\/media?parent=4899"}],"wp:term":[{"taxonomy":"category","embeddable":true,"href":"https:\/\/agora.xtec.cat\/escmarquesdelapobla\/wp-json\/wp\/v2\/categories?post=4899"},{"taxonomy":"post_tag","embeddable":true,"href":"https:\/\/agora.xtec.cat\/escmarquesdelapobla\/wp-json\/wp\/v2\/tags?post=4899"}],"curies":[{"name":"wp","href":"https:\/\/api.w.org\/{rel}","templated":true}]}}