{"id":4791,"date":"2019-09-12T09:00:57","date_gmt":"2019-09-12T07:00:57","guid":{"rendered":"http:\/\/agora.xtec.cat\/escmarquesdelapobla\/?p=4791"},"modified":"2020-11-08T12:09:46","modified_gmt":"2020-11-08T11:09:46","slug":"el-nostre-eix-sos-terra","status":"publish","type":"post","link":"https:\/\/agora.xtec.cat\/escmarquesdelapobla\/info\/el-nostre-eix-sos-terra\/","title":{"rendered":"EL NOSTRE EIX: &#8220;SOS LA TERRA&#8221;."},"content":{"rendered":"<p style=\"text-align: center;\">BON INICI DE CURS 2019-2020!!!<\/p>\n<p style=\"text-align: center;\">&#8220;Es tracta de deixar de veure\u2019ns com a propietaris i dominadors del planeta i la vida&#8221;<\/p>\n<p style=\"text-align: center;\">CARLES XIFRA, <em>Director d\u2019Innovaci\u00f3 i Continguts de Fundesplai<\/em><\/p>\n<p style=\"text-align: center;\"><a href=\"https:\/\/www.ara.cat\/opinio\/carles-xifra-educacio-emergencia-planetaria_0_2291770925.html\">Diari ARA, 19\/08\/2019<\/a><\/p>\n<p>Som la primera generaci\u00f3 amb una consci\u00e8ncia clara que hem sobrepassat tots els l\u00edmits i les capacitats de c\u00e0rrega del planeta i, molt possiblement, l&#8217;\u00faltima generaci\u00f3 que pot mirar de mitigar-ne els problemes i afrontar amb alternatives reals un futur, ara per ara, insostenible.<\/p>\n<p>Som conscients que calen canvis que ens situ\u00efn de nou dins els l\u00edmits. Canvis que no nom\u00e9s venen de la m\u00e0 de l\u2019aven\u00e7 disruptiu de la tecnologia o de mesures pol\u00edtiques i econ\u00f2miques (que s\u00f3n imprescindibles), sin\u00f3 tamb\u00e9 de canvis profunds en l\u2019imaginari col\u00b7lectiu.<\/p>\n<p>I \u00e9s aqu\u00ed, i en especial davant la generaci\u00f3 de les persones joves, on l\u2019educaci\u00f3 per al desenvolupament sostenible s\u2019erigeix com una de les eines amb m\u00e9s capacitat d\u2019incid\u00e8ncia. Tanmateix, ens cal parar atenci\u00f3 a quatre dels eixos sobre els quals han de pivotar nous enfocaments educatius.<\/p>\n<p>En primer lloc, hem de deixar pas a un nou paradigma que s\u2019obre cam\u00ed i que sacseja d\u2019arrel els nivells de consci\u00e8ncia: la<strong> &#8216;feminitzaci\u00f3 del desenvolupament&#8217;<\/strong>. Es tracta de deixar de veure\u2019ns com a propietaris i dominadors del planeta i la vida. De deixar enrere els models uniformadors, competitius, economicistes i basats en l\u2019\u00e8pica (i associats a un m\u00f3n tradicionalment mascul\u00ed). Necessitem regenerar les relacions entre els \u00e9ssers humans i entre aquests i la natura. Dotar de sentit la gesti\u00f3 vital de la natura, desenvolupar la capacitat femenina per gestionar la quotidianitat i la complexitat, des de la cura i no des del domini.<\/p>\n<p>En segon lloc, si algun principi est\u00e0 m\u00e9s que comprovat en el m\u00f3n de l\u2019educaci\u00f3 \u00e9s que <strong>amb por ni s\u2019apr\u00e8n ni s\u2019assoleixen canvis significatius en les persones<\/strong>. Cal aconseguir que les persones, amb les seves diverses capacitats, estils i exemples, puguin contagiar canvis de valors i actituds al seu voltant.<\/p>\n<p>Cal comprendre les magnituds reals dels problemes, per\u00f2 aquesta comprensi\u00f3 s\u2019ha de combinar amb la il\u00b7lusi\u00f3 i l\u2019esperan\u00e7a, amb la possibilitat de comen\u00e7ar a construir noves formes de vida que ens permetin ser m\u00e9s feli\u00e7os amb menys, que no segrestin el nostre temps, que construeixin relacions sinceres, que ens facin sentir b\u00e9 amb altres maneres de consumir i d\u2019emprar els recursos naturals.<\/p>\n<p>La tercera idea \u00e9s que avui no ens podem imaginar una educaci\u00f3 que no es basi en una <strong>pedagogia transformadora, orientada a l\u2019acci\u00f3, que fomenti la participaci\u00f3 i la col\u00b7laboraci\u00f3<\/strong>. La <a href=\"http:\/\/xarxanet.org\/ambiental\/noticies\/convocada-vaga-mundial-pel-clima-el-27-de-setembre\">Greta Thunberg<\/a>, des de l\u2019activisme i el lideratge juvenil, reclama en les seves confer\u00e8ncies que m\u00e9s enll\u00e0 de l\u2019esperan\u00e7a necessitem acci\u00f3, acci\u00f3 i acci\u00f3.<\/p>\n<p>Es tracta d\u2019endinsar-nos en la dimensi\u00f3 pol\u00edtica de l\u2019educaci\u00f3. La transmissi\u00f3 de coneixements relatius al medi ambient deixa tot el protagonisme a la mobilitzaci\u00f3 de capacitats per actuar. Desenvolupar la imaginaci\u00f3, la creativitat, les capacitats b\u00e0siques per donar forma a models d\u2019innovaci\u00f3 i convertir-los en propostes operatives. Capacitats que es manifesten en saber denunciar, resistir, escollir, proposar, crear, \u00e9s a dir, passar del consum d\u2019idees i productes al paper d\u2019actors amb consci\u00e8ncia ciutadana i ganes d&#8217;actuar i transformar.<\/p>\n<p>Finalment,<strong> l\u2019educaci\u00f3 ha de promoure tamb\u00e9 l\u2019acci\u00f3 militant de les persones.<\/strong> Ha d\u2019endinsar-se en el camp dels compromisos personals i col\u00b7lectius. Recon\u00e8ixer el comprom\u00eds implica recon\u00e8ixer que \u00e9s possible canviar les coses de la pr\u00f2pia vida. Exigeix coratge i valentia, per\u00f2, de fet, exigeix recon\u00e8ixer l\u2019espai de llibertat i la capacitat transformadora que tenim cadasc\u00fa de nosaltres i nosaltres junts.<\/p>\n<p>Avan\u00e7ar, tan lluny com vulguem, nom\u00e9s t\u00e9 sentit quan el cam\u00ed no \u00e9s all\u00f2 que es pateix, sin\u00f3 all\u00f2 que s\u2019escull, all\u00f2 a qu\u00e8 un es compromet. Despertar aquesta consci\u00e8ncia \u00e9s l\u2019art de l\u2019educaci\u00f3 per al desenvolupament sostenible.<\/p>\n<p>S\u00f3n moltes les entitats educatives que treballem per a un m\u00f3n millor. En el cas de <a href=\"https:\/\/fundesplai.org\/ca\/\">Fundesplai<\/a>, ho fem des de fa 50 anys a les escoles, als centres d\u2019esplai, als equipaments d\u2019educaci\u00f3 ambiental o amb iniciatives d\u2019aprenentatge servei com els campaments de voluntariat ambiental. Per\u00f2 la situaci\u00f3 d\u2019emerg\u00e8ncia planet\u00e0ria ens obliga a fer m\u00e9s i amb m\u00e9s intensitat, comen\u00e7ant ara mateix amb iniciatives concretes com l\u2019impuls de &#8216;<a href=\"https:\/\/sdg-maia.org\/\">MAIA for SDG\u2019s<\/a>&#8216;, una formaci\u00f3 internacional adre\u00e7ada a joves l\u00edders d\u2019organitzacions d\u2019arreu del m\u00f3n que treballen en els Objectius del Desenvolupament Sostenible (ODS), emmarcats en l\u2019Agenda 2030. Necessitem el lideratge del jovent per fer front a l\u2019emerg\u00e8ncia planet\u00e0ria, necessitem la seva capacitat de cura, la seva esperan\u00e7a, la seva imaginaci\u00f3 i capacitat d\u2019acci\u00f3. Necessitem el seu i el teu comprom\u00eds, amb urg\u00e8ncia.<\/p>\n","protected":false},"excerpt":{"rendered":"<p>BON INICI DE CURS 2019-2020!!! &#8220;Es tracta de deixar de veure\u2019ns com a propietaris i dominadors del planeta i la vida&#8221; CARLES XIFRA, Director d\u2019Innovaci\u00f3 i Continguts de Fundesplai Diari ARA, 19\/08\/2019 Som la primera generaci\u00f3 amb una consci\u00e8ncia clara que hem sobrepassat tots els l\u00edmits i les capacitats de c\u00e0rrega del planeta i, molt [&hellip;]<\/p>\n","protected":false},"author":1,"featured_media":0,"comment_status":"open","ping_status":"closed","sticky":false,"template":"","format":"standard","meta":{"_bbp_topic_count":0,"_bbp_reply_count":0,"_bbp_total_topic_count":0,"_bbp_total_reply_count":0,"_bbp_voice_count":0,"_bbp_anonymous_reply_count":0,"_bbp_topic_count_hidden":0,"_bbp_reply_count_hidden":0,"_bbp_forum_subforum_count":0,"site-sidebar-layout":"default","site-content-layout":"","ast-site-content-layout":"","site-content-style":"default","site-sidebar-style":"default","ast-global-header-display":"","ast-banner-title-visibility":"","ast-main-header-display":"","ast-hfb-above-header-display":"","ast-hfb-below-header-display":"","ast-hfb-mobile-header-display":"","site-post-title":"","ast-breadcrumbs-content":"","ast-featured-img":"","footer-sml-layout":"","theme-transparent-header-meta":"","adv-header-id-meta":"","stick-header-meta":"","header-above-stick-meta":"","header-main-stick-meta":"","header-below-stick-meta":"","astra-migrate-meta-layouts":"default","ast-page-background-enabled":"default","ast-page-background-meta":{"desktop":{"background-color":"var(--ast-global-color-5)","background-image":"","background-repeat":"repeat","background-position":"center center","background-size":"auto","background-attachment":"scroll","background-type":"","background-media":"","overlay-type":"","overlay-color":"","overlay-opacity":"","overlay-gradient":""},"tablet":{"background-color":"","background-image":"","background-repeat":"repeat","background-position":"center center","background-size":"auto","background-attachment":"scroll","background-type":"","background-media":"","overlay-type":"","overlay-color":"","overlay-opacity":"","overlay-gradient":""},"mobile":{"background-color":"","background-image":"","background-repeat":"repeat","background-position":"center center","background-size":"auto","background-attachment":"scroll","background-type":"","background-media":"","overlay-type":"","overlay-color":"","overlay-opacity":"","overlay-gradient":""}},"ast-content-background-meta":{"desktop":{"background-color":"var(--ast-global-color-4)","background-image":"","background-repeat":"repeat","background-position":"center center","background-size":"auto","background-attachment":"scroll","background-type":"","background-media":"","overlay-type":"","overlay-color":"","overlay-opacity":"","overlay-gradient":""},"tablet":{"background-color":"var(--ast-global-color-4)","background-image":"","background-repeat":"repeat","background-position":"center center","background-size":"auto","background-attachment":"scroll","background-type":"","background-media":"","overlay-type":"","overlay-color":"","overlay-opacity":"","overlay-gradient":""},"mobile":{"background-color":"var(--ast-global-color-4)","background-image":"","background-repeat":"repeat","background-position":"center center","background-size":"auto","background-attachment":"scroll","background-type":"","background-media":"","overlay-type":"","overlay-color":"","overlay-opacity":"","overlay-gradient":""}},"footnotes":""},"categories":[224,79],"tags":[],"class_list":["post-4791","post","type-post","status-publish","format-standard","hentry","category-historic","category-info"],"post_mailing_queue_ids":[],"_links":{"self":[{"href":"https:\/\/agora.xtec.cat\/escmarquesdelapobla\/wp-json\/wp\/v2\/posts\/4791","targetHints":{"allow":["GET"]}}],"collection":[{"href":"https:\/\/agora.xtec.cat\/escmarquesdelapobla\/wp-json\/wp\/v2\/posts"}],"about":[{"href":"https:\/\/agora.xtec.cat\/escmarquesdelapobla\/wp-json\/wp\/v2\/types\/post"}],"author":[{"embeddable":true,"href":"https:\/\/agora.xtec.cat\/escmarquesdelapobla\/wp-json\/wp\/v2\/users\/1"}],"replies":[{"embeddable":true,"href":"https:\/\/agora.xtec.cat\/escmarquesdelapobla\/wp-json\/wp\/v2\/comments?post=4791"}],"version-history":[{"count":4,"href":"https:\/\/agora.xtec.cat\/escmarquesdelapobla\/wp-json\/wp\/v2\/posts\/4791\/revisions"}],"predecessor-version":[{"id":5032,"href":"https:\/\/agora.xtec.cat\/escmarquesdelapobla\/wp-json\/wp\/v2\/posts\/4791\/revisions\/5032"}],"wp:attachment":[{"href":"https:\/\/agora.xtec.cat\/escmarquesdelapobla\/wp-json\/wp\/v2\/media?parent=4791"}],"wp:term":[{"taxonomy":"category","embeddable":true,"href":"https:\/\/agora.xtec.cat\/escmarquesdelapobla\/wp-json\/wp\/v2\/categories?post=4791"},{"taxonomy":"post_tag","embeddable":true,"href":"https:\/\/agora.xtec.cat\/escmarquesdelapobla\/wp-json\/wp\/v2\/tags?post=4791"}],"curies":[{"name":"wp","href":"https:\/\/api.w.org\/{rel}","templated":true}]}}