{"id":4661,"date":"2019-06-21T13:36:49","date_gmt":"2019-06-21T11:36:49","guid":{"rendered":"http:\/\/agora.xtec.cat\/escmarquesdelapobla\/?p=4661"},"modified":"2020-11-08T12:11:56","modified_gmt":"2020-11-08T11:11:56","slug":"concert-a-la-llar-dinfants","status":"publish","type":"post","link":"https:\/\/agora.xtec.cat\/escmarquesdelapobla\/infantil\/i5\/concert-a-la-llar-dinfants\/","title":{"rendered":"CONCERT A LA LLAR D\u2019INFANTS"},"content":{"rendered":"<p>El passat 31 de maig els nens i nenes de P5 vam anar a la llar d\u2019infants a fer un concert. Abans ens preparem i assagem, ens fem corones referents a les can\u00e7ons i tamb\u00e9 un regal per a cada infant. Ha arribat el dia, quins nervis\u2026 cantar, actuar, recordar-ho tot\u2026. Com sortir\u00e0? i a m\u00e9s a m\u00e9s\u2026 per alguns va ser la nostra primera escola.<\/p>\n<p>Hi vam trobar germanets, cosins, amics, mestres,&#8230; Quins records\u2026 i quina experi\u00e8ncia!!!<\/p>\n<p>Ha estat FANT\u00c0STIC!!! Mireu, mireu&#8230;<\/p>\n<p><a href=\"https:\/\/photos.app.goo.gl\/zKykiLCDhZxQaquD6\"><img loading=\"lazy\" decoding=\"async\" class=\"alignnone \" src=\"https:\/\/lh3.googleusercontent.com\/XIoQIzz7H0Tt28WSYtmsyMPdnQ2zxi6N7b4GuMqJ1FiUDeBOGozRHeU7OvBLsSUMwYIFrftrF7tqd8X-dV6BWh-_spshJR4h3b8eyvS27aYDDi7eEsmmnkONImGRd_5okgh_M8WAzQU5VX1TI6qGKLoPDgjg5SW2ikUxFNGeMafeOpUyxrV0BGgCXwMzxG401bOk9bVGzBhske0KJENtowUW8veYBCMC4pubermAThy-H8LAKPDoOsMjPyaDAZ7DIpTZTz2lGxnWRywXoVbKaAlGb3XtuVzykLcyllf2qSj3S9_Xge1YTLpVOqD5Nur6dqMzKyWzB75G6V-4IWmigzJSwdx75WWeE2-Bb1XtgdoP4EN5OUzL5RVktuYWsAE_oeQt4siQ67Y8nfFMUPYVRW-qchh7IiqN5yq4jsLIFxpT0NqEa9BnV4d2Xw6tBaL7-CKv9Ure-vC3_NFAqzzdowTwrMtzNDE6TnbjbkjzCM9snIAiKZPiAY-AQJcXUEaX7NnWc6bW_kJXVIGTkvBir2DNF6e7-8PvtA91WpZaBNy0H0syXnbXDDIlX3Z6LLeK8Muy2YCYf4dkZ1lajOOLhTDbQ3iw9-07L9pkgqSFoAz9FgEmLWHWE7QQ6dFXzdTLKlDsvk_Zd8rln7CuaTKxIOHeN2DLj-Ef=w1214-h910-no\" width=\"730\" height=\"547\" \/><\/a><\/p>\n","protected":false},"excerpt":{"rendered":"<p>El passat 31 de maig els nens i nenes de P5 vam anar a la llar d\u2019infants a fer un concert. Abans ens preparem i assagem, ens fem corones referents a les can\u00e7ons i tamb\u00e9 un regal per a cada infant. Ha arribat el dia, quins nervis\u2026 cantar, actuar, recordar-ho tot\u2026. Com sortir\u00e0? i a [&hellip;]<\/p>\n","protected":false},"author":1,"featured_media":0,"comment_status":"open","ping_status":"closed","sticky":false,"template":"","format":"standard","meta":{"_bbp_topic_count":0,"_bbp_reply_count":0,"_bbp_total_topic_count":0,"_bbp_total_reply_count":0,"_bbp_voice_count":0,"_bbp_anonymous_reply_count":0,"_bbp_topic_count_hidden":0,"_bbp_reply_count_hidden":0,"_bbp_forum_subforum_count":0,"site-sidebar-layout":"default","site-content-layout":"","ast-site-content-layout":"","site-content-style":"default","site-sidebar-style":"default","ast-global-header-display":"","ast-banner-title-visibility":"","ast-main-header-display":"","ast-hfb-above-header-display":"","ast-hfb-below-header-display":"","ast-hfb-mobile-header-display":"","site-post-title":"","ast-breadcrumbs-content":"","ast-featured-img":"","footer-sml-layout":"","theme-transparent-header-meta":"","adv-header-id-meta":"","stick-header-meta":"","header-above-stick-meta":"","header-main-stick-meta":"","header-below-stick-meta":"","astra-migrate-meta-layouts":"default","ast-page-background-enabled":"default","ast-page-background-meta":{"desktop":{"background-color":"var(--ast-global-color-5)","background-image":"","background-repeat":"repeat","background-position":"center center","background-size":"auto","background-attachment":"scroll","background-type":"","background-media":"","overlay-type":"","overlay-color":"","overlay-opacity":"","overlay-gradient":""},"tablet":{"background-color":"","background-image":"","background-repeat":"repeat","background-position":"center center","background-size":"auto","background-attachment":"scroll","background-type":"","background-media":"","overlay-type":"","overlay-color":"","overlay-opacity":"","overlay-gradient":""},"mobile":{"background-color":"","background-image":"","background-repeat":"repeat","background-position":"center center","background-size":"auto","background-attachment":"scroll","background-type":"","background-media":"","overlay-type":"","overlay-color":"","overlay-opacity":"","overlay-gradient":""}},"ast-content-background-meta":{"desktop":{"background-color":"var(--ast-global-color-4)","background-image":"","background-repeat":"repeat","background-position":"center center","background-size":"auto","background-attachment":"scroll","background-type":"","background-media":"","overlay-type":"","overlay-color":"","overlay-opacity":"","overlay-gradient":""},"tablet":{"background-color":"var(--ast-global-color-4)","background-image":"","background-repeat":"repeat","background-position":"center center","background-size":"auto","background-attachment":"scroll","background-type":"","background-media":"","overlay-type":"","overlay-color":"","overlay-opacity":"","overlay-gradient":""},"mobile":{"background-color":"var(--ast-global-color-4)","background-image":"","background-repeat":"repeat","background-position":"center center","background-size":"auto","background-attachment":"scroll","background-type":"","background-media":"","overlay-type":"","overlay-color":"","overlay-opacity":"","overlay-gradient":""}},"footnotes":""},"categories":[224,9],"tags":[],"class_list":["post-4661","post","type-post","status-publish","format-standard","hentry","category-historic","category-i5"],"post_mailing_queue_ids":[],"_links":{"self":[{"href":"https:\/\/agora.xtec.cat\/escmarquesdelapobla\/wp-json\/wp\/v2\/posts\/4661","targetHints":{"allow":["GET"]}}],"collection":[{"href":"https:\/\/agora.xtec.cat\/escmarquesdelapobla\/wp-json\/wp\/v2\/posts"}],"about":[{"href":"https:\/\/agora.xtec.cat\/escmarquesdelapobla\/wp-json\/wp\/v2\/types\/post"}],"author":[{"embeddable":true,"href":"https:\/\/agora.xtec.cat\/escmarquesdelapobla\/wp-json\/wp\/v2\/users\/1"}],"replies":[{"embeddable":true,"href":"https:\/\/agora.xtec.cat\/escmarquesdelapobla\/wp-json\/wp\/v2\/comments?post=4661"}],"version-history":[{"count":4,"href":"https:\/\/agora.xtec.cat\/escmarquesdelapobla\/wp-json\/wp\/v2\/posts\/4661\/revisions"}],"predecessor-version":[{"id":4704,"href":"https:\/\/agora.xtec.cat\/escmarquesdelapobla\/wp-json\/wp\/v2\/posts\/4661\/revisions\/4704"}],"wp:attachment":[{"href":"https:\/\/agora.xtec.cat\/escmarquesdelapobla\/wp-json\/wp\/v2\/media?parent=4661"}],"wp:term":[{"taxonomy":"category","embeddable":true,"href":"https:\/\/agora.xtec.cat\/escmarquesdelapobla\/wp-json\/wp\/v2\/categories?post=4661"},{"taxonomy":"post_tag","embeddable":true,"href":"https:\/\/agora.xtec.cat\/escmarquesdelapobla\/wp-json\/wp\/v2\/tags?post=4661"}],"curies":[{"name":"wp","href":"https:\/\/api.w.org\/{rel}","templated":true}]}}