{"id":4638,"date":"2019-06-18T12:49:49","date_gmt":"2019-06-18T10:49:49","guid":{"rendered":"http:\/\/agora.xtec.cat\/escmarquesdelapobla\/?p=4638"},"modified":"2021-05-28T12:57:52","modified_gmt":"2021-05-28T10:57:52","slug":"festa-de-fi-de-curs","status":"publish","type":"post","link":"https:\/\/agora.xtec.cat\/escmarquesdelapobla\/celebracions\/festa-de-fi-de-curs\/","title":{"rendered":"FESTA DE FI DE CURS"},"content":{"rendered":"<p>El passat dissabte, organitzada per l&#8217;AMPA, va arribar la festa de fi de curs a l&#8217;escola, aquest any amb format diferent.<\/p>\n<p>Alumnes, fam\u00edlies, mestres i amics ens vam trobar a la tarda per gaudir de la mostra d&#8217;activitats i ball de les nenes d&#8217;extraescolar d&#8217;aquest curs i d&#8217;un bon sopar.<\/p>\n<p>Seguidament, els parlaments del director, del nou alcalde i regidora de l&#8217;ajuntament i del president de l&#8217;AMPA, amb la sorpresa afegida de la donaci\u00f3 d&#8217;un roc\u00f2drom a l&#8217;escola per part de les fam\u00edlies dels nens i nenes de la promoci\u00f3 que ens deixa, la 2010-2019.<\/p>\n<p>Moltes gr\u00e0cies a l&#8217;AMPA per l&#8217;esfor\u00e7 i l&#8217;organitzaci\u00f3, i a tothom per la seva participaci\u00f3.<\/p>\n<table style=\"width: 726px;\">\n<tbody>\n<tr>\n<td style=\"width: 353.6px;\"><a href=\"https:\/\/agora.xtec.cat\/escmarquesdelapobla\/wp-content\/uploads\/usu1682\/2019\/06\/0fests-fi-1.jpg\"><img loading=\"lazy\" decoding=\"async\" class=\"aligncenter wp-image-4649\" src=\"https:\/\/agora.xtec.cat\/escmarquesdelapobla\/wp-content\/uploads\/usu1682\/2019\/06\/0fests-fi-1-300x169.jpg\" alt=\"\" width=\"408\" height=\"230\" srcset=\"https:\/\/agora.xtec.cat\/escmarquesdelapobla\/wp-content\/uploads\/usu1682\/2019\/06\/0fests-fi-1-300x169.jpg 300w, https:\/\/agora.xtec.cat\/escmarquesdelapobla\/wp-content\/uploads\/usu1682\/2019\/06\/0fests-fi-1-768x432.jpg 768w, https:\/\/agora.xtec.cat\/escmarquesdelapobla\/wp-content\/uploads\/usu1682\/2019\/06\/0fests-fi-1-1024x576.jpg 1024w\" sizes=\"auto, (max-width: 408px) 100vw, 408px\" \/><\/a><\/td>\n<td style=\"width: 365.6px;\"><a href=\"https:\/\/agora.xtec.cat\/escmarquesdelapobla\/wp-content\/uploads\/usu1682\/2019\/06\/0fests-fi-2.jpg\"><img loading=\"lazy\" decoding=\"async\" class=\"wp-image-4650 alignnone\" src=\"https:\/\/agora.xtec.cat\/escmarquesdelapobla\/wp-content\/uploads\/usu1682\/2019\/06\/0fests-fi-2-300x169.jpg\" alt=\"\" width=\"394\" height=\"222\" srcset=\"https:\/\/agora.xtec.cat\/escmarquesdelapobla\/wp-content\/uploads\/usu1682\/2019\/06\/0fests-fi-2-300x169.jpg 300w, https:\/\/agora.xtec.cat\/escmarquesdelapobla\/wp-content\/uploads\/usu1682\/2019\/06\/0fests-fi-2-768x432.jpg 768w, https:\/\/agora.xtec.cat\/escmarquesdelapobla\/wp-content\/uploads\/usu1682\/2019\/06\/0fests-fi-2-1024x576.jpg 1024w\" sizes=\"auto, (max-width: 394px) 100vw, 394px\" \/><\/a><\/td>\n<\/tr>\n<\/tbody>\n<\/table>\n","protected":false},"excerpt":{"rendered":"<p>El passat dissabte, organitzada per l&#8217;AMPA, va arribar la festa de fi de curs a l&#8217;escola, aquest any amb format diferent. Alumnes, fam\u00edlies, mestres i amics ens vam trobar a la tarda per gaudir de la mostra d&#8217;activitats i ball de les nenes d&#8217;extraescolar d&#8217;aquest curs i d&#8217;un bon sopar. Seguidament, els parlaments del director, [&hellip;]<\/p>\n","protected":false},"author":1,"featured_media":0,"comment_status":"open","ping_status":"closed","sticky":false,"template":"","format":"standard","meta":{"_bbp_topic_count":0,"_bbp_reply_count":0,"_bbp_total_topic_count":0,"_bbp_total_reply_count":0,"_bbp_voice_count":0,"_bbp_anonymous_reply_count":0,"_bbp_topic_count_hidden":0,"_bbp_reply_count_hidden":0,"_bbp_forum_subforum_count":0,"site-sidebar-layout":"default","site-content-layout":"","ast-site-content-layout":"","site-content-style":"default","site-sidebar-style":"default","ast-global-header-display":"","ast-banner-title-visibility":"","ast-main-header-display":"","ast-hfb-above-header-display":"","ast-hfb-below-header-display":"","ast-hfb-mobile-header-display":"","site-post-title":"","ast-breadcrumbs-content":"","ast-featured-img":"","footer-sml-layout":"","theme-transparent-header-meta":"","adv-header-id-meta":"","stick-header-meta":"","header-above-stick-meta":"","header-main-stick-meta":"","header-below-stick-meta":"","astra-migrate-meta-layouts":"default","ast-page-background-enabled":"default","ast-page-background-meta":{"desktop":{"background-color":"var(--ast-global-color-5)","background-image":"","background-repeat":"repeat","background-position":"center center","background-size":"auto","background-attachment":"scroll","background-type":"","background-media":"","overlay-type":"","overlay-color":"","overlay-opacity":"","overlay-gradient":""},"tablet":{"background-color":"","background-image":"","background-repeat":"repeat","background-position":"center center","background-size":"auto","background-attachment":"scroll","background-type":"","background-media":"","overlay-type":"","overlay-color":"","overlay-opacity":"","overlay-gradient":""},"mobile":{"background-color":"","background-image":"","background-repeat":"repeat","background-position":"center center","background-size":"auto","background-attachment":"scroll","background-type":"","background-media":"","overlay-type":"","overlay-color":"","overlay-opacity":"","overlay-gradient":""}},"ast-content-background-meta":{"desktop":{"background-color":"var(--ast-global-color-4)","background-image":"","background-repeat":"repeat","background-position":"center center","background-size":"auto","background-attachment":"scroll","background-type":"","background-media":"","overlay-type":"","overlay-color":"","overlay-opacity":"","overlay-gradient":""},"tablet":{"background-color":"var(--ast-global-color-4)","background-image":"","background-repeat":"repeat","background-position":"center center","background-size":"auto","background-attachment":"scroll","background-type":"","background-media":"","overlay-type":"","overlay-color":"","overlay-opacity":"","overlay-gradient":""},"mobile":{"background-color":"var(--ast-global-color-4)","background-image":"","background-repeat":"repeat","background-position":"center center","background-size":"auto","background-attachment":"scroll","background-type":"","background-media":"","overlay-type":"","overlay-color":"","overlay-opacity":"","overlay-gradient":""}},"footnotes":""},"categories":[55,232,224,80],"tags":[],"class_list":["post-4638","post","type-post","status-publish","format-standard","hentry","category-celebracions","category-fi-de-curs","category-historic","category-escola"],"post_mailing_queue_ids":[],"_links":{"self":[{"href":"https:\/\/agora.xtec.cat\/escmarquesdelapobla\/wp-json\/wp\/v2\/posts\/4638","targetHints":{"allow":["GET"]}}],"collection":[{"href":"https:\/\/agora.xtec.cat\/escmarquesdelapobla\/wp-json\/wp\/v2\/posts"}],"about":[{"href":"https:\/\/agora.xtec.cat\/escmarquesdelapobla\/wp-json\/wp\/v2\/types\/post"}],"author":[{"embeddable":true,"href":"https:\/\/agora.xtec.cat\/escmarquesdelapobla\/wp-json\/wp\/v2\/users\/1"}],"replies":[{"embeddable":true,"href":"https:\/\/agora.xtec.cat\/escmarquesdelapobla\/wp-json\/wp\/v2\/comments?post=4638"}],"version-history":[{"count":3,"href":"https:\/\/agora.xtec.cat\/escmarquesdelapobla\/wp-json\/wp\/v2\/posts\/4638\/revisions"}],"predecessor-version":[{"id":4654,"href":"https:\/\/agora.xtec.cat\/escmarquesdelapobla\/wp-json\/wp\/v2\/posts\/4638\/revisions\/4654"}],"wp:attachment":[{"href":"https:\/\/agora.xtec.cat\/escmarquesdelapobla\/wp-json\/wp\/v2\/media?parent=4638"}],"wp:term":[{"taxonomy":"category","embeddable":true,"href":"https:\/\/agora.xtec.cat\/escmarquesdelapobla\/wp-json\/wp\/v2\/categories?post=4638"},{"taxonomy":"post_tag","embeddable":true,"href":"https:\/\/agora.xtec.cat\/escmarquesdelapobla\/wp-json\/wp\/v2\/tags?post=4638"}],"curies":[{"name":"wp","href":"https:\/\/api.w.org\/{rel}","templated":true}]}}