{"id":4539,"date":"2019-05-31T15:44:00","date_gmt":"2019-05-31T13:44:00","guid":{"rendered":"http:\/\/agora.xtec.cat\/escmarquesdelapobla\/?p=4539"},"modified":"2020-11-08T12:15:18","modified_gmt":"2020-11-08T11:15:18","slug":"pati-del-sorral-deducacio-infantil","status":"publish","type":"post","link":"https:\/\/agora.xtec.cat\/escmarquesdelapobla\/patis\/pati-del-sorral-deducacio-infantil\/","title":{"rendered":"Pati del sorral d&#8217;Educaci\u00f3 Infantil"},"content":{"rendered":"<p style=\"text-align: center;\">Ja tenim acabat part del projecte de pati d&#8217;infantil:\u00a0 ara podrem jugar i gaudir de la muntanyeta, els raconets. els troncs, els nou arbres, el mural, les plantes&#8230; per\u00f2 encara ens queda molta feina per fer i per continuar..<\/p>\n<p style=\"text-align: center;\">Volem agrair a tots els papes, mames, mestres i amics que ho han fet possible. Sense voler deixar-nos a ning\u00fa,\u00a0 donem les gr\u00e0cies en especial <span style=\"font-family: inherit; font-size: 1em;\">a Excavacions Escala,\u00a0 Jardineria Cal Tino, Cer\u00e0miques Capellades i Construccions Colom per la seva col\u00b7laboraci\u00f3 i aportaci\u00f3 desinteressada, aix\u00ed com a l&#8217;ajuntament de Capellades.<\/span><\/p>\n<p style=\"text-align: center;\">Els nostres m\u00e9s petits s\u00b4ho mereixen!<\/p>\n<p><a href=\"https:\/\/photos.app.goo.gl\/U7KSL9ipyruM6otx5\"><img loading=\"lazy\" decoding=\"async\" class=\"alignnone size-large\" src=\"https:\/\/lh3.googleusercontent.com\/rcVUjcPUx0qrgdEfNv44YvcTpCAJe90Xqlu7khJ2KDOOTpAUKIvHKgCo7FxhA1tkgJElu_Sv8oxi_t9KnLsv1r7QrJbL_UR4qRde4k0RmfXD7dRTDG4jrruowtDuu4HtWRqKqJdh0MnNMcgHnLhdUc3SmwxkkhF3JcLxRfDOWbhXXN-6YsBWvPMRIVBVKKQAYFZVqUkRKYFjoH9mR5H8Ne6W71xPwNA7LijcOjewDkIfIF5UogBRgeaLlDZNRko0oQFElEV6-_v3MyW3Wr2TbRe6hvwGgCHPx8Fc007lXvpoxsSIplo-AZkYGy3VNgMn8pl50bwrfHrfpk1D256BkWBdejGG4mdCz_odc9ze7Ojj8Bw3_qx78RVX6es7B_5ZuxwCfYTgGen0IRlaYg3DLnqHMAWJG5hBlemWoK0cz94mpNzaLP8GEhtqCOK3clA-b14ln2bE_uvZKwjhx3amMM82LxiLyZ0MDQtdWCarrI-ppmD5A3dUe0RQx3l0Fd8fqeY5_5Uu_izu8LaxdhLvRlLb0ISoih1zYkPjQ1ehk5yXFjdz2vHOA_BhhsnfjyBeHjyDzTG5H1ZotXqSJR9oLse1rZfWU9QlAUoa5nGKQNU2hV3LYab6wWr2qhHKtxs4BWjRne2Y6kDSN-6TkrXyu_7lQ6D1f-L6rvYFNem76-Dlb-H4_ofsP4LQ83H9Q60QhoBpRYVkqyfur2dKjard6zx35g=w876-h657-no\" width=\"876\" height=\"657\" \/><\/a><\/p>\n","protected":false},"excerpt":{"rendered":"<p>Ja tenim acabat part del projecte de pati d&#8217;infantil:\u00a0 ara podrem jugar i gaudir de la muntanyeta, els raconets. els troncs, els nou arbres, el mural, les plantes&#8230; per\u00f2 encara ens queda molta feina per fer i per continuar.. Volem agrair a tots els papes, mames, mestres i amics que ho han fet possible. Sense [&hellip;]<\/p>\n","protected":false},"author":1,"featured_media":0,"comment_status":"open","ping_status":"closed","sticky":false,"template":"","format":"standard","meta":{"_bbp_topic_count":0,"_bbp_reply_count":0,"_bbp_total_topic_count":0,"_bbp_total_reply_count":0,"_bbp_voice_count":0,"_bbp_anonymous_reply_count":0,"_bbp_topic_count_hidden":0,"_bbp_reply_count_hidden":0,"_bbp_forum_subforum_count":0,"site-sidebar-layout":"default","site-content-layout":"","ast-site-content-layout":"","site-content-style":"default","site-sidebar-style":"default","ast-global-header-display":"","ast-banner-title-visibility":"","ast-main-header-display":"","ast-hfb-above-header-display":"","ast-hfb-below-header-display":"","ast-hfb-mobile-header-display":"","site-post-title":"","ast-breadcrumbs-content":"","ast-featured-img":"","footer-sml-layout":"","theme-transparent-header-meta":"","adv-header-id-meta":"","stick-header-meta":"","header-above-stick-meta":"","header-main-stick-meta":"","header-below-stick-meta":"","astra-migrate-meta-layouts":"default","ast-page-background-enabled":"default","ast-page-background-meta":{"desktop":{"background-color":"var(--ast-global-color-5)","background-image":"","background-repeat":"repeat","background-position":"center center","background-size":"auto","background-attachment":"scroll","background-type":"","background-media":"","overlay-type":"","overlay-color":"","overlay-opacity":"","overlay-gradient":""},"tablet":{"background-color":"","background-image":"","background-repeat":"repeat","background-position":"center center","background-size":"auto","background-attachment":"scroll","background-type":"","background-media":"","overlay-type":"","overlay-color":"","overlay-opacity":"","overlay-gradient":""},"mobile":{"background-color":"","background-image":"","background-repeat":"repeat","background-position":"center center","background-size":"auto","background-attachment":"scroll","background-type":"","background-media":"","overlay-type":"","overlay-color":"","overlay-opacity":"","overlay-gradient":""}},"ast-content-background-meta":{"desktop":{"background-color":"var(--ast-global-color-4)","background-image":"","background-repeat":"repeat","background-position":"center center","background-size":"auto","background-attachment":"scroll","background-type":"","background-media":"","overlay-type":"","overlay-color":"","overlay-opacity":"","overlay-gradient":""},"tablet":{"background-color":"var(--ast-global-color-4)","background-image":"","background-repeat":"repeat","background-position":"center center","background-size":"auto","background-attachment":"scroll","background-type":"","background-media":"","overlay-type":"","overlay-color":"","overlay-opacity":"","overlay-gradient":""},"mobile":{"background-color":"var(--ast-global-color-4)","background-image":"","background-repeat":"repeat","background-position":"center center","background-size":"auto","background-attachment":"scroll","background-type":"","background-media":"","overlay-type":"","overlay-color":"","overlay-opacity":"","overlay-gradient":""}},"footnotes":""},"categories":[224,100],"tags":[],"class_list":["post-4539","post","type-post","status-publish","format-standard","hentry","category-historic","category-patis"],"post_mailing_queue_ids":[],"_links":{"self":[{"href":"https:\/\/agora.xtec.cat\/escmarquesdelapobla\/wp-json\/wp\/v2\/posts\/4539","targetHints":{"allow":["GET"]}}],"collection":[{"href":"https:\/\/agora.xtec.cat\/escmarquesdelapobla\/wp-json\/wp\/v2\/posts"}],"about":[{"href":"https:\/\/agora.xtec.cat\/escmarquesdelapobla\/wp-json\/wp\/v2\/types\/post"}],"author":[{"embeddable":true,"href":"https:\/\/agora.xtec.cat\/escmarquesdelapobla\/wp-json\/wp\/v2\/users\/1"}],"replies":[{"embeddable":true,"href":"https:\/\/agora.xtec.cat\/escmarquesdelapobla\/wp-json\/wp\/v2\/comments?post=4539"}],"version-history":[{"count":5,"href":"https:\/\/agora.xtec.cat\/escmarquesdelapobla\/wp-json\/wp\/v2\/posts\/4539\/revisions"}],"predecessor-version":[{"id":4557,"href":"https:\/\/agora.xtec.cat\/escmarquesdelapobla\/wp-json\/wp\/v2\/posts\/4539\/revisions\/4557"}],"wp:attachment":[{"href":"https:\/\/agora.xtec.cat\/escmarquesdelapobla\/wp-json\/wp\/v2\/media?parent=4539"}],"wp:term":[{"taxonomy":"category","embeddable":true,"href":"https:\/\/agora.xtec.cat\/escmarquesdelapobla\/wp-json\/wp\/v2\/categories?post=4539"},{"taxonomy":"post_tag","embeddable":true,"href":"https:\/\/agora.xtec.cat\/escmarquesdelapobla\/wp-json\/wp\/v2\/tags?post=4539"}],"curies":[{"name":"wp","href":"https:\/\/api.w.org\/{rel}","templated":true}]}}