{"id":4479,"date":"2019-05-15T19:40:53","date_gmt":"2019-05-15T17:40:53","guid":{"rendered":"http:\/\/agora.xtec.cat\/escmarquesdelapobla\/?p=4479"},"modified":"2020-11-08T12:16:52","modified_gmt":"2020-11-08T11:16:52","slug":"colonies-la-carral-2n","status":"publish","type":"post","link":"https:\/\/agora.xtec.cat\/escmarquesdelapobla\/inicial\/colonies-la-carral-2n\/","title":{"rendered":"Col\u00f2nies a La Carral 2n"},"content":{"rendered":"<p>Els nens i nenes de segon hem anat aquest dimarts i dimecres 14 i 15 de maig a la casa de col\u00f2nies la Carral. Hem fet moltes activitats en contacte directe amb la natura: gimcanes, jocs a l&#8217;esplanada, cabanes al bosc, taller d&#8217;herbes arom\u00e0tiques i alguna poci\u00f3 m\u00e0gica molt dol\u00e7a.<br \/>\nAl vespre hem gaudit amb el joc de nit amb llanternes i ballat a la disco. Tot aix\u00f2 i m\u00e9s, amb molt bona m\u00fasica i companyia.<br \/>\nUna experi\u00e8ncia incre\u00efble que ha creat lligams m\u00e9s forts amb els companys i companyes i que recordarem per sempre! Aqu\u00ed teniu algunes fotos s\u00faper emocionants!!!<\/p>\n<p><a href=\"https:\/\/photos.app.goo.gl\/FzgLAPmZFZwGxxJFA\" target=\"_blank\" rel=\"noopener noreferrer\"><img loading=\"lazy\" decoding=\"async\" class=\"alignnone size-large wp-image-4476\" src=\"https:\/\/agora.xtec.cat\/escmarquesdelapobla\/wp-content\/uploads\/usu1682\/2019\/05\/5601C55A-B126-4880-BCF0-E3218D0F51A9-1024x768.jpeg\" alt=\"\" width=\"1024\" height=\"768\" srcset=\"https:\/\/agora.xtec.cat\/escmarquesdelapobla\/wp-content\/uploads\/usu1682\/2019\/05\/5601C55A-B126-4880-BCF0-E3218D0F51A9-1024x768.jpeg 1024w, https:\/\/agora.xtec.cat\/escmarquesdelapobla\/wp-content\/uploads\/usu1682\/2019\/05\/5601C55A-B126-4880-BCF0-E3218D0F51A9-300x225.jpeg 300w, https:\/\/agora.xtec.cat\/escmarquesdelapobla\/wp-content\/uploads\/usu1682\/2019\/05\/5601C55A-B126-4880-BCF0-E3218D0F51A9-768x576.jpeg 768w, https:\/\/agora.xtec.cat\/escmarquesdelapobla\/wp-content\/uploads\/usu1682\/2019\/05\/5601C55A-B126-4880-BCF0-E3218D0F51A9-200x150.jpeg 200w, https:\/\/agora.xtec.cat\/escmarquesdelapobla\/wp-content\/uploads\/usu1682\/2019\/05\/5601C55A-B126-4880-BCF0-E3218D0F51A9.jpeg 1600w\" sizes=\"auto, (max-width: 1024px) 100vw, 1024px\" \/><\/a><\/p>\n","protected":false},"excerpt":{"rendered":"<p>Els nens i nenes de segon hem anat aquest dimarts i dimecres 14 i 15 de maig a la casa de col\u00f2nies la Carral. Hem fet moltes activitats en contacte directe amb la natura: gimcanes, jocs a l&#8217;esplanada, cabanes al bosc, taller d&#8217;herbes arom\u00e0tiques i alguna poci\u00f3 m\u00e0gica molt dol\u00e7a. Al vespre hem gaudit amb [&hellip;]<\/p>\n","protected":false},"author":1,"featured_media":0,"comment_status":"open","ping_status":"closed","sticky":false,"template":"","format":"standard","meta":{"_bbp_topic_count":0,"_bbp_reply_count":0,"_bbp_total_topic_count":0,"_bbp_total_reply_count":0,"_bbp_voice_count":0,"_bbp_anonymous_reply_count":0,"_bbp_topic_count_hidden":0,"_bbp_reply_count_hidden":0,"_bbp_forum_subforum_count":0,"site-sidebar-layout":"default","site-content-layout":"","ast-site-content-layout":"","site-content-style":"default","site-sidebar-style":"default","ast-global-header-display":"","ast-banner-title-visibility":"","ast-main-header-display":"","ast-hfb-above-header-display":"","ast-hfb-below-header-display":"","ast-hfb-mobile-header-display":"","site-post-title":"","ast-breadcrumbs-content":"","ast-featured-img":"","footer-sml-layout":"","theme-transparent-header-meta":"","adv-header-id-meta":"","stick-header-meta":"","header-above-stick-meta":"","header-main-stick-meta":"","header-below-stick-meta":"","astra-migrate-meta-layouts":"default","ast-page-background-enabled":"default","ast-page-background-meta":{"desktop":{"background-color":"var(--ast-global-color-5)","background-image":"","background-repeat":"repeat","background-position":"center center","background-size":"auto","background-attachment":"scroll","background-type":"","background-media":"","overlay-type":"","overlay-color":"","overlay-opacity":"","overlay-gradient":""},"tablet":{"background-color":"","background-image":"","background-repeat":"repeat","background-position":"center center","background-size":"auto","background-attachment":"scroll","background-type":"","background-media":"","overlay-type":"","overlay-color":"","overlay-opacity":"","overlay-gradient":""},"mobile":{"background-color":"","background-image":"","background-repeat":"repeat","background-position":"center center","background-size":"auto","background-attachment":"scroll","background-type":"","background-media":"","overlay-type":"","overlay-color":"","overlay-opacity":"","overlay-gradient":""}},"ast-content-background-meta":{"desktop":{"background-color":"var(--ast-global-color-4)","background-image":"","background-repeat":"repeat","background-position":"center center","background-size":"auto","background-attachment":"scroll","background-type":"","background-media":"","overlay-type":"","overlay-color":"","overlay-opacity":"","overlay-gradient":""},"tablet":{"background-color":"var(--ast-global-color-4)","background-image":"","background-repeat":"repeat","background-position":"center center","background-size":"auto","background-attachment":"scroll","background-type":"","background-media":"","overlay-type":"","overlay-color":"","overlay-opacity":"","overlay-gradient":""},"mobile":{"background-color":"var(--ast-global-color-4)","background-image":"","background-repeat":"repeat","background-position":"center center","background-size":"auto","background-attachment":"scroll","background-type":"","background-media":"","overlay-type":"","overlay-color":"","overlay-opacity":"","overlay-gradient":""}},"footnotes":""},"categories":[64,224],"tags":[],"class_list":["post-4479","post","type-post","status-publish","format-standard","hentry","category-inicial","category-historic"],"post_mailing_queue_ids":[],"_links":{"self":[{"href":"https:\/\/agora.xtec.cat\/escmarquesdelapobla\/wp-json\/wp\/v2\/posts\/4479","targetHints":{"allow":["GET"]}}],"collection":[{"href":"https:\/\/agora.xtec.cat\/escmarquesdelapobla\/wp-json\/wp\/v2\/posts"}],"about":[{"href":"https:\/\/agora.xtec.cat\/escmarquesdelapobla\/wp-json\/wp\/v2\/types\/post"}],"author":[{"embeddable":true,"href":"https:\/\/agora.xtec.cat\/escmarquesdelapobla\/wp-json\/wp\/v2\/users\/1"}],"replies":[{"embeddable":true,"href":"https:\/\/agora.xtec.cat\/escmarquesdelapobla\/wp-json\/wp\/v2\/comments?post=4479"}],"version-history":[{"count":3,"href":"https:\/\/agora.xtec.cat\/escmarquesdelapobla\/wp-json\/wp\/v2\/posts\/4479\/revisions"}],"predecessor-version":[{"id":4496,"href":"https:\/\/agora.xtec.cat\/escmarquesdelapobla\/wp-json\/wp\/v2\/posts\/4479\/revisions\/4496"}],"wp:attachment":[{"href":"https:\/\/agora.xtec.cat\/escmarquesdelapobla\/wp-json\/wp\/v2\/media?parent=4479"}],"wp:term":[{"taxonomy":"category","embeddable":true,"href":"https:\/\/agora.xtec.cat\/escmarquesdelapobla\/wp-json\/wp\/v2\/categories?post=4479"},{"taxonomy":"post_tag","embeddable":true,"href":"https:\/\/agora.xtec.cat\/escmarquesdelapobla\/wp-json\/wp\/v2\/tags?post=4479"}],"curies":[{"name":"wp","href":"https:\/\/api.w.org\/{rel}","templated":true}]}}