{"id":4385,"date":"2019-04-26T01:09:08","date_gmt":"2019-04-25T23:09:08","guid":{"rendered":"http:\/\/agora.xtec.cat\/escmarquesdelapobla\/?p=4385"},"modified":"2020-11-08T12:51:34","modified_gmt":"2020-11-08T11:51:34","slug":"a-educacio-infantil-celebrem-sant-jordi","status":"publish","type":"post","link":"https:\/\/agora.xtec.cat\/escmarquesdelapobla\/infantil\/a-educacio-infantil-celebrem-sant-jordi\/","title":{"rendered":"A EDUCACI\u00d3 INFANTIL CELEBREM SANT JORDI"},"content":{"rendered":"<p>Els nens\/es d\u2019educaci\u00f3 infantil comencem aquest tercer trimestre celebrant Sant Jordi. Al mat\u00ed anem a la biblioteca del safareig on Jaume Ibars ens ha ofert un matinal de contes.<\/p>\n<p><a href=\"https:\/\/photos.app.goo.gl\/G9C35DgwS9VnAzci9\"><img loading=\"lazy\" decoding=\"async\" class=\"aligncenter\" src=\"https:\/\/lh3.googleusercontent.com\/zHwHIklWTX0hHKk-bZX2ldUAXKuhSUY_iq1ccPcifHwwCuhHlmdycCavnWf0Yi91v4ts-GaNV8Qq3z8LYBZhK4kHBmkKCxZ_UpBWSDlftDgcupvK3gDNmGxjrN_c5uZU4XFOPsJViGbdqMwjM7jA_gjZw1TqyAYkg1yhBliGS36VHKqWrmPUXOa3Aj8aKiTgdVpANLWW2GZ2wz_kF3WilJ04Xy3QqxiibkAl4KpA40EGsPyHp87jubyTr-DPVTJ7sCbPIFoP-ag1CinXlLCesJ1rqtdcT9lufxVJxl9PI7TUr0m3WyGZK8N4g0ENGZtibFRHYMExhfqqv5PklR_rtmyxOkDz3d89oVa54S-Lr6L7S7HQK4Buk5FlzrJ5NBneVA5MahCEOt_F0xZRv0KX0sxwmqMrOKxyJKXtDstt0vrMl-i5UJJv0iTk64KT8S716zjRQETII5qCIAFzz4W7NuKPC5wInDr8g2gYzCwTn4dHT2N46Sc5kC9KnhSK7Nmo8R4sLQtaRP1Bs-Wmw_1N2BGBz9uync0zUFANriNGM3MY5HCcCiuCAslRoD-J1iTLpHZCQDtVoUQNP0QAksPFAbewFHpdFbupS9Bc7W4SpssozhHp7qSceh8Tpn1YjAFWPFuQp7EalM8jpfmyFkLQJT9es3tl6PkP=w864-h648-no\" width=\"331\" height=\"249\" \/><\/a><\/p>\n<p>A la tarda anem al gimn\u00e0s de l\u2019escola on les mestres ens expliquen\u00a0 la llegenda de Sant Jordi amb titelles.<\/p>\n<p><a href=\"https:\/\/photos.app.goo.gl\/CUJ7ebrFmGPvHDBY7\"><img loading=\"lazy\" decoding=\"async\" class=\" aligncenter\" src=\"https:\/\/lh3.googleusercontent.com\/l82ZmiXZl26-9S6-zQh2LDYi_1mg4hCVlwpPRU0PpEvuRhZB2gDiOXkbcPeIMtwb8IFFZRYi5qqqq0C4C54mUOSDZ8ofhThc_cwmXOavGPrsC_XZVrtDYdX0lI1xSf2msOYo2lt8ya4POpL5iwqQ3EUeoYS3-GG1G5tjK-lVk6TgjEnW-WujjU6qFdgjooyhMLNlSHAOhAe0pa8EBQ_lOEbySGuwey1ENM7M_9wdpUz7fZ3TUmk4572G3P6rojnHA9vXH5_5wzGOo_BptE4gFybASYbPW3akmYAW3ButZ7rSvXTUmj7BwrbdOEKz-FWGNknX2-RVlA1PrG2yMAtdTcStUx0rTyJ8MH-nyXu31ecyUgU2Qg1npEDak3fJ0G3NT-YizkzID5kBHYBIGldPFU9EhRMs07a4TpTkKC6f0jebgiemzcufdEJTMzb4xvUuIMrnHDeBxd3FHYmfdBQRmL45xokNfftU8499yEvv2RVxaktWeGjREReKazLxz5M6lgVu0eXScNjhRvHuABZBRFkAm9RsJq5civnF9zETr8_W1Db6cD49LQ1h_kMHMfhQ5HvCkjV5X4a-CxHM4of8Zz8IVKF4iy25HuEqnBD-xFwPXdWWYuSQDbT_zAQbtoeraB_g_spyHxoTEkKLSaYx3VJ026v88iSA=w864-h648-no\" width=\"309\" height=\"232\" \/><\/a><\/p>\n","protected":false},"excerpt":{"rendered":"<p>Els nens\/es d\u2019educaci\u00f3 infantil comencem aquest tercer trimestre celebrant Sant Jordi. Al mat\u00ed anem a la biblioteca del safareig on Jaume Ibars ens ha ofert un matinal de contes. A la tarda anem al gimn\u00e0s de l\u2019escola on les mestres ens expliquen\u00a0 la llegenda de Sant Jordi amb titelles.<\/p>\n","protected":false},"author":1,"featured_media":0,"comment_status":"open","ping_status":"closed","sticky":false,"template":"","format":"standard","meta":{"_bbp_topic_count":0,"_bbp_reply_count":0,"_bbp_total_topic_count":0,"_bbp_total_reply_count":0,"_bbp_voice_count":0,"_bbp_anonymous_reply_count":0,"_bbp_topic_count_hidden":0,"_bbp_reply_count_hidden":0,"_bbp_forum_subforum_count":0,"site-sidebar-layout":"default","site-content-layout":"","ast-site-content-layout":"","site-content-style":"default","site-sidebar-style":"default","ast-global-header-display":"","ast-banner-title-visibility":"","ast-main-header-display":"","ast-hfb-above-header-display":"","ast-hfb-below-header-display":"","ast-hfb-mobile-header-display":"","site-post-title":"","ast-breadcrumbs-content":"","ast-featured-img":"","footer-sml-layout":"","theme-transparent-header-meta":"","adv-header-id-meta":"","stick-header-meta":"","header-above-stick-meta":"","header-main-stick-meta":"","header-below-stick-meta":"","astra-migrate-meta-layouts":"default","ast-page-background-enabled":"default","ast-page-background-meta":{"desktop":{"background-color":"var(--ast-global-color-5)","background-image":"","background-repeat":"repeat","background-position":"center center","background-size":"auto","background-attachment":"scroll","background-type":"","background-media":"","overlay-type":"","overlay-color":"","overlay-opacity":"","overlay-gradient":""},"tablet":{"background-color":"","background-image":"","background-repeat":"repeat","background-position":"center center","background-size":"auto","background-attachment":"scroll","background-type":"","background-media":"","overlay-type":"","overlay-color":"","overlay-opacity":"","overlay-gradient":""},"mobile":{"background-color":"","background-image":"","background-repeat":"repeat","background-position":"center center","background-size":"auto","background-attachment":"scroll","background-type":"","background-media":"","overlay-type":"","overlay-color":"","overlay-opacity":"","overlay-gradient":""}},"ast-content-background-meta":{"desktop":{"background-color":"var(--ast-global-color-4)","background-image":"","background-repeat":"repeat","background-position":"center center","background-size":"auto","background-attachment":"scroll","background-type":"","background-media":"","overlay-type":"","overlay-color":"","overlay-opacity":"","overlay-gradient":""},"tablet":{"background-color":"var(--ast-global-color-4)","background-image":"","background-repeat":"repeat","background-position":"center center","background-size":"auto","background-attachment":"scroll","background-type":"","background-media":"","overlay-type":"","overlay-color":"","overlay-opacity":"","overlay-gradient":""},"mobile":{"background-color":"var(--ast-global-color-4)","background-image":"","background-repeat":"repeat","background-position":"center center","background-size":"auto","background-attachment":"scroll","background-type":"","background-media":"","overlay-type":"","overlay-color":"","overlay-opacity":"","overlay-gradient":""}},"footnotes":""},"categories":[55,224,3,8,9,2,97],"tags":[],"class_list":["post-4385","post","type-post","status-publish","format-standard","hentry","category-celebracions","category-historic","category-i3","category-i4","category-i5","category-infantil","category-stjordi"],"post_mailing_queue_ids":[],"_links":{"self":[{"href":"https:\/\/agora.xtec.cat\/escmarquesdelapobla\/wp-json\/wp\/v2\/posts\/4385","targetHints":{"allow":["GET"]}}],"collection":[{"href":"https:\/\/agora.xtec.cat\/escmarquesdelapobla\/wp-json\/wp\/v2\/posts"}],"about":[{"href":"https:\/\/agora.xtec.cat\/escmarquesdelapobla\/wp-json\/wp\/v2\/types\/post"}],"author":[{"embeddable":true,"href":"https:\/\/agora.xtec.cat\/escmarquesdelapobla\/wp-json\/wp\/v2\/users\/1"}],"replies":[{"embeddable":true,"href":"https:\/\/agora.xtec.cat\/escmarquesdelapobla\/wp-json\/wp\/v2\/comments?post=4385"}],"version-history":[{"count":2,"href":"https:\/\/agora.xtec.cat\/escmarquesdelapobla\/wp-json\/wp\/v2\/posts\/4385\/revisions"}],"predecessor-version":[{"id":4387,"href":"https:\/\/agora.xtec.cat\/escmarquesdelapobla\/wp-json\/wp\/v2\/posts\/4385\/revisions\/4387"}],"wp:attachment":[{"href":"https:\/\/agora.xtec.cat\/escmarquesdelapobla\/wp-json\/wp\/v2\/media?parent=4385"}],"wp:term":[{"taxonomy":"category","embeddable":true,"href":"https:\/\/agora.xtec.cat\/escmarquesdelapobla\/wp-json\/wp\/v2\/categories?post=4385"},{"taxonomy":"post_tag","embeddable":true,"href":"https:\/\/agora.xtec.cat\/escmarquesdelapobla\/wp-json\/wp\/v2\/tags?post=4385"}],"curies":[{"name":"wp","href":"https:\/\/api.w.org\/{rel}","templated":true}]}}