{"id":4338,"date":"2019-04-13T08:43:50","date_gmt":"2019-04-13T06:43:50","guid":{"rendered":"http:\/\/agora.xtec.cat\/escmarquesdelapobla\/?p=4338"},"modified":"2020-11-08T12:52:36","modified_gmt":"2020-11-08T11:52:36","slug":"setmana-cultural-a-cicle-inicial","status":"publish","type":"post","link":"https:\/\/agora.xtec.cat\/escmarquesdelapobla\/inicial\/setmana-cultural-a-cicle-inicial\/","title":{"rendered":"Setmana Cultural a Cicle Inicial"},"content":{"rendered":"<p>L&#8217;\u00faltima setmana del segon trimestre, hem realitzat un munt d&#8217;activitats per celebrar la Setmana Cultural.<\/p>\n<p>Les nenes i els nens de primer, hem anat al forn Sabater a veure com es fa el pa, hem fet un mural de primavera per decorar el nostre passad\u00eds, hem fet un taller de lletres i hem tingut el plaer de tenir a les \u00e0vies MARC amb nosaltres per explicar-nos les seves meravelloses hist\u00f2ries. Us deixem unes fotos perqu\u00e8 veieu com vam gaudir.<\/p>\n<p><a href=\"https:\/\/photos.app.goo.gl\/bt4ayE9xjo3YFfSh9\"><img loading=\"lazy\" decoding=\"async\" class=\"aligncenter\" src=\"https:\/\/lh3.googleusercontent.com\/EmreQeCqRylqsxDqU-6GvubjwaNz-cmq5Tdb6PYpl74GtnP9J_dldtHmdYks3DmqamA9szUYD_yX_P9yN6sQ5CHPCcM4-t3lyUxy0bV5GYpcvi-xwZfnYrB0eOAypEWhZPXAgLnN3CaMt9gFlL-19VqRvdAOQu0rSELAtbvFZ1K3ysRXSzX496CzDUf--wZz2vljqajZwTLg-p9B75dfdk5qUoynNF3ky7bi_niLuHpElw20so3xtMmBPn5iGTR_Vx72Gr2oXfwkxDTrRV-COOUMsJiFYuLEmyGePxlQ50_I8vyjKsnN61qpoe3sk4YkAkRWKCIjaMpWTnWpn4togBTW5HE9lQN2cuKFsa2WDZ6KZl99bL0qLPGpGHPUv3kS9iDSjUhURY7pXTYwnedobMF0CiC1HPa46P3Las__ehLtnxj3YqCkvzebj0TSvifhaLBuT_jrS0QIJmrK7vTHwWwHDT_la3BIfaaYRBN4Osvduk1I4ydVfwqe6Nzg4wgrzXm5L4WEHsklZNwS_-9Hr_H3G3j1g2ARbWMgODiv_obFwXwG0RVlI8mHRsSvkFxfa4GSLicszDwQHO4MQ2-POpqF4_WC0chCh-pS19l23kMAXE1hPsa8Tlz0p6F3Yd0Jz6e-N2XpTs1lyyqxtNE4oLM0Blg4nglU=w493-h657-no\" alt=\"\" width=\"286\" height=\"381\" \/><\/a><\/p>\n<p>A segon tamb\u00e9 hem tingut una setmana completa. Les tres classes hem visitat el Museu paperer, hem fet ioga per aprendre a relaxar-nos i estirar tot el cos i tamb\u00e9 hem gaudit dels contes que amb molta estima han recuperat les \u00e0vies MARC. Esperem que gaudiu amb les fotos igual que ho vam fer nosaltres amb les activitats.<\/p>\n<p><a href=\"https:\/\/photos.app.goo.gl\/6w8ounsthTgLEodz7\"><img loading=\"lazy\" decoding=\"async\" class=\"aligncenter\" src=\"https:\/\/lh3.googleusercontent.com\/I_rtM_J_Vhbx9aBK9ph6FBLni6jdr75g23TdVMbA1QUrvO1fJG6KdqrhETuRKR5-EIZeNW0Rl8rZS2x1_ekth0hb3OSvUwTw5gOLrDQZi_sF0fbBeigrSBLc0Xy9zII3qO4m59zUbV0HuwA4em_L6vJZD_6eswAk7o4Lif6nqHkyYB6ut5dNUyG-eOyFyak5fEQPpB0gERH2ZNenLv7JyGeO5T43mwRKgdGRohxHeghD1QgAXMhKW2xTaGkQM196oTUvQH_7jcjbqCnYmqSKcev3c5R_SuzuzcqB0ugW0ktIh_ag2rh5Cz394JLeYySSpB3abwK-413lk72llSwDcrmUTnjNOsndY4qLMUPZuBPAgYJOyHuaztdIN7jWBWQ-kEkwy8BM8djSiw7vl3FfbhJDsV3tnDcnpl5DIi7_rD1mIeIfN7UgHG2CVpb2mgZZDrx9nK51zYwkcML9nJH25Ous1dL-NUtTCblw3ktxbFelu2aFKxjyHBWbFsWTJs16dojCsyCgZ4MRTI99WtmwDQn-X3Jq46PoyUcME-MEvz3dOjRKmJ6x8c6ZzHRqQcDvtCDjjzsXC9F6dWMXyHUMbsAXI4GHjUmTx9ndroRWvxZ_zEcH0o6V4_1-Bxhuae-8zaX0Tguptvy4GNNvjH0zFqrr_4srbN7Z=w1168-h657-no\" width=\"414\" height=\"233\" \/><\/a><\/p>\n","protected":false},"excerpt":{"rendered":"<p>L&#8217;\u00faltima setmana del segon trimestre, hem realitzat un munt d&#8217;activitats per celebrar la Setmana Cultural. Les nenes i els nens de primer, hem anat al forn Sabater a veure com es fa el pa, hem fet un mural de primavera per decorar el nostre passad\u00eds, hem fet un taller de lletres i hem tingut el [&hellip;]<\/p>\n","protected":false},"author":1,"featured_media":0,"comment_status":"open","ping_status":"closed","sticky":false,"template":"","format":"standard","meta":{"_bbp_topic_count":0,"_bbp_reply_count":0,"_bbp_total_topic_count":0,"_bbp_total_reply_count":0,"_bbp_voice_count":0,"_bbp_anonymous_reply_count":0,"_bbp_topic_count_hidden":0,"_bbp_reply_count_hidden":0,"_bbp_forum_subforum_count":0,"site-sidebar-layout":"default","site-content-layout":"","ast-site-content-layout":"","site-content-style":"default","site-sidebar-style":"default","ast-global-header-display":"","ast-banner-title-visibility":"","ast-main-header-display":"","ast-hfb-above-header-display":"","ast-hfb-below-header-display":"","ast-hfb-mobile-header-display":"","site-post-title":"","ast-breadcrumbs-content":"","ast-featured-img":"","footer-sml-layout":"","theme-transparent-header-meta":"","adv-header-id-meta":"","stick-header-meta":"","header-above-stick-meta":"","header-main-stick-meta":"","header-below-stick-meta":"","astra-migrate-meta-layouts":"default","ast-page-background-enabled":"default","ast-page-background-meta":{"desktop":{"background-color":"var(--ast-global-color-5)","background-image":"","background-repeat":"repeat","background-position":"center center","background-size":"auto","background-attachment":"scroll","background-type":"","background-media":"","overlay-type":"","overlay-color":"","overlay-opacity":"","overlay-gradient":""},"tablet":{"background-color":"","background-image":"","background-repeat":"repeat","background-position":"center center","background-size":"auto","background-attachment":"scroll","background-type":"","background-media":"","overlay-type":"","overlay-color":"","overlay-opacity":"","overlay-gradient":""},"mobile":{"background-color":"","background-image":"","background-repeat":"repeat","background-position":"center center","background-size":"auto","background-attachment":"scroll","background-type":"","background-media":"","overlay-type":"","overlay-color":"","overlay-opacity":"","overlay-gradient":""}},"ast-content-background-meta":{"desktop":{"background-color":"var(--ast-global-color-4)","background-image":"","background-repeat":"repeat","background-position":"center center","background-size":"auto","background-attachment":"scroll","background-type":"","background-media":"","overlay-type":"","overlay-color":"","overlay-opacity":"","overlay-gradient":""},"tablet":{"background-color":"var(--ast-global-color-4)","background-image":"","background-repeat":"repeat","background-position":"center center","background-size":"auto","background-attachment":"scroll","background-type":"","background-media":"","overlay-type":"","overlay-color":"","overlay-opacity":"","overlay-gradient":""},"mobile":{"background-color":"var(--ast-global-color-4)","background-image":"","background-repeat":"repeat","background-position":"center center","background-size":"auto","background-attachment":"scroll","background-type":"","background-media":"","overlay-type":"","overlay-color":"","overlay-opacity":"","overlay-gradient":""}},"footnotes":""},"categories":[64,224,82],"tags":[],"class_list":["post-4338","post","type-post","status-publish","format-standard","hentry","category-inicial","category-historic","category-cultural"],"post_mailing_queue_ids":[],"_links":{"self":[{"href":"https:\/\/agora.xtec.cat\/escmarquesdelapobla\/wp-json\/wp\/v2\/posts\/4338","targetHints":{"allow":["GET"]}}],"collection":[{"href":"https:\/\/agora.xtec.cat\/escmarquesdelapobla\/wp-json\/wp\/v2\/posts"}],"about":[{"href":"https:\/\/agora.xtec.cat\/escmarquesdelapobla\/wp-json\/wp\/v2\/types\/post"}],"author":[{"embeddable":true,"href":"https:\/\/agora.xtec.cat\/escmarquesdelapobla\/wp-json\/wp\/v2\/users\/1"}],"replies":[{"embeddable":true,"href":"https:\/\/agora.xtec.cat\/escmarquesdelapobla\/wp-json\/wp\/v2\/comments?post=4338"}],"version-history":[{"count":2,"href":"https:\/\/agora.xtec.cat\/escmarquesdelapobla\/wp-json\/wp\/v2\/posts\/4338\/revisions"}],"predecessor-version":[{"id":4342,"href":"https:\/\/agora.xtec.cat\/escmarquesdelapobla\/wp-json\/wp\/v2\/posts\/4338\/revisions\/4342"}],"wp:attachment":[{"href":"https:\/\/agora.xtec.cat\/escmarquesdelapobla\/wp-json\/wp\/v2\/media?parent=4338"}],"wp:term":[{"taxonomy":"category","embeddable":true,"href":"https:\/\/agora.xtec.cat\/escmarquesdelapobla\/wp-json\/wp\/v2\/categories?post=4338"},{"taxonomy":"post_tag","embeddable":true,"href":"https:\/\/agora.xtec.cat\/escmarquesdelapobla\/wp-json\/wp\/v2\/tags?post=4338"}],"curies":[{"name":"wp","href":"https:\/\/api.w.org\/{rel}","templated":true}]}}