{"id":4291,"date":"2019-04-11T16:49:06","date_gmt":"2019-04-11T14:49:06","guid":{"rendered":"http:\/\/agora.xtec.cat\/escmarquesdelapobla\/?p=4291"},"modified":"2020-11-08T12:53:58","modified_gmt":"2020-11-08T11:53:58","slug":"els-de-cinque-visitem-labric-romani","status":"publish","type":"post","link":"https:\/\/agora.xtec.cat\/escmarquesdelapobla\/escola\/els-de-cinque-visitem-labric-romani\/","title":{"rendered":"Els de cinqu\u00e8 visitem l&#8217;Abric Roman\u00ed"},"content":{"rendered":"<p>Aquesta tarda, i dins de la Setmana Cultural, hem fet la visita a l&#8217;Abric Roman\u00ed de Capellades.<\/p>\n<p>Tres alumnes de l&#8217;institut ens han fet de guies i ens han ensenyat i explicat com es va formar la cinglera del Capell\u00f3, difer\u00e8ncies entre els cranis dels neandertals i dels homosapiens, la descoberta de trossos de fusta carbonitzats, la vida sedent\u00e0ria i n\u00f2mada, com organitzaven els campaments al voltant del foc i una llarga llista m\u00e9s.<\/p>\n<p>Al finalitzar, hem pogut llan\u00e7ar amb arcs i llances com ho feien els nostres avantpassats i hem pogut comprovar com de dif\u00edcil els era poder ca\u00e7ar per poder menjar.<\/p>\n<p><a href=\"https:\/\/photos.app.goo.gl\/22YueKAFbwq1qpmk9\"><img loading=\"lazy\" decoding=\"async\" class=\"alignnone size-large\" src=\"https:\/\/lh3.googleusercontent.com\/s6ukvkGfumUmh1-rFY0ArgYqAPlAXQUympmEiGl245siu4NKgjq8L5i7sZEYn4vEC5Q3_XxFvmsEPENd-pf68_aG2Vc9WK13SJygEI7k6xPtA63pqCu20hURL6CCjxFtUoD8p5KcsN7wvisn6yEAqsjk4q8YRcJIn0j2cfaKpujbl2bPj9wkR75OpvG6EsN7OXMB7A1k11sS87hTAVl1XGdEtTmJZfz6JpW00DRhBb3zJk1dlHQsNt1rSFIxuJBtWOLjgkdAWPuFLMEG7tmctDVR16r1SDwarkmxw-cR6sharYjkiz4sTNbuxV5WLIQM28pGWiFmdPNyHbEKAB3kI1ZkfwN598_TXlriae0WIIpTNzH1A2wFHUl0hMK3t0CThVXauJij1CjD-AikM9IayzNsvS3LX5ntFbTHjv-Jvsz51c5yeyE3ZP8VVVRrBOV6senTyN102Qb3a1ZfwrytK0TK16xhldVBVUJS2pyC6TcPfmNgx38xumTbY56Y0o2F4-SEjjviX-59YEWuznkT9-UBVokdffyeEj6t0a_B6TXdhnTsoY7p0Thz36kQjeY2CAUIA-XPxPww8ZooDibizcX6FI_VdNjIm0FzTLTXeibSmQOUiceR8c5DfGkMnzvbcZV9yyyRZhbl8e-EmTgon7tbv82sb03_=w1280-h720-no\" width=\"1280\" height=\"720\" \/><\/a><\/p>\n","protected":false},"excerpt":{"rendered":"<p>Aquesta tarda, i dins de la Setmana Cultural, hem fet la visita a l&#8217;Abric Roman\u00ed de Capellades. Tres alumnes de l&#8217;institut ens han fet de guies i ens han ensenyat i explicat com es va formar la cinglera del Capell\u00f3, difer\u00e8ncies entre els cranis dels neandertals i dels homosapiens, la descoberta de trossos de fusta [&hellip;]<\/p>\n","protected":false},"author":1,"featured_media":0,"comment_status":"open","ping_status":"closed","sticky":false,"template":"","format":"standard","meta":{"_bbp_topic_count":0,"_bbp_reply_count":0,"_bbp_total_topic_count":0,"_bbp_total_reply_count":0,"_bbp_voice_count":0,"_bbp_anonymous_reply_count":0,"_bbp_topic_count_hidden":0,"_bbp_reply_count_hidden":0,"_bbp_forum_subforum_count":0,"site-sidebar-layout":"default","site-content-layout":"","ast-site-content-layout":"","site-content-style":"default","site-sidebar-style":"default","ast-global-header-display":"","ast-banner-title-visibility":"","ast-main-header-display":"","ast-hfb-above-header-display":"","ast-hfb-below-header-display":"","ast-hfb-mobile-header-display":"","site-post-title":"","ast-breadcrumbs-content":"","ast-featured-img":"","footer-sml-layout":"","theme-transparent-header-meta":"","adv-header-id-meta":"","stick-header-meta":"","header-above-stick-meta":"","header-main-stick-meta":"","header-below-stick-meta":"","astra-migrate-meta-layouts":"default","ast-page-background-enabled":"default","ast-page-background-meta":{"desktop":{"background-color":"var(--ast-global-color-5)","background-image":"","background-repeat":"repeat","background-position":"center center","background-size":"auto","background-attachment":"scroll","background-type":"","background-media":"","overlay-type":"","overlay-color":"","overlay-opacity":"","overlay-gradient":""},"tablet":{"background-color":"","background-image":"","background-repeat":"repeat","background-position":"center center","background-size":"auto","background-attachment":"scroll","background-type":"","background-media":"","overlay-type":"","overlay-color":"","overlay-opacity":"","overlay-gradient":""},"mobile":{"background-color":"","background-image":"","background-repeat":"repeat","background-position":"center center","background-size":"auto","background-attachment":"scroll","background-type":"","background-media":"","overlay-type":"","overlay-color":"","overlay-opacity":"","overlay-gradient":""}},"ast-content-background-meta":{"desktop":{"background-color":"var(--ast-global-color-4)","background-image":"","background-repeat":"repeat","background-position":"center center","background-size":"auto","background-attachment":"scroll","background-type":"","background-media":"","overlay-type":"","overlay-color":"","overlay-opacity":"","overlay-gradient":""},"tablet":{"background-color":"var(--ast-global-color-4)","background-image":"","background-repeat":"repeat","background-position":"center center","background-size":"auto","background-attachment":"scroll","background-type":"","background-media":"","overlay-type":"","overlay-color":"","overlay-opacity":"","overlay-gradient":""},"mobile":{"background-color":"var(--ast-global-color-4)","background-image":"","background-repeat":"repeat","background-position":"center center","background-size":"auto","background-attachment":"scroll","background-type":"","background-media":"","overlay-type":"","overlay-color":"","overlay-opacity":"","overlay-gradient":""}},"footnotes":""},"categories":[224,80],"tags":[],"class_list":["post-4291","post","type-post","status-publish","format-standard","hentry","category-historic","category-escola"],"post_mailing_queue_ids":[],"_links":{"self":[{"href":"https:\/\/agora.xtec.cat\/escmarquesdelapobla\/wp-json\/wp\/v2\/posts\/4291","targetHints":{"allow":["GET"]}}],"collection":[{"href":"https:\/\/agora.xtec.cat\/escmarquesdelapobla\/wp-json\/wp\/v2\/posts"}],"about":[{"href":"https:\/\/agora.xtec.cat\/escmarquesdelapobla\/wp-json\/wp\/v2\/types\/post"}],"author":[{"embeddable":true,"href":"https:\/\/agora.xtec.cat\/escmarquesdelapobla\/wp-json\/wp\/v2\/users\/1"}],"replies":[{"embeddable":true,"href":"https:\/\/agora.xtec.cat\/escmarquesdelapobla\/wp-json\/wp\/v2\/comments?post=4291"}],"version-history":[{"count":2,"href":"https:\/\/agora.xtec.cat\/escmarquesdelapobla\/wp-json\/wp\/v2\/posts\/4291\/revisions"}],"predecessor-version":[{"id":4293,"href":"https:\/\/agora.xtec.cat\/escmarquesdelapobla\/wp-json\/wp\/v2\/posts\/4291\/revisions\/4293"}],"wp:attachment":[{"href":"https:\/\/agora.xtec.cat\/escmarquesdelapobla\/wp-json\/wp\/v2\/media?parent=4291"}],"wp:term":[{"taxonomy":"category","embeddable":true,"href":"https:\/\/agora.xtec.cat\/escmarquesdelapobla\/wp-json\/wp\/v2\/categories?post=4291"},{"taxonomy":"post_tag","embeddable":true,"href":"https:\/\/agora.xtec.cat\/escmarquesdelapobla\/wp-json\/wp\/v2\/tags?post=4291"}],"curies":[{"name":"wp","href":"https:\/\/api.w.org\/{rel}","templated":true}]}}