{"id":4289,"date":"2019-04-12T23:38:17","date_gmt":"2019-04-12T21:38:17","guid":{"rendered":"http:\/\/agora.xtec.cat\/escmarquesdelapobla\/?p=4289"},"modified":"2020-11-08T12:52:59","modified_gmt":"2020-11-08T11:52:59","slug":"jardins-de-fantasia","status":"publish","type":"post","link":"https:\/\/agora.xtec.cat\/escmarquesdelapobla\/infantil\/jardins-de-fantasia\/","title":{"rendered":"JARDINS DE FANTASIA"},"content":{"rendered":"<p style=\"text-align: left;\">Dijous al mat\u00ed, i dins els actes de la Setmana Cultural, tots els nens i nenes d&#8217;educaci\u00f3 infantil i Cicle Inicial, hem anat als jardins de \u00a0Casa Bas que, per un mat\u00ed, s&#8217;han convertit en uns jardins plens de fantasia!!!<\/p>\n<p style=\"text-align: left;\">All\u00e0 hem trobat un dibuixant, unes narradores de rondalles, un titella ben especial, unes bombolles gegants i una can\u00e7\u00f3 molt m\u00e0gica!!!<\/p>\n<p style=\"text-align: left;\">Mireu quin mat\u00ed m\u00e9s genial hem passat!!!<\/p>\n<p style=\"text-align: left;\"><a href=\"https:\/\/photos.app.goo.gl\/Dnn8GXENZ9zw1xcm6\"><img loading=\"lazy\" decoding=\"async\" class=\"aligncenter\" src=\"https:\/\/lh3.googleusercontent.com\/HbTvc6BBx4OdWX_u-vaBzUYW77rIjpjg3wIDWbf2lEFbIDoLvs480CL_lAZ8Cyd3SA51EhZ6Ld4BW5jNfTirQPE3MWXQhCD8LcYCydk-9PmghC06OMqG8sCnCWAG9GMZL9NzUz80CGIVzxm5nXThWAdbysPnwjks51pWiRMaw_dpy7pUG8h8slt8RaXaD2BWqnhyZljfYIkBbr-t1ULnKOT7MXe-o1YYcWbVVn5d_ANAl6oCM2KHUu4QJGCt89jn0__QPiq5CCd12iiRzB2tDtm8FVdgM8GCRZjjqglqkU5Js9BOXFwg_W1gDSq_NkZpg7GUsOnYuKjnGpZ4k9Xzd3hK5nKF6LpBOgoUy5sD5OyJHrveMIQVmSof9kJ-HyERxnTLWnv4dzkfeorgFnCSzZtbe86agz1Ey5RnPG0gfWp9bBQcqcyi4T36UKx3kxb6r3iHks-6EioD5FKR5vu_eG5wS9OdQJddqp61ka0Cw9gJAh9BQyFd9NC2hq52AlcLE6WkW0b1J1UISlJ63VGEiiM2C0FdNs2eMdzOSs-Zi-aXLLcGf7ferqjNrTKXuIxUp-LmRnuLjPYWtWkT0Ywqm0m_FxQ3IINfiTjNEJRN4n3Xro_kmcEDDYBbSvyasgKCaZCbkFSirj5_ZwyJBDUmy8YmBPIWGzJU9T4tB-Kx9lbxf2xP_sOpHRY5060T2nBXWW5YgVZcxlafe0JrwaqOrYHaRg=w876-h657-no\" width=\"489\" height=\"367\" \/><\/a><\/p>\n","protected":false},"excerpt":{"rendered":"<p>Dijous al mat\u00ed, i dins els actes de la Setmana Cultural, tots els nens i nenes d&#8217;educaci\u00f3 infantil i Cicle Inicial, hem anat als jardins de \u00a0Casa Bas que, per un mat\u00ed, s&#8217;han convertit en uns jardins plens de fantasia!!! All\u00e0 hem trobat un dibuixant, unes narradores de rondalles, un titella ben especial, unes bombolles [&hellip;]<\/p>\n","protected":false},"author":1,"featured_media":0,"comment_status":"open","ping_status":"closed","sticky":false,"template":"","format":"standard","meta":{"_bbp_topic_count":0,"_bbp_reply_count":0,"_bbp_total_topic_count":0,"_bbp_total_reply_count":0,"_bbp_voice_count":0,"_bbp_anonymous_reply_count":0,"_bbp_topic_count_hidden":0,"_bbp_reply_count_hidden":0,"_bbp_forum_subforum_count":0,"site-sidebar-layout":"default","site-content-layout":"","ast-site-content-layout":"","site-content-style":"default","site-sidebar-style":"default","ast-global-header-display":"","ast-banner-title-visibility":"","ast-main-header-display":"","ast-hfb-above-header-display":"","ast-hfb-below-header-display":"","ast-hfb-mobile-header-display":"","site-post-title":"","ast-breadcrumbs-content":"","ast-featured-img":"","footer-sml-layout":"","theme-transparent-header-meta":"","adv-header-id-meta":"","stick-header-meta":"","header-above-stick-meta":"","header-main-stick-meta":"","header-below-stick-meta":"","astra-migrate-meta-layouts":"default","ast-page-background-enabled":"default","ast-page-background-meta":{"desktop":{"background-color":"var(--ast-global-color-5)","background-image":"","background-repeat":"repeat","background-position":"center center","background-size":"auto","background-attachment":"scroll","background-type":"","background-media":"","overlay-type":"","overlay-color":"","overlay-opacity":"","overlay-gradient":""},"tablet":{"background-color":"","background-image":"","background-repeat":"repeat","background-position":"center center","background-size":"auto","background-attachment":"scroll","background-type":"","background-media":"","overlay-type":"","overlay-color":"","overlay-opacity":"","overlay-gradient":""},"mobile":{"background-color":"","background-image":"","background-repeat":"repeat","background-position":"center center","background-size":"auto","background-attachment":"scroll","background-type":"","background-media":"","overlay-type":"","overlay-color":"","overlay-opacity":"","overlay-gradient":""}},"ast-content-background-meta":{"desktop":{"background-color":"var(--ast-global-color-4)","background-image":"","background-repeat":"repeat","background-position":"center center","background-size":"auto","background-attachment":"scroll","background-type":"","background-media":"","overlay-type":"","overlay-color":"","overlay-opacity":"","overlay-gradient":""},"tablet":{"background-color":"var(--ast-global-color-4)","background-image":"","background-repeat":"repeat","background-position":"center center","background-size":"auto","background-attachment":"scroll","background-type":"","background-media":"","overlay-type":"","overlay-color":"","overlay-opacity":"","overlay-gradient":""},"mobile":{"background-color":"var(--ast-global-color-4)","background-image":"","background-repeat":"repeat","background-position":"center center","background-size":"auto","background-attachment":"scroll","background-type":"","background-media":"","overlay-type":"","overlay-color":"","overlay-opacity":"","overlay-gradient":""}},"footnotes":""},"categories":[224,2,82],"tags":[],"class_list":["post-4289","post","type-post","status-publish","format-standard","hentry","category-historic","category-infantil","category-cultural"],"post_mailing_queue_ids":[],"_links":{"self":[{"href":"https:\/\/agora.xtec.cat\/escmarquesdelapobla\/wp-json\/wp\/v2\/posts\/4289","targetHints":{"allow":["GET"]}}],"collection":[{"href":"https:\/\/agora.xtec.cat\/escmarquesdelapobla\/wp-json\/wp\/v2\/posts"}],"about":[{"href":"https:\/\/agora.xtec.cat\/escmarquesdelapobla\/wp-json\/wp\/v2\/types\/post"}],"author":[{"embeddable":true,"href":"https:\/\/agora.xtec.cat\/escmarquesdelapobla\/wp-json\/wp\/v2\/users\/1"}],"replies":[{"embeddable":true,"href":"https:\/\/agora.xtec.cat\/escmarquesdelapobla\/wp-json\/wp\/v2\/comments?post=4289"}],"version-history":[{"count":3,"href":"https:\/\/agora.xtec.cat\/escmarquesdelapobla\/wp-json\/wp\/v2\/posts\/4289\/revisions"}],"predecessor-version":[{"id":4331,"href":"https:\/\/agora.xtec.cat\/escmarquesdelapobla\/wp-json\/wp\/v2\/posts\/4289\/revisions\/4331"}],"wp:attachment":[{"href":"https:\/\/agora.xtec.cat\/escmarquesdelapobla\/wp-json\/wp\/v2\/media?parent=4289"}],"wp:term":[{"taxonomy":"category","embeddable":true,"href":"https:\/\/agora.xtec.cat\/escmarquesdelapobla\/wp-json\/wp\/v2\/categories?post=4289"},{"taxonomy":"post_tag","embeddable":true,"href":"https:\/\/agora.xtec.cat\/escmarquesdelapobla\/wp-json\/wp\/v2\/tags?post=4289"}],"curies":[{"name":"wp","href":"https:\/\/api.w.org\/{rel}","templated":true}]}}