{"id":4236,"date":"2019-04-05T13:19:05","date_gmt":"2019-04-05T11:19:05","guid":{"rendered":"http:\/\/agora.xtec.cat\/escmarquesdelapobla\/?p=4236"},"modified":"2020-11-08T12:55:25","modified_gmt":"2020-11-08T11:55:25","slug":"ajuts-individuals-per-menjadors-escolars","status":"publish","type":"post","link":"https:\/\/agora.xtec.cat\/escmarquesdelapobla\/menjador\/ajuts-individuals-per-menjadors-escolars\/","title":{"rendered":"AJUTS INDIVIDUALS PER MENJADORS ESCOLARS"},"content":{"rendered":"<p class=\"m_-757711163078708332MsoNormalCxSpMiddle\" style=\"text-align: center;\">Acaben de sortir les bases de la convocat\u00f2ria per l\u2019atorgament d\u2019ajuts individuals de menjador pel curs 2019-2020 d\u2019acord amb els criteris marcats pel Departament d\u2019Educaci\u00f3 de la Generalitat.<\/p>\n<p class=\"m_-757711163078708332MsoNormalCxSpMiddle\" style=\"text-align: center;\"><u><\/u><u><\/u>El per\u00edode de presentaci\u00f3 per part de les fam\u00edlies al centres docents ser\u00e0 del\u00a0<b>8 d\u2019abril fins al dia 17 de maig de 2019 ambd\u00f3s inclosos.<\/b><u><\/u><\/p>\n<p style=\"text-align: center;\">Podeu consultar les bases:<\/p>\n<div style=\"text-align: center;\">\n<div style=\"margin: 8px 0px 4px;\"><a href=\"https:\/\/www.calameo.com\/books\/000770441b7ef4cf06482\" target=\"_blank\" rel=\"noopener noreferrer\">2019 2020 Bases Ajuts Menjador<\/a><\/div>\n<p><iframe loading=\"lazy\" src=\"\/\/v.calameo.com\/?bkcode=000770441b7ef4cf06482&amp;mode=mini\" width=\"480\" height=\"300\" frameborder=\"0\"><\/iframe><\/p>\n<div style=\"margin: 4px 0px 8px;\"><a href=\"http:\/\/www.calameo.com\/\" target=\"_blank\" rel=\"noopener noreferrer\">Read more publications on Calam\u00e9o<\/a><\/div>\n<\/div>\n<p>&nbsp;<\/p>\n<p style=\"text-align: center;\">Teniu m\u00e9s informaci\u00f3 a la p\u00e0gina web del <a href=\"http:\/\/www.anoia.cat\/departaments\/ensenyament\/ajuts-individuals-de-menjador\/\">Consell Comarcal<\/a><\/p>\n<p class=\"m_-757711163078708332MsoNormalCxSpMiddle\" style=\"text-align: center;\">\n","protected":false},"excerpt":{"rendered":"<p>Acaben de sortir les bases de la convocat\u00f2ria per l\u2019atorgament d\u2019ajuts individuals de menjador pel curs 2019-2020 d\u2019acord amb els criteris marcats pel Departament d\u2019Educaci\u00f3 de la Generalitat. El per\u00edode de presentaci\u00f3 per part de les fam\u00edlies al centres docents ser\u00e0 del\u00a08 d\u2019abril fins al dia 17 de maig de 2019 ambd\u00f3s inclosos. Podeu consultar [&hellip;]<\/p>\n","protected":false},"author":1,"featured_media":0,"comment_status":"open","ping_status":"closed","sticky":false,"template":"","format":"standard","meta":{"_bbp_topic_count":0,"_bbp_reply_count":0,"_bbp_total_topic_count":0,"_bbp_total_reply_count":0,"_bbp_voice_count":0,"_bbp_anonymous_reply_count":0,"_bbp_topic_count_hidden":0,"_bbp_reply_count_hidden":0,"_bbp_forum_subforum_count":0,"site-sidebar-layout":"default","site-content-layout":"","ast-site-content-layout":"","site-content-style":"default","site-sidebar-style":"default","ast-global-header-display":"","ast-banner-title-visibility":"","ast-main-header-display":"","ast-hfb-above-header-display":"","ast-hfb-below-header-display":"","ast-hfb-mobile-header-display":"","site-post-title":"","ast-breadcrumbs-content":"","ast-featured-img":"","footer-sml-layout":"","theme-transparent-header-meta":"","adv-header-id-meta":"","stick-header-meta":"","header-above-stick-meta":"","header-main-stick-meta":"","header-below-stick-meta":"","astra-migrate-meta-layouts":"default","ast-page-background-enabled":"default","ast-page-background-meta":{"desktop":{"background-color":"var(--ast-global-color-5)","background-image":"","background-repeat":"repeat","background-position":"center center","background-size":"auto","background-attachment":"scroll","background-type":"","background-media":"","overlay-type":"","overlay-color":"","overlay-opacity":"","overlay-gradient":""},"tablet":{"background-color":"","background-image":"","background-repeat":"repeat","background-position":"center center","background-size":"auto","background-attachment":"scroll","background-type":"","background-media":"","overlay-type":"","overlay-color":"","overlay-opacity":"","overlay-gradient":""},"mobile":{"background-color":"","background-image":"","background-repeat":"repeat","background-position":"center center","background-size":"auto","background-attachment":"scroll","background-type":"","background-media":"","overlay-type":"","overlay-color":"","overlay-opacity":"","overlay-gradient":""}},"ast-content-background-meta":{"desktop":{"background-color":"var(--ast-global-color-4)","background-image":"","background-repeat":"repeat","background-position":"center center","background-size":"auto","background-attachment":"scroll","background-type":"","background-media":"","overlay-type":"","overlay-color":"","overlay-opacity":"","overlay-gradient":""},"tablet":{"background-color":"var(--ast-global-color-4)","background-image":"","background-repeat":"repeat","background-position":"center center","background-size":"auto","background-attachment":"scroll","background-type":"","background-media":"","overlay-type":"","overlay-color":"","overlay-opacity":"","overlay-gradient":""},"mobile":{"background-color":"var(--ast-global-color-4)","background-image":"","background-repeat":"repeat","background-position":"center center","background-size":"auto","background-attachment":"scroll","background-type":"","background-media":"","overlay-type":"","overlay-color":"","overlay-opacity":"","overlay-gradient":""}},"footnotes":""},"categories":[224,79,61],"tags":[],"class_list":["post-4236","post","type-post","status-publish","format-standard","hentry","category-historic","category-info","category-menjador"],"post_mailing_queue_ids":[],"_links":{"self":[{"href":"https:\/\/agora.xtec.cat\/escmarquesdelapobla\/wp-json\/wp\/v2\/posts\/4236","targetHints":{"allow":["GET"]}}],"collection":[{"href":"https:\/\/agora.xtec.cat\/escmarquesdelapobla\/wp-json\/wp\/v2\/posts"}],"about":[{"href":"https:\/\/agora.xtec.cat\/escmarquesdelapobla\/wp-json\/wp\/v2\/types\/post"}],"author":[{"embeddable":true,"href":"https:\/\/agora.xtec.cat\/escmarquesdelapobla\/wp-json\/wp\/v2\/users\/1"}],"replies":[{"embeddable":true,"href":"https:\/\/agora.xtec.cat\/escmarquesdelapobla\/wp-json\/wp\/v2\/comments?post=4236"}],"version-history":[{"count":4,"href":"https:\/\/agora.xtec.cat\/escmarquesdelapobla\/wp-json\/wp\/v2\/posts\/4236\/revisions"}],"predecessor-version":[{"id":8074,"href":"https:\/\/agora.xtec.cat\/escmarquesdelapobla\/wp-json\/wp\/v2\/posts\/4236\/revisions\/8074"}],"wp:attachment":[{"href":"https:\/\/agora.xtec.cat\/escmarquesdelapobla\/wp-json\/wp\/v2\/media?parent=4236"}],"wp:term":[{"taxonomy":"category","embeddable":true,"href":"https:\/\/agora.xtec.cat\/escmarquesdelapobla\/wp-json\/wp\/v2\/categories?post=4236"},{"taxonomy":"post_tag","embeddable":true,"href":"https:\/\/agora.xtec.cat\/escmarquesdelapobla\/wp-json\/wp\/v2\/tags?post=4236"}],"curies":[{"name":"wp","href":"https:\/\/api.w.org\/{rel}","templated":true}]}}