{"id":4171,"date":"2019-03-27T09:51:51","date_gmt":"2019-03-27T08:51:51","guid":{"rendered":"http:\/\/agora.xtec.cat\/escmarquesdelapobla\/?p=4171"},"modified":"2020-11-08T12:57:46","modified_gmt":"2020-11-08T11:57:46","slug":"els-de-5e-baixem-a-lhort","status":"publish","type":"post","link":"https:\/\/agora.xtec.cat\/escmarquesdelapobla\/escola\/els-de-5e-baixem-a-lhort\/","title":{"rendered":"Els de 5\u00e8 baixem a l&#8217;hort"},"content":{"rendered":"<p style=\"text-align: justify;\">Aquest dimarts els i les alumnes de la classe dels Centaures i dels M\u00e0gics hem fet una visita a l&#8217;hort de l&#8217;escola. En hi va acompanyar la Laura que \u00e9s la mestra encarregada de cuidar l&#8217;hort i ens va explicar qu\u00e8 hi havia plantat: maduixeres, pastanagues, enciam, api, menta, cebes, bledes&#8230; Despr\u00e9s vam netejar l&#8217;hort de males herbes i li vam fer una regada perqu\u00e8 malauradament fa molts dies que no cau una gota d&#8217;aigua.<\/p>\n<p style=\"text-align: justify;\">Els de la classe dels Centaures tamb\u00e9 vam aprofitar per plantar una mongetera que ten\u00edem a la classe aprofitant un experiment que vam realitzar a medi sobre el geotropisme de les plantes. A veure si sobreviu!<\/p>\n<p><a href=\"https:\/\/photos.app.goo.gl\/hzQWJiuhtR5ZbmBPA\"><img loading=\"lazy\" decoding=\"async\" class=\"alignnone size-large\" src=\"https:\/\/lh3.googleusercontent.com\/vGP5ofRg6sB5RFf2WLqnllPQgkb2ygU97tQKD32pIFT_OzhiRTdITspn8it4NrOJYQnmqT4E43_HlSx3ss6-oN3uwQugvWxf7oJhE6gO8ezVbkdsOfirrQNoTTqCRhgkdTNAdIMMmA34ctjbZNoKUMYG9caa3smokgAI_65b9xKeiV7S7XkGfdXK7oePAidH6_Klb7l22krzpIAlh0KapR5AdxUPYxjWlfW6kN24YVEgBkExOa0SPcrLPaTp1-WmE0_i0Ttn0rZQmQY7qz_2VRI292pVR2UPcM5s7o6Ypu-PXQsDa1ZsSWBPTRs2IHb9AM8DQHSykTTqqj31XglhZAnj6Gj9sF34knTT3rA7_jm96dHJRE30z7Isb6POSxTYBIg15GXDsFGWhw6LwiVABoppCBAgEqjkEfXs-hsb22TGjlKOxlPURCA1CuvzAnMhPYbGq0yAgfBUfaw8rqFveCMBoQzfbbNA-pwniriJmMNrkE1_hPeY_p3wbKLfUTm9akrKM5o8hDdaoN0hT4SeBxQGFnmWSXvmwxMeCu0hkxmInKQGcAP-3B5EEo9K8x9wj5UtRQpZ87qGAIyzKSOTx7w8wmBaQunb6dXTn6bhg6vKde9UbKSv-2X-YUFC2_LAietPdbwzf_WhG2HCr0VPKVp2We4uJ1tl=w1280-h720-no\" width=\"1280\" height=\"720\" \/><\/a><\/p>\n","protected":false},"excerpt":{"rendered":"<p>Aquest dimarts els i les alumnes de la classe dels Centaures i dels M\u00e0gics hem fet una visita a l&#8217;hort de l&#8217;escola. En hi va acompanyar la Laura que \u00e9s la mestra encarregada de cuidar l&#8217;hort i ens va explicar qu\u00e8 hi havia plantat: maduixeres, pastanagues, enciam, api, menta, cebes, bledes&#8230; Despr\u00e9s vam netejar l&#8217;hort [&hellip;]<\/p>\n","protected":false},"author":1,"featured_media":0,"comment_status":"open","ping_status":"closed","sticky":false,"template":"","format":"standard","meta":{"_bbp_topic_count":0,"_bbp_reply_count":0,"_bbp_total_topic_count":0,"_bbp_total_reply_count":0,"_bbp_voice_count":0,"_bbp_anonymous_reply_count":0,"_bbp_topic_count_hidden":0,"_bbp_reply_count_hidden":0,"_bbp_forum_subforum_count":0,"site-sidebar-layout":"default","site-content-layout":"","ast-site-content-layout":"","site-content-style":"default","site-sidebar-style":"default","ast-global-header-display":"","ast-banner-title-visibility":"","ast-main-header-display":"","ast-hfb-above-header-display":"","ast-hfb-below-header-display":"","ast-hfb-mobile-header-display":"","site-post-title":"","ast-breadcrumbs-content":"","ast-featured-img":"","footer-sml-layout":"","theme-transparent-header-meta":"","adv-header-id-meta":"","stick-header-meta":"","header-above-stick-meta":"","header-main-stick-meta":"","header-below-stick-meta":"","astra-migrate-meta-layouts":"default","ast-page-background-enabled":"default","ast-page-background-meta":{"desktop":{"background-color":"var(--ast-global-color-5)","background-image":"","background-repeat":"repeat","background-position":"center center","background-size":"auto","background-attachment":"scroll","background-type":"","background-media":"","overlay-type":"","overlay-color":"","overlay-opacity":"","overlay-gradient":""},"tablet":{"background-color":"","background-image":"","background-repeat":"repeat","background-position":"center center","background-size":"auto","background-attachment":"scroll","background-type":"","background-media":"","overlay-type":"","overlay-color":"","overlay-opacity":"","overlay-gradient":""},"mobile":{"background-color":"","background-image":"","background-repeat":"repeat","background-position":"center center","background-size":"auto","background-attachment":"scroll","background-type":"","background-media":"","overlay-type":"","overlay-color":"","overlay-opacity":"","overlay-gradient":""}},"ast-content-background-meta":{"desktop":{"background-color":"var(--ast-global-color-4)","background-image":"","background-repeat":"repeat","background-position":"center center","background-size":"auto","background-attachment":"scroll","background-type":"","background-media":"","overlay-type":"","overlay-color":"","overlay-opacity":"","overlay-gradient":""},"tablet":{"background-color":"var(--ast-global-color-4)","background-image":"","background-repeat":"repeat","background-position":"center center","background-size":"auto","background-attachment":"scroll","background-type":"","background-media":"","overlay-type":"","overlay-color":"","overlay-opacity":"","overlay-gradient":""},"mobile":{"background-color":"var(--ast-global-color-4)","background-image":"","background-repeat":"repeat","background-position":"center center","background-size":"auto","background-attachment":"scroll","background-type":"","background-media":"","overlay-type":"","overlay-color":"","overlay-opacity":"","overlay-gradient":""}},"footnotes":""},"categories":[224,80],"tags":[],"class_list":["post-4171","post","type-post","status-publish","format-standard","hentry","category-historic","category-escola"],"post_mailing_queue_ids":[],"_links":{"self":[{"href":"https:\/\/agora.xtec.cat\/escmarquesdelapobla\/wp-json\/wp\/v2\/posts\/4171","targetHints":{"allow":["GET"]}}],"collection":[{"href":"https:\/\/agora.xtec.cat\/escmarquesdelapobla\/wp-json\/wp\/v2\/posts"}],"about":[{"href":"https:\/\/agora.xtec.cat\/escmarquesdelapobla\/wp-json\/wp\/v2\/types\/post"}],"author":[{"embeddable":true,"href":"https:\/\/agora.xtec.cat\/escmarquesdelapobla\/wp-json\/wp\/v2\/users\/1"}],"replies":[{"embeddable":true,"href":"https:\/\/agora.xtec.cat\/escmarquesdelapobla\/wp-json\/wp\/v2\/comments?post=4171"}],"version-history":[{"count":3,"href":"https:\/\/agora.xtec.cat\/escmarquesdelapobla\/wp-json\/wp\/v2\/posts\/4171\/revisions"}],"predecessor-version":[{"id":4174,"href":"https:\/\/agora.xtec.cat\/escmarquesdelapobla\/wp-json\/wp\/v2\/posts\/4171\/revisions\/4174"}],"wp:attachment":[{"href":"https:\/\/agora.xtec.cat\/escmarquesdelapobla\/wp-json\/wp\/v2\/media?parent=4171"}],"wp:term":[{"taxonomy":"category","embeddable":true,"href":"https:\/\/agora.xtec.cat\/escmarquesdelapobla\/wp-json\/wp\/v2\/categories?post=4171"},{"taxonomy":"post_tag","embeddable":true,"href":"https:\/\/agora.xtec.cat\/escmarquesdelapobla\/wp-json\/wp\/v2\/tags?post=4171"}],"curies":[{"name":"wp","href":"https:\/\/api.w.org\/{rel}","templated":true}]}}