{"id":4111,"date":"2019-03-17T19:31:22","date_gmt":"2019-03-17T18:31:22","guid":{"rendered":"http:\/\/agora.xtec.cat\/escmarquesdelapobla\/?p=4111"},"modified":"2020-11-08T12:59:39","modified_gmt":"2020-11-08T11:59:39","slug":"larbre-del-pati-de-sorra","status":"publish","type":"post","link":"https:\/\/agora.xtec.cat\/escmarquesdelapobla\/infantil\/larbre-del-pati-de-sorra\/","title":{"rendered":"L&#8217;arbre del pati de sorra"},"content":{"rendered":"<div class=\"gmail_default\" style=\"text-align: center;\">Us informem que el dilluns, dia 18 de mar\u00e7, al mat\u00ed, no hi haur\u00e0 acc\u00e9s\u00a0 a l&#8217;edifici d&#8217;Educaci\u00f3 Infantil del cant\u00f3 del Passeig (P 5).<\/div>\n<div class=\"gmail_default\" style=\"text-align: center;\">\u00a0La causa \u00e9s la tala de l&#8217;arbre inclinat del pati de sorra i la plantada d&#8217;arbres nous.<\/div>\n<div class=\"gmail_default\" style=\"text-align: center;\">Les fam\u00edlies d&#8217;Educaci\u00f3 Infantil podeu entrar per l&#8217;acc\u00e9s de la Sala de les Columnes.<\/div>\n<div class=\"gmail_default\" style=\"text-align: center;\">Gr\u00e0cies i perdoneu les mol\u00e8sties.<\/div>\n<div><\/div>\n<p style=\"text-align: center;\"><strong>Arbre del pati de sorra<\/strong><a href=\"https:\/\/agora.xtec.cat\/escmarquesdelapobla\/wp-content\/uploads\/usu1682\/2019\/03\/ARbre-pati.jpg\"><img loading=\"lazy\" decoding=\"async\" class=\"aligncenter wp-image-4112\" src=\"https:\/\/agora.xtec.cat\/escmarquesdelapobla\/wp-content\/uploads\/usu1682\/2019\/03\/ARbre-pati-224x300.jpg\" alt=\"\" width=\"348\" height=\"466\" srcset=\"https:\/\/agora.xtec.cat\/escmarquesdelapobla\/wp-content\/uploads\/usu1682\/2019\/03\/ARbre-pati-224x300.jpg 224w, https:\/\/agora.xtec.cat\/escmarquesdelapobla\/wp-content\/uploads\/usu1682\/2019\/03\/ARbre-pati-768x1027.jpg 768w, https:\/\/agora.xtec.cat\/escmarquesdelapobla\/wp-content\/uploads\/usu1682\/2019\/03\/ARbre-pati-765x1024.jpg 765w, https:\/\/agora.xtec.cat\/escmarquesdelapobla\/wp-content\/uploads\/usu1682\/2019\/03\/ARbre-pati.jpg 1196w\" sizes=\"auto, (max-width: 348px) 100vw, 348px\" \/><\/a><\/p>\n<p style=\"text-align: center;\">Durant aquests dies ens hem anat acomiadant\u00a0 de l&#8217;arbre de la caseta que durant tants anys ens ha acompanyat amb el seu color i ombra. Per\u00f2 estem contents perqu\u00e8 al seu lloc podrem veure florir uns nous arbres.<\/p>\n<p>&nbsp;<\/p>\n<p>&nbsp;<\/p>\n","protected":false},"excerpt":{"rendered":"<p>Us informem que el dilluns, dia 18 de mar\u00e7, al mat\u00ed, no hi haur\u00e0 acc\u00e9s\u00a0 a l&#8217;edifici d&#8217;Educaci\u00f3 Infantil del cant\u00f3 del Passeig (P 5). \u00a0La causa \u00e9s la tala de l&#8217;arbre inclinat del pati de sorra i la plantada d&#8217;arbres nous. Les fam\u00edlies d&#8217;Educaci\u00f3 Infantil podeu entrar per l&#8217;acc\u00e9s de la Sala de les [&hellip;]<\/p>\n","protected":false},"author":1,"featured_media":0,"comment_status":"open","ping_status":"closed","sticky":false,"template":"","format":"standard","meta":{"_bbp_topic_count":0,"_bbp_reply_count":0,"_bbp_total_topic_count":0,"_bbp_total_reply_count":0,"_bbp_voice_count":0,"_bbp_anonymous_reply_count":0,"_bbp_topic_count_hidden":0,"_bbp_reply_count_hidden":0,"_bbp_forum_subforum_count":0,"site-sidebar-layout":"default","site-content-layout":"","ast-site-content-layout":"","site-content-style":"default","site-sidebar-style":"default","ast-global-header-display":"","ast-banner-title-visibility":"","ast-main-header-display":"","ast-hfb-above-header-display":"","ast-hfb-below-header-display":"","ast-hfb-mobile-header-display":"","site-post-title":"","ast-breadcrumbs-content":"","ast-featured-img":"","footer-sml-layout":"","theme-transparent-header-meta":"","adv-header-id-meta":"","stick-header-meta":"","header-above-stick-meta":"","header-main-stick-meta":"","header-below-stick-meta":"","astra-migrate-meta-layouts":"default","ast-page-background-enabled":"default","ast-page-background-meta":{"desktop":{"background-color":"var(--ast-global-color-5)","background-image":"","background-repeat":"repeat","background-position":"center center","background-size":"auto","background-attachment":"scroll","background-type":"","background-media":"","overlay-type":"","overlay-color":"","overlay-opacity":"","overlay-gradient":""},"tablet":{"background-color":"","background-image":"","background-repeat":"repeat","background-position":"center center","background-size":"auto","background-attachment":"scroll","background-type":"","background-media":"","overlay-type":"","overlay-color":"","overlay-opacity":"","overlay-gradient":""},"mobile":{"background-color":"","background-image":"","background-repeat":"repeat","background-position":"center center","background-size":"auto","background-attachment":"scroll","background-type":"","background-media":"","overlay-type":"","overlay-color":"","overlay-opacity":"","overlay-gradient":""}},"ast-content-background-meta":{"desktop":{"background-color":"var(--ast-global-color-4)","background-image":"","background-repeat":"repeat","background-position":"center center","background-size":"auto","background-attachment":"scroll","background-type":"","background-media":"","overlay-type":"","overlay-color":"","overlay-opacity":"","overlay-gradient":""},"tablet":{"background-color":"var(--ast-global-color-4)","background-image":"","background-repeat":"repeat","background-position":"center center","background-size":"auto","background-attachment":"scroll","background-type":"","background-media":"","overlay-type":"","overlay-color":"","overlay-opacity":"","overlay-gradient":""},"mobile":{"background-color":"var(--ast-global-color-4)","background-image":"","background-repeat":"repeat","background-position":"center center","background-size":"auto","background-attachment":"scroll","background-type":"","background-media":"","overlay-type":"","overlay-color":"","overlay-opacity":"","overlay-gradient":""}},"footnotes":""},"categories":[224,2,80,100],"tags":[],"class_list":["post-4111","post","type-post","status-publish","format-standard","hentry","category-historic","category-infantil","category-escola","category-patis"],"post_mailing_queue_ids":[],"_links":{"self":[{"href":"https:\/\/agora.xtec.cat\/escmarquesdelapobla\/wp-json\/wp\/v2\/posts\/4111","targetHints":{"allow":["GET"]}}],"collection":[{"href":"https:\/\/agora.xtec.cat\/escmarquesdelapobla\/wp-json\/wp\/v2\/posts"}],"about":[{"href":"https:\/\/agora.xtec.cat\/escmarquesdelapobla\/wp-json\/wp\/v2\/types\/post"}],"author":[{"embeddable":true,"href":"https:\/\/agora.xtec.cat\/escmarquesdelapobla\/wp-json\/wp\/v2\/users\/1"}],"replies":[{"embeddable":true,"href":"https:\/\/agora.xtec.cat\/escmarquesdelapobla\/wp-json\/wp\/v2\/comments?post=4111"}],"version-history":[{"count":3,"href":"https:\/\/agora.xtec.cat\/escmarquesdelapobla\/wp-json\/wp\/v2\/posts\/4111\/revisions"}],"predecessor-version":[{"id":4127,"href":"https:\/\/agora.xtec.cat\/escmarquesdelapobla\/wp-json\/wp\/v2\/posts\/4111\/revisions\/4127"}],"wp:attachment":[{"href":"https:\/\/agora.xtec.cat\/escmarquesdelapobla\/wp-json\/wp\/v2\/media?parent=4111"}],"wp:term":[{"taxonomy":"category","embeddable":true,"href":"https:\/\/agora.xtec.cat\/escmarquesdelapobla\/wp-json\/wp\/v2\/categories?post=4111"},{"taxonomy":"post_tag","embeddable":true,"href":"https:\/\/agora.xtec.cat\/escmarquesdelapobla\/wp-json\/wp\/v2\/tags?post=4111"}],"curies":[{"name":"wp","href":"https:\/\/api.w.org\/{rel}","templated":true}]}}