{"id":4087,"date":"2019-03-14T13:18:46","date_gmt":"2019-03-14T12:18:46","guid":{"rendered":"http:\/\/agora.xtec.cat\/escmarquesdelapobla\/?p=4087"},"modified":"2020-11-08T12:59:57","modified_gmt":"2020-11-08T11:59:57","slug":"la-vella-quaresma","status":"publish","type":"post","link":"https:\/\/agora.xtec.cat\/escmarquesdelapobla\/celebracions\/la-vella-quaresma\/","title":{"rendered":"LA VELLA QUARESMA"},"content":{"rendered":"<p>A cicle inicial ja ha arribat la Vella Quaresma un cop enterrada la sardina i\u00a0 cremat el Carnestoltes. \u00c9s aquell imp\u00e0s que va des del dimecres de Cendra fins a Setmana Santa. Per a algunes persones \u00e9s temps de dejuni i abstin\u00e8ncia i per fer una bona preparaci\u00f3 de cara a la Pasqua. I per tots plegats fer i menjar la mona com indica la tradici\u00f3!!!!<br \/>\n<a href=\"https:\/\/photos.app.goo.gl\/XudSCAD5jUVvtuYC9\"><img loading=\"lazy\" decoding=\"async\" class=\"alignnone size-large\" src=\"https:\/\/lh3.googleusercontent.com\/0ECl59rBO6_xy5Lb24qG_V4vga3ZYLCP4_0eMp20qIHouZt-tkRSA9Xvnsy8CEM0G-kwoeZk4F--M2cbJz79FFNMgGaHcuYpdedbVjXmpyW39ksFsuXKJ9eJsrC4fwll5HqowB94l5_nIs52hh_cq4T9gH9min0FTx9Ad3w2410ok6FieuWxQy6Gegkm2PDpkp1XPP8c-hI8MsgRGp-r0YZ9BSvqDun8Wv1wXrp3Py9GeXRUkjpSm6ZsSPhU26DbVDhfUQ0AREjDZ8usJF_OEKI0iUwfYauP2N5AzwOLl4M0PHRZl5IzVMobme5Slh86bhOAkx0d0ROucMJSztZGPcKGuWlhL_aIc05E-s-bgwA3fBaT9wxga8qv--SSdSZV0HvrRFnBsd_F6cygh1qVaUuLnVAPyLCD4Ix-QMtyzSr-fNDAmXwR37gSshHm-4UUD22Anj-hq6jRdLPP2qkrqh73lYb0f2I7aphjY_VordXrMntSKrMNc7qZ1xVIPGAQRiDQLNZyrHnJK6CDUuPPLeGjbuM17gqD_Eth0VNE_sZbjQHK7ius9sHbHdCaO_b43mIgTk0HhzOlaYJqPltpOAtcr7DnDuELY-e71sEfr-zOsTrBkcn5H7XjzW83-JM34qDfOTb6U0vuoAgVbxCUUDjaharkFoRK=w590-h786-no\" width=\"590\" height=\"786\" \/><\/a><\/p>\n","protected":false},"excerpt":{"rendered":"<p>A cicle inicial ja ha arribat la Vella Quaresma un cop enterrada la sardina i\u00a0 cremat el Carnestoltes. \u00c9s aquell imp\u00e0s que va des del dimecres de Cendra fins a Setmana Santa. Per a algunes persones \u00e9s temps de dejuni i abstin\u00e8ncia i per fer una bona preparaci\u00f3 de cara a la Pasqua. I per [&hellip;]<\/p>\n","protected":false},"author":1,"featured_media":0,"comment_status":"open","ping_status":"closed","sticky":false,"template":"","format":"standard","meta":{"_bbp_topic_count":0,"_bbp_reply_count":0,"_bbp_total_topic_count":0,"_bbp_total_reply_count":0,"_bbp_voice_count":0,"_bbp_anonymous_reply_count":0,"_bbp_topic_count_hidden":0,"_bbp_reply_count_hidden":0,"_bbp_forum_subforum_count":0,"site-sidebar-layout":"default","site-content-layout":"","ast-site-content-layout":"","site-content-style":"default","site-sidebar-style":"default","ast-global-header-display":"","ast-banner-title-visibility":"","ast-main-header-display":"","ast-hfb-above-header-display":"","ast-hfb-below-header-display":"","ast-hfb-mobile-header-display":"","site-post-title":"","ast-breadcrumbs-content":"","ast-featured-img":"","footer-sml-layout":"","theme-transparent-header-meta":"","adv-header-id-meta":"","stick-header-meta":"","header-above-stick-meta":"","header-main-stick-meta":"","header-below-stick-meta":"","astra-migrate-meta-layouts":"default","ast-page-background-enabled":"default","ast-page-background-meta":{"desktop":{"background-color":"var(--ast-global-color-5)","background-image":"","background-repeat":"repeat","background-position":"center center","background-size":"auto","background-attachment":"scroll","background-type":"","background-media":"","overlay-type":"","overlay-color":"","overlay-opacity":"","overlay-gradient":""},"tablet":{"background-color":"","background-image":"","background-repeat":"repeat","background-position":"center center","background-size":"auto","background-attachment":"scroll","background-type":"","background-media":"","overlay-type":"","overlay-color":"","overlay-opacity":"","overlay-gradient":""},"mobile":{"background-color":"","background-image":"","background-repeat":"repeat","background-position":"center center","background-size":"auto","background-attachment":"scroll","background-type":"","background-media":"","overlay-type":"","overlay-color":"","overlay-opacity":"","overlay-gradient":""}},"ast-content-background-meta":{"desktop":{"background-color":"var(--ast-global-color-4)","background-image":"","background-repeat":"repeat","background-position":"center center","background-size":"auto","background-attachment":"scroll","background-type":"","background-media":"","overlay-type":"","overlay-color":"","overlay-opacity":"","overlay-gradient":""},"tablet":{"background-color":"var(--ast-global-color-4)","background-image":"","background-repeat":"repeat","background-position":"center center","background-size":"auto","background-attachment":"scroll","background-type":"","background-media":"","overlay-type":"","overlay-color":"","overlay-opacity":"","overlay-gradient":""},"mobile":{"background-color":"var(--ast-global-color-4)","background-image":"","background-repeat":"repeat","background-position":"center center","background-size":"auto","background-attachment":"scroll","background-type":"","background-media":"","overlay-type":"","overlay-color":"","overlay-opacity":"","overlay-gradient":""}},"footnotes":""},"categories":[55,64,224],"tags":[],"class_list":["post-4087","post","type-post","status-publish","format-standard","hentry","category-celebracions","category-inicial","category-historic"],"post_mailing_queue_ids":[],"_links":{"self":[{"href":"https:\/\/agora.xtec.cat\/escmarquesdelapobla\/wp-json\/wp\/v2\/posts\/4087","targetHints":{"allow":["GET"]}}],"collection":[{"href":"https:\/\/agora.xtec.cat\/escmarquesdelapobla\/wp-json\/wp\/v2\/posts"}],"about":[{"href":"https:\/\/agora.xtec.cat\/escmarquesdelapobla\/wp-json\/wp\/v2\/types\/post"}],"author":[{"embeddable":true,"href":"https:\/\/agora.xtec.cat\/escmarquesdelapobla\/wp-json\/wp\/v2\/users\/1"}],"replies":[{"embeddable":true,"href":"https:\/\/agora.xtec.cat\/escmarquesdelapobla\/wp-json\/wp\/v2\/comments?post=4087"}],"version-history":[{"count":3,"href":"https:\/\/agora.xtec.cat\/escmarquesdelapobla\/wp-json\/wp\/v2\/posts\/4087\/revisions"}],"predecessor-version":[{"id":4107,"href":"https:\/\/agora.xtec.cat\/escmarquesdelapobla\/wp-json\/wp\/v2\/posts\/4087\/revisions\/4107"}],"wp:attachment":[{"href":"https:\/\/agora.xtec.cat\/escmarquesdelapobla\/wp-json\/wp\/v2\/media?parent=4087"}],"wp:term":[{"taxonomy":"category","embeddable":true,"href":"https:\/\/agora.xtec.cat\/escmarquesdelapobla\/wp-json\/wp\/v2\/categories?post=4087"},{"taxonomy":"post_tag","embeddable":true,"href":"https:\/\/agora.xtec.cat\/escmarquesdelapobla\/wp-json\/wp\/v2\/tags?post=4087"}],"curies":[{"name":"wp","href":"https:\/\/api.w.org\/{rel}","templated":true}]}}