{"id":3942,"date":"2019-02-25T11:05:30","date_gmt":"2019-02-25T10:05:30","guid":{"rendered":"http:\/\/agora.xtec.cat\/escmarquesdelapobla\/?p=3942"},"modified":"2020-11-08T13:05:41","modified_gmt":"2020-11-08T12:05:41","slug":"c-a-r-n-e-s-t-o-l-t-e-s-2019","status":"publish","type":"post","link":"https:\/\/agora.xtec.cat\/escmarquesdelapobla\/info\/c-a-r-n-e-s-t-o-l-t-e-s-2019\/","title":{"rendered":"******C A R N E S T O L T E S  2019 ******"},"content":{"rendered":"<p style=\"text-align: center;\">Ens trobem un curs m\u00e9s amb els <strong>preparatius pel Carnaval a l\u2019escola<\/strong>.<\/p>\n<p style=\"text-align: center;\">Demanem que estigueu alerta a les activitats d\u2019aquesta setmana:<\/p>\n<p style=\"text-align: center;\"><strong>CONSIGNES DEL CARNESTOLTES<\/strong><\/p>\n<p style=\"text-align: center;\">Des d\u2019avui dilluns, seguirem atents a les consignes que trobarem cada tarda<strong> al costat del Carnestoltes. <\/strong>Ens indicar\u00e0 amb quin element o vestuari li agradar\u00e0 de veure\u2019ns pel centre. L\u2019alumnat ha d\u2019estar alerta i fer mem\u00f2ria! Des de casa tamb\u00e9 les podreu anar seguint a trav\u00e9s del <strong>blog de l\u2019escola \u00a0\u00a0<\/strong><a href=\"http:\/\/agora.xtec.cat\/escmarquesdelapobla\/\"><strong>http:\/\/agora.xtec.cat\/escmarquesdelapobla\/<\/strong><\/a>.<\/p>\n<p style=\"text-align: center;\">Per dem\u00e0 <strong>dimarts dia 26 <\/strong>ja ens ha dit:<strong><em>\u00a0<\/em><\/strong><\/p>\n<p style=\"text-align: center;\"><strong><em>\u201cEL DIMARTS COMEN\u00c7AREM&#8230;<\/em><\/strong><\/p>\n<p style=\"text-align: center;\"><strong><em>I UN PENTINAT BEN FANT\u00c0STIC LLUIREM<\/em><\/strong><strong><em>\u201d.<\/em><\/strong><\/p>\n<p style=\"text-align: center;\"><strong><em>\u00a0<\/em><\/strong><\/p>\n<p style=\"text-align: center;\"><strong>SORTIDA DEL DIJOUS LLARDER<\/strong><\/p>\n<p style=\"text-align: center;\">Com cada any, aquest <strong>dijous dia 28<\/strong> tenim prevista la <strong>tradicional sortida del<\/strong> &#8220;<strong>dijous llarder<\/strong>&#8221; <strong>pels voltants propers de l\u2019escola<\/strong>. Ser\u00e0 en horari escolar, a partir de les <strong>10 del mat\u00ed fins a 2\/4 d&#8217;1<\/strong>. Cada alumne\/a haur\u00e0 de portar el seu <strong>esmorzar i cal\u00e7at adequat. <\/strong>\u00a0Recordem que el menjar tradicional d\u2019aquest dia \u00e9s la \u00a0truita amb botifarra. \u00a0<strong><u>En cas que el temps no ho permeti ho celebrarem a l\u2019escola.<\/u><\/strong><\/p>\n<p>&nbsp;<\/p>\n<p style=\"text-align: center;\"><strong>DILLUNS 4 DE MAR\u00c7<\/strong><\/p>\n<hr \/>\n<p style=\"text-align: center;\">Recordeu que, com est\u00e0 indicat al calendari anual, \u00e9s <strong>Festa de lliure disposici\u00f3<\/strong>. No hi ha escola.<\/p>\n<p>&nbsp;<\/p>\n<p style=\"text-align: center;\"><strong>FESTA DEL CARNAVAL A L\u2019ESCOLA!<\/strong><\/p>\n<hr \/>\n<p style=\"text-align: center;\">El <strong>dimarts dia 5<\/strong> de mar\u00e7\u00a0<strong>a la tarda la celebrarem <\/strong>al <strong>pati de l\u2019escola amb molta gresca i xerinola<\/strong>. Ens acompanyar\u00e0 l\u2019animador Jaume Barri i no hi faltar\u00e0 el Rei Carnestoltes.<\/p>\n<p style=\"text-align: center;\"><strong>\u00a0<\/strong><\/p>\n<p style=\"text-align: center;\"><strong>VESTUARI<\/strong>: L\u2019alumnat lluir\u00e0 les m\u00e0scares que han estat elaborant a partir del <strong>\u201c<em>M\u00f3n real i m\u00f3n de fantasia<\/em>\u201d<\/strong> que ens acompanya durant aquest curs. Farem molt goig!<\/p>\n<p style=\"text-align: center;\">A partir de les 15:00 les portes quedaran obertes i podreu anar-vos situant a les grades de la pista grisa per participar de la festa amb nosaltres.<\/p>\n<p style=\"text-align: center;\">No hi falteu!<\/p>\n<p style=\"text-align: center;\">Moltes gr\u00e0cies per la vostra col\u00b7laboraci\u00f3.<\/p>\n<p style=\"text-align: center;\">\u00a0\u00a0\u00a0\u00a0\u00a0\u00a0\u00a0\u00a0\u00a0 ESCOLA MARQU\u00c8S DE LA POBLA<\/p>\n","protected":false},"excerpt":{"rendered":"<p>Ens trobem un curs m\u00e9s amb els preparatius pel Carnaval a l\u2019escola. Demanem que estigueu alerta a les activitats d\u2019aquesta setmana: CONSIGNES DEL CARNESTOLTES Des d\u2019avui dilluns, seguirem atents a les consignes que trobarem cada tarda al costat del Carnestoltes. Ens indicar\u00e0 amb quin element o vestuari li agradar\u00e0 de veure\u2019ns pel centre. L\u2019alumnat ha [&hellip;]<\/p>\n","protected":false},"author":1,"featured_media":0,"comment_status":"open","ping_status":"closed","sticky":false,"template":"","format":"standard","meta":{"_bbp_topic_count":0,"_bbp_reply_count":0,"_bbp_total_topic_count":0,"_bbp_total_reply_count":0,"_bbp_voice_count":0,"_bbp_anonymous_reply_count":0,"_bbp_topic_count_hidden":0,"_bbp_reply_count_hidden":0,"_bbp_forum_subforum_count":0,"site-sidebar-layout":"default","site-content-layout":"","ast-site-content-layout":"","site-content-style":"default","site-sidebar-style":"default","ast-global-header-display":"","ast-banner-title-visibility":"","ast-main-header-display":"","ast-hfb-above-header-display":"","ast-hfb-below-header-display":"","ast-hfb-mobile-header-display":"","site-post-title":"","ast-breadcrumbs-content":"","ast-featured-img":"","footer-sml-layout":"","theme-transparent-header-meta":"","adv-header-id-meta":"","stick-header-meta":"","header-above-stick-meta":"","header-main-stick-meta":"","header-below-stick-meta":"","astra-migrate-meta-layouts":"default","ast-page-background-enabled":"default","ast-page-background-meta":{"desktop":{"background-color":"var(--ast-global-color-5)","background-image":"","background-repeat":"repeat","background-position":"center center","background-size":"auto","background-attachment":"scroll","background-type":"","background-media":"","overlay-type":"","overlay-color":"","overlay-opacity":"","overlay-gradient":""},"tablet":{"background-color":"","background-image":"","background-repeat":"repeat","background-position":"center center","background-size":"auto","background-attachment":"scroll","background-type":"","background-media":"","overlay-type":"","overlay-color":"","overlay-opacity":"","overlay-gradient":""},"mobile":{"background-color":"","background-image":"","background-repeat":"repeat","background-position":"center center","background-size":"auto","background-attachment":"scroll","background-type":"","background-media":"","overlay-type":"","overlay-color":"","overlay-opacity":"","overlay-gradient":""}},"ast-content-background-meta":{"desktop":{"background-color":"var(--ast-global-color-4)","background-image":"","background-repeat":"repeat","background-position":"center center","background-size":"auto","background-attachment":"scroll","background-type":"","background-media":"","overlay-type":"","overlay-color":"","overlay-opacity":"","overlay-gradient":""},"tablet":{"background-color":"var(--ast-global-color-4)","background-image":"","background-repeat":"repeat","background-position":"center center","background-size":"auto","background-attachment":"scroll","background-type":"","background-media":"","overlay-type":"","overlay-color":"","overlay-opacity":"","overlay-gradient":""},"mobile":{"background-color":"var(--ast-global-color-4)","background-image":"","background-repeat":"repeat","background-position":"center center","background-size":"auto","background-attachment":"scroll","background-type":"","background-media":"","overlay-type":"","overlay-color":"","overlay-opacity":"","overlay-gradient":""}},"footnotes":""},"categories":[224,79],"tags":[],"class_list":["post-3942","post","type-post","status-publish","format-standard","hentry","category-historic","category-info"],"post_mailing_queue_ids":[],"_links":{"self":[{"href":"https:\/\/agora.xtec.cat\/escmarquesdelapobla\/wp-json\/wp\/v2\/posts\/3942","targetHints":{"allow":["GET"]}}],"collection":[{"href":"https:\/\/agora.xtec.cat\/escmarquesdelapobla\/wp-json\/wp\/v2\/posts"}],"about":[{"href":"https:\/\/agora.xtec.cat\/escmarquesdelapobla\/wp-json\/wp\/v2\/types\/post"}],"author":[{"embeddable":true,"href":"https:\/\/agora.xtec.cat\/escmarquesdelapobla\/wp-json\/wp\/v2\/users\/1"}],"replies":[{"embeddable":true,"href":"https:\/\/agora.xtec.cat\/escmarquesdelapobla\/wp-json\/wp\/v2\/comments?post=3942"}],"version-history":[{"count":2,"href":"https:\/\/agora.xtec.cat\/escmarquesdelapobla\/wp-json\/wp\/v2\/posts\/3942\/revisions"}],"predecessor-version":[{"id":4002,"href":"https:\/\/agora.xtec.cat\/escmarquesdelapobla\/wp-json\/wp\/v2\/posts\/3942\/revisions\/4002"}],"wp:attachment":[{"href":"https:\/\/agora.xtec.cat\/escmarquesdelapobla\/wp-json\/wp\/v2\/media?parent=3942"}],"wp:term":[{"taxonomy":"category","embeddable":true,"href":"https:\/\/agora.xtec.cat\/escmarquesdelapobla\/wp-json\/wp\/v2\/categories?post=3942"},{"taxonomy":"post_tag","embeddable":true,"href":"https:\/\/agora.xtec.cat\/escmarquesdelapobla\/wp-json\/wp\/v2\/tags?post=3942"}],"curies":[{"name":"wp","href":"https:\/\/api.w.org\/{rel}","templated":true}]}}