{"id":3906,"date":"2019-02-20T16:48:59","date_gmt":"2019-02-20T15:48:59","guid":{"rendered":"http:\/\/agora.xtec.cat\/escmarquesdelapobla\/?p=3906"},"modified":"2020-11-08T13:07:06","modified_gmt":"2020-11-08T12:07:06","slug":"aprendre-a-mirar","status":"publish","type":"post","link":"https:\/\/agora.xtec.cat\/escmarquesdelapobla\/superior\/p5\/aprendre-a-mirar\/","title":{"rendered":"Aprendre a mirar&#8230; 5\u00e8 Cicle Mitj\u00e0"},"content":{"rendered":"<p style=\"text-align: justify;\">Aquest dimecres passat, dia 20,\u00a0 els alumnes de 5\u00e8 A hem gaudit del primer dels 5 tallers d&#8217;art que tindrem per estimular la capacitat de percepci\u00f3, experimentar i jugar amb el dibuix i el volum. A trav\u00e9s dels exercicis col\u00b7laboratius i de descoberta dotarem d&#8217;eines senzilles des de l&#8217;enfoc pr\u00e0ctic de l&#8217;artista. En les diferents sessions treballarem l&#8217;\u00fas del llapis, carbonet, pastels, tinta xina, pigments, fang&#8230;<\/p>\n<p style=\"text-align: justify;\">Avui hem comen\u00e7at amb el punt, la l\u00ednia, el cortorn i el global del dibuix. Esb\u00f3s i simplicitat del dibuix. Figures geom\u00e8triques. Unitat b\u00e0sica, proporci\u00f3, direccions i angles. Moltes gr\u00e0cies a les dues profes de El Taller!!!<\/p>\n<p><a href=\"https:\/\/photos.app.goo.gl\/PBbjfJT8aksCZ84V9\"><img loading=\"lazy\" decoding=\"async\" class=\"alignnone size-large\" src=\"https:\/\/lh3.googleusercontent.com\/MyFVlwtPNx_N_f8jcIrAeomuLMaar7R5J2ftTYTQSdGm_VoorsvM1VDNAJMk_s_qT8iabUmNTWHOZv0eO9wBEoyGTgCedrvQGxwnM4xMtyamFQIdl3uwC5U7gHH1SsCjI7J7vyXtYo7x8VC4XqAXnNujlkTNpJiWHBBfHjVmTN0kmaJ6uF6MbWImluDZNFMszx-CUxe2FYdLHdAtPNh0jLn77HyaY1J3lkcEwNGu5SrB6sln9qmd8cAhLRYZKJHxSnHpDRLln1uPQOif4DR_TEXIEkW4rZQILwtdz49ce59Jix4Sx0jRMdB9UNBCw_jkzPF6_bMhqiaG4G8oUrwa_21dP0Q3xUuAcVytMP_7i12PuFm9QSyye5pNJa8LC4KKtfseiKd75zWYbvIoW27f1n9NFYcaBFLzx-YeE0kt5FcrpSuC9dIU2Fxnm6GE3kRZ0l146DCWUdASPE-ElK8LrqtMPXpHSeSpkHtL0ln-DsEU3ioz_aDnljx-QtNuwjDl7O9uSnhBcaEZAVQxlOT127oYqGxLLnAglF94soeLmMZH0RXY70j0Q96g6qgM27UWCLwfkzqXuX6EJy4HPYa5TS2-2QoKOt4mMyNl_PlG_jV7xaH6Qd8TA3HMAXklKsKJGeQZEvMJRmfmeHCa5y57B9wimNfr0VWA=w1280-h720-no\" width=\"1280\" height=\"720\" \/><\/a><\/p>\n","protected":false},"excerpt":{"rendered":"<p>Aquest dimecres passat, dia 20,\u00a0 els alumnes de 5\u00e8 A hem gaudit del primer dels 5 tallers d&#8217;art que tindrem per estimular la capacitat de percepci\u00f3, experimentar i jugar amb el dibuix i el volum. A trav\u00e9s dels exercicis col\u00b7laboratius i de descoberta dotarem d&#8217;eines senzilles des de l&#8217;enfoc pr\u00e0ctic de l&#8217;artista. En les diferents [&hellip;]<\/p>\n","protected":false},"author":1,"featured_media":0,"comment_status":"open","ping_status":"closed","sticky":false,"template":"","format":"standard","meta":{"_bbp_topic_count":0,"_bbp_reply_count":0,"_bbp_total_topic_count":0,"_bbp_total_reply_count":0,"_bbp_voice_count":0,"_bbp_anonymous_reply_count":0,"_bbp_topic_count_hidden":0,"_bbp_reply_count_hidden":0,"_bbp_forum_subforum_count":0,"site-sidebar-layout":"default","site-content-layout":"","ast-site-content-layout":"","site-content-style":"default","site-sidebar-style":"default","ast-global-header-display":"","ast-banner-title-visibility":"","ast-main-header-display":"","ast-hfb-above-header-display":"","ast-hfb-below-header-display":"","ast-hfb-mobile-header-display":"","site-post-title":"","ast-breadcrumbs-content":"","ast-featured-img":"","footer-sml-layout":"","theme-transparent-header-meta":"","adv-header-id-meta":"","stick-header-meta":"","header-above-stick-meta":"","header-main-stick-meta":"","header-below-stick-meta":"","astra-migrate-meta-layouts":"default","ast-page-background-enabled":"default","ast-page-background-meta":{"desktop":{"background-color":"var(--ast-global-color-5)","background-image":"","background-repeat":"repeat","background-position":"center center","background-size":"auto","background-attachment":"scroll","background-type":"","background-media":"","overlay-type":"","overlay-color":"","overlay-opacity":"","overlay-gradient":""},"tablet":{"background-color":"","background-image":"","background-repeat":"repeat","background-position":"center center","background-size":"auto","background-attachment":"scroll","background-type":"","background-media":"","overlay-type":"","overlay-color":"","overlay-opacity":"","overlay-gradient":""},"mobile":{"background-color":"","background-image":"","background-repeat":"repeat","background-position":"center center","background-size":"auto","background-attachment":"scroll","background-type":"","background-media":"","overlay-type":"","overlay-color":"","overlay-opacity":"","overlay-gradient":""}},"ast-content-background-meta":{"desktop":{"background-color":"var(--ast-global-color-4)","background-image":"","background-repeat":"repeat","background-position":"center center","background-size":"auto","background-attachment":"scroll","background-type":"","background-media":"","overlay-type":"","overlay-color":"","overlay-opacity":"","overlay-gradient":""},"tablet":{"background-color":"var(--ast-global-color-4)","background-image":"","background-repeat":"repeat","background-position":"center center","background-size":"auto","background-attachment":"scroll","background-type":"","background-media":"","overlay-type":"","overlay-color":"","overlay-opacity":"","overlay-gradient":""},"mobile":{"background-color":"var(--ast-global-color-4)","background-image":"","background-repeat":"repeat","background-position":"center center","background-size":"auto","background-attachment":"scroll","background-type":"","background-media":"","overlay-type":"","overlay-color":"","overlay-opacity":"","overlay-gradient":""}},"footnotes":""},"categories":[224,80,14],"tags":[],"class_list":["post-3906","post","type-post","status-publish","format-standard","hentry","category-historic","category-escola","category-p5"],"post_mailing_queue_ids":[],"_links":{"self":[{"href":"https:\/\/agora.xtec.cat\/escmarquesdelapobla\/wp-json\/wp\/v2\/posts\/3906","targetHints":{"allow":["GET"]}}],"collection":[{"href":"https:\/\/agora.xtec.cat\/escmarquesdelapobla\/wp-json\/wp\/v2\/posts"}],"about":[{"href":"https:\/\/agora.xtec.cat\/escmarquesdelapobla\/wp-json\/wp\/v2\/types\/post"}],"author":[{"embeddable":true,"href":"https:\/\/agora.xtec.cat\/escmarquesdelapobla\/wp-json\/wp\/v2\/users\/1"}],"replies":[{"embeddable":true,"href":"https:\/\/agora.xtec.cat\/escmarquesdelapobla\/wp-json\/wp\/v2\/comments?post=3906"}],"version-history":[{"count":3,"href":"https:\/\/agora.xtec.cat\/escmarquesdelapobla\/wp-json\/wp\/v2\/posts\/3906\/revisions"}],"predecessor-version":[{"id":3922,"href":"https:\/\/agora.xtec.cat\/escmarquesdelapobla\/wp-json\/wp\/v2\/posts\/3906\/revisions\/3922"}],"wp:attachment":[{"href":"https:\/\/agora.xtec.cat\/escmarquesdelapobla\/wp-json\/wp\/v2\/media?parent=3906"}],"wp:term":[{"taxonomy":"category","embeddable":true,"href":"https:\/\/agora.xtec.cat\/escmarquesdelapobla\/wp-json\/wp\/v2\/categories?post=3906"},{"taxonomy":"post_tag","embeddable":true,"href":"https:\/\/agora.xtec.cat\/escmarquesdelapobla\/wp-json\/wp\/v2\/tags?post=3906"}],"curies":[{"name":"wp","href":"https:\/\/api.w.org\/{rel}","templated":true}]}}