{"id":3842,"date":"2019-01-29T17:00:28","date_gmt":"2019-01-29T16:00:28","guid":{"rendered":"http:\/\/agora.xtec.cat\/escmarquesdelapobla\/?p=3842"},"modified":"2020-11-08T13:10:43","modified_gmt":"2020-11-08T12:10:43","slug":"sortida-palau-de-la-musica-5e","status":"publish","type":"post","link":"https:\/\/agora.xtec.cat\/escmarquesdelapobla\/superior\/p5\/sortida-palau-de-la-musica-5e\/","title":{"rendered":"Sortida Palau de la M\u00fasica 5\u00e8"},"content":{"rendered":"<p>Aquest dimarts 29 de gener els alumnes de la classe dels Centaures i Els M\u00e0gics van anar al Palau de la M\u00fasica de Barcelona a escoltar un concert que es titulava: &#8220;Les m\u00fasiques del m\u00f3n&#8221;. Cinc int\u00e8rprets ens van fer gaudir amb la seva veu amb can\u00e7ons de la Xina, Congo, \u00c0ustria, Egipte, R\u00fassia, Espanya, \u00cdndia, Cuba, Catalunya, Per\u00fa i EEUU.<\/p>\n<p>Despr\u00e9s per dinar vam anar al parc del jard\u00ed Bot\u00e0nic, a la muntanya de Montju\u00efc, i a l&#8217;acabar vam fer un passeig per dins el Jard\u00ed aprofitant que estem fent el tema de les plantes a medi natural, i aix\u00ed vam poder veure i viure diferents plantes, com es relacionen amb el seu entorn, com eren les seves fulles, quines eren aut\u00f2ctones i quines invasores&#8230;<\/p>\n<p>Un dia molt aprofitat i on ens ho vam passar d&#8217;all\u00f2 m\u00e9s b\u00e9!<\/p>\n<p><a href=\"https:\/\/photos.app.goo.gl\/tYbfauTajUREyBcB9\"><img loading=\"lazy\" decoding=\"async\" class=\"alignnone size-large\" src=\"https:\/\/lh3.googleusercontent.com\/NlTwmHt1qM_NSRKYcfEG3ZJodLsMzYGSAo-KkRI84UBi58-wztlQHpX1hMIjjQoNYgDsa4OHh0gpXploHpeA4oHto4Hpml-ukZbMC8K6Y2BeGPqzZSsx9HqS4Hag-KjL7iesoKkacZUrBfYN51unWWliJHNlLsjABMn86F_BBTj9QK6bRkHYGRLJtnH60DEW1ofXhb0wfeAiuzlMgMXSpC6mOlrPVV0bWFWuU_yzZWa2I5sdscaC1-q_O1o2kkVnVPOEVrDQ9TqHjbz1lVBF0nAz2loO-UPDJYNZvO67hp-Y5SQaIwBHPF_saAstdNuluxmV5rC70-AHI-1IRQLtcQTV2aFMhqr2KvQRJA7EHtigQNsC6HHisq8x3aekiruXOgdcGRIy-5ljfRD04EWFjYuakPiqY95BuikNml5o6JAnMzuJ6OCSJgcNvlrWJmfL30ogWIZecVlk93wJ5YPNjsKNDe2Rsiuo5oR0OHLrhkzXYhbo1pKsqnTFGe7_qy1WE0pJI6Jv63fNyMF0AqJXDDEnkdllRbBc2EIJMzOoWhjfake_-3BSBjdsT2aZWNytig-4HYlHx0Y8zESKJLI7spPdAVTGMoD903jPBEZGuCKuM6S-hUibhEo2B3m4_y2aY1zyGEq1zXli0tNvQd_EWDc-=w1218-h913-no\" width=\"1217\" height=\"913\" \/><\/a><\/p>\n","protected":false},"excerpt":{"rendered":"<p>Aquest dimarts 29 de gener els alumnes de la classe dels Centaures i Els M\u00e0gics van anar al Palau de la M\u00fasica de Barcelona a escoltar un concert que es titulava: &#8220;Les m\u00fasiques del m\u00f3n&#8221;. Cinc int\u00e8rprets ens van fer gaudir amb la seva veu amb can\u00e7ons de la Xina, Congo, \u00c0ustria, Egipte, R\u00fassia, Espanya, [&hellip;]<\/p>\n","protected":false},"author":1,"featured_media":0,"comment_status":"open","ping_status":"closed","sticky":false,"template":"","format":"standard","meta":{"_bbp_topic_count":0,"_bbp_reply_count":0,"_bbp_total_topic_count":0,"_bbp_total_reply_count":0,"_bbp_voice_count":0,"_bbp_anonymous_reply_count":0,"_bbp_topic_count_hidden":0,"_bbp_reply_count_hidden":0,"_bbp_forum_subforum_count":0,"site-sidebar-layout":"default","site-content-layout":"","ast-site-content-layout":"","site-content-style":"default","site-sidebar-style":"default","ast-global-header-display":"","ast-banner-title-visibility":"","ast-main-header-display":"","ast-hfb-above-header-display":"","ast-hfb-below-header-display":"","ast-hfb-mobile-header-display":"","site-post-title":"","ast-breadcrumbs-content":"","ast-featured-img":"","footer-sml-layout":"","theme-transparent-header-meta":"","adv-header-id-meta":"","stick-header-meta":"","header-above-stick-meta":"","header-main-stick-meta":"","header-below-stick-meta":"","astra-migrate-meta-layouts":"default","ast-page-background-enabled":"default","ast-page-background-meta":{"desktop":{"background-color":"var(--ast-global-color-5)","background-image":"","background-repeat":"repeat","background-position":"center center","background-size":"auto","background-attachment":"scroll","background-type":"","background-media":"","overlay-type":"","overlay-color":"","overlay-opacity":"","overlay-gradient":""},"tablet":{"background-color":"","background-image":"","background-repeat":"repeat","background-position":"center center","background-size":"auto","background-attachment":"scroll","background-type":"","background-media":"","overlay-type":"","overlay-color":"","overlay-opacity":"","overlay-gradient":""},"mobile":{"background-color":"","background-image":"","background-repeat":"repeat","background-position":"center center","background-size":"auto","background-attachment":"scroll","background-type":"","background-media":"","overlay-type":"","overlay-color":"","overlay-opacity":"","overlay-gradient":""}},"ast-content-background-meta":{"desktop":{"background-color":"var(--ast-global-color-4)","background-image":"","background-repeat":"repeat","background-position":"center center","background-size":"auto","background-attachment":"scroll","background-type":"","background-media":"","overlay-type":"","overlay-color":"","overlay-opacity":"","overlay-gradient":""},"tablet":{"background-color":"var(--ast-global-color-4)","background-image":"","background-repeat":"repeat","background-position":"center center","background-size":"auto","background-attachment":"scroll","background-type":"","background-media":"","overlay-type":"","overlay-color":"","overlay-opacity":"","overlay-gradient":""},"mobile":{"background-color":"var(--ast-global-color-4)","background-image":"","background-repeat":"repeat","background-position":"center center","background-size":"auto","background-attachment":"scroll","background-type":"","background-media":"","overlay-type":"","overlay-color":"","overlay-opacity":"","overlay-gradient":""}},"footnotes":""},"categories":[224,80,14],"tags":[],"class_list":["post-3842","post","type-post","status-publish","format-standard","hentry","category-historic","category-escola","category-p5"],"post_mailing_queue_ids":[],"_links":{"self":[{"href":"https:\/\/agora.xtec.cat\/escmarquesdelapobla\/wp-json\/wp\/v2\/posts\/3842","targetHints":{"allow":["GET"]}}],"collection":[{"href":"https:\/\/agora.xtec.cat\/escmarquesdelapobla\/wp-json\/wp\/v2\/posts"}],"about":[{"href":"https:\/\/agora.xtec.cat\/escmarquesdelapobla\/wp-json\/wp\/v2\/types\/post"}],"author":[{"embeddable":true,"href":"https:\/\/agora.xtec.cat\/escmarquesdelapobla\/wp-json\/wp\/v2\/users\/1"}],"replies":[{"embeddable":true,"href":"https:\/\/agora.xtec.cat\/escmarquesdelapobla\/wp-json\/wp\/v2\/comments?post=3842"}],"version-history":[{"count":2,"href":"https:\/\/agora.xtec.cat\/escmarquesdelapobla\/wp-json\/wp\/v2\/posts\/3842\/revisions"}],"predecessor-version":[{"id":3859,"href":"https:\/\/agora.xtec.cat\/escmarquesdelapobla\/wp-json\/wp\/v2\/posts\/3842\/revisions\/3859"}],"wp:attachment":[{"href":"https:\/\/agora.xtec.cat\/escmarquesdelapobla\/wp-json\/wp\/v2\/media?parent=3842"}],"wp:term":[{"taxonomy":"category","embeddable":true,"href":"https:\/\/agora.xtec.cat\/escmarquesdelapobla\/wp-json\/wp\/v2\/categories?post=3842"},{"taxonomy":"post_tag","embeddable":true,"href":"https:\/\/agora.xtec.cat\/escmarquesdelapobla\/wp-json\/wp\/v2\/tags?post=3842"}],"curies":[{"name":"wp","href":"https:\/\/api.w.org\/{rel}","templated":true}]}}