{"id":3808,"date":"2019-01-24T09:50:14","date_gmt":"2019-01-24T08:50:14","guid":{"rendered":"http:\/\/agora.xtec.cat\/escmarquesdelapobla\/?p=3808"},"modified":"2020-11-08T13:10:54","modified_gmt":"2020-11-08T12:10:54","slug":"lhivern-ha-arribat-a-primer","status":"publish","type":"post","link":"https:\/\/agora.xtec.cat\/escmarquesdelapobla\/inicial\/lhivern-ha-arribat-a-primer\/","title":{"rendered":"L&#8217;hivern ha arribat a Primer!"},"content":{"rendered":"<p>El fred ja ha arribat i els nens i les nenes de primer hem estat treballant els colors de l&#8217;hivern.<\/p>\n<p>Vam parlar de les sensacions que ens donen els colors freds com el blau, el gris i el blanc i vam observar paisatges d&#8217;hivern i els flocs de neu.<\/p>\n<p>Sab\u00edeu que si mirem un floc de neu amb un microscopi veurem molts colors entre ells el rosa?<\/p>\n<p>Per experimentar amb aquests colors, hem fet un mural que hem penjat al passad\u00eds. Vam utilitzar pintures amb els colors dels flocs de neu i materials ben diferents com esponges, cot\u00f3, pl\u00e0stic&#8230;<\/p>\n<p>Mireu les fotos!<\/p>\n<p><a href=\"https:\/\/photos.app.goo.gl\/izjNKrJmPjbewBHP8\"><img loading=\"lazy\" decoding=\"async\" class=\"aligncenter\" src=\"https:\/\/lh3.googleusercontent.com\/x4uH0a01mBp0_7lVyMPT0h18_XjRduyFFdBKfLv-7CHCPJqgkhN-6PL5isIsjehJvgG4weg66yZjKifj9B8oAguiwUTaFkRUNqt8wg-kzdQc4FT7bbZKs-lDAIps93e7H0D4PCUn1rvbrpZv-EzjZPvcQkvrhirpQ9fk6lwBYP_J64z9fqAAI18B9YMBp9UBGxHz2KxPKsnbCDuJywMGFLwZIHw9gXuFtlOdBDhPqv5emXfnPQtJgMKOnxbXUIvCFM4fya_dU4YU3bevejUS6PO4CJl6Xh7aKUsddiHzep06wp6C9i1T6Z1iGuMIhFuZRDPuMa4TK9UlkuDYQo7yGb4vEj96BH2OWKK6g0KzylF5e2zEa8wu1Tb2C3fYBEfmPlHQ9bFTiphlMhwBVtG_ZEEZaRituvmkCpDe19NO5Wue0-gViaCM0LfOrZB2BxyPt6ij-w9fIZFMD-jrTAEgSKV45FAtqvqx8ywIuoztuhu66FQXOKCSfYAh2yH4FxIXe_TAXD5lLaEgOksgp5Nn3ZfYD6_MqGtCow9skBvJuAubciIhzmm5Z1pLzIlZ9dadamQKJWvi_2nHo4Jlh_fSwOc2hruCDXRbd9WH7PgOyMgHMNl94s68hYH_JabGewwhTCFvhXOszy7vebmkBsOUfIDV=w493-h657-no\" width=\"231\" height=\"308\" \/><\/a><\/p>\n","protected":false},"excerpt":{"rendered":"<p>El fred ja ha arribat i els nens i les nenes de primer hem estat treballant els colors de l&#8217;hivern. Vam parlar de les sensacions que ens donen els colors freds com el blau, el gris i el blanc i vam observar paisatges d&#8217;hivern i els flocs de neu. Sab\u00edeu que si mirem un floc [&hellip;]<\/p>\n","protected":false},"author":1,"featured_media":0,"comment_status":"open","ping_status":"closed","sticky":false,"template":"","format":"standard","meta":{"_bbp_topic_count":0,"_bbp_reply_count":0,"_bbp_total_topic_count":0,"_bbp_total_reply_count":0,"_bbp_voice_count":0,"_bbp_anonymous_reply_count":0,"_bbp_topic_count_hidden":0,"_bbp_reply_count_hidden":0,"_bbp_forum_subforum_count":0,"site-sidebar-layout":"default","site-content-layout":"","ast-site-content-layout":"","site-content-style":"default","site-sidebar-style":"default","ast-global-header-display":"","ast-banner-title-visibility":"","ast-main-header-display":"","ast-hfb-above-header-display":"","ast-hfb-below-header-display":"","ast-hfb-mobile-header-display":"","site-post-title":"","ast-breadcrumbs-content":"","ast-featured-img":"","footer-sml-layout":"","theme-transparent-header-meta":"","adv-header-id-meta":"","stick-header-meta":"","header-above-stick-meta":"","header-main-stick-meta":"","header-below-stick-meta":"","astra-migrate-meta-layouts":"default","ast-page-background-enabled":"default","ast-page-background-meta":{"desktop":{"background-color":"var(--ast-global-color-5)","background-image":"","background-repeat":"repeat","background-position":"center center","background-size":"auto","background-attachment":"scroll","background-type":"","background-media":"","overlay-type":"","overlay-color":"","overlay-opacity":"","overlay-gradient":""},"tablet":{"background-color":"","background-image":"","background-repeat":"repeat","background-position":"center center","background-size":"auto","background-attachment":"scroll","background-type":"","background-media":"","overlay-type":"","overlay-color":"","overlay-opacity":"","overlay-gradient":""},"mobile":{"background-color":"","background-image":"","background-repeat":"repeat","background-position":"center center","background-size":"auto","background-attachment":"scroll","background-type":"","background-media":"","overlay-type":"","overlay-color":"","overlay-opacity":"","overlay-gradient":""}},"ast-content-background-meta":{"desktop":{"background-color":"var(--ast-global-color-4)","background-image":"","background-repeat":"repeat","background-position":"center center","background-size":"auto","background-attachment":"scroll","background-type":"","background-media":"","overlay-type":"","overlay-color":"","overlay-opacity":"","overlay-gradient":""},"tablet":{"background-color":"var(--ast-global-color-4)","background-image":"","background-repeat":"repeat","background-position":"center center","background-size":"auto","background-attachment":"scroll","background-type":"","background-media":"","overlay-type":"","overlay-color":"","overlay-opacity":"","overlay-gradient":""},"mobile":{"background-color":"var(--ast-global-color-4)","background-image":"","background-repeat":"repeat","background-position":"center center","background-size":"auto","background-attachment":"scroll","background-type":"","background-media":"","overlay-type":"","overlay-color":"","overlay-opacity":"","overlay-gradient":""}},"footnotes":""},"categories":[64,224],"tags":[],"class_list":["post-3808","post","type-post","status-publish","format-standard","hentry","category-inicial","category-historic"],"post_mailing_queue_ids":[],"_links":{"self":[{"href":"https:\/\/agora.xtec.cat\/escmarquesdelapobla\/wp-json\/wp\/v2\/posts\/3808","targetHints":{"allow":["GET"]}}],"collection":[{"href":"https:\/\/agora.xtec.cat\/escmarquesdelapobla\/wp-json\/wp\/v2\/posts"}],"about":[{"href":"https:\/\/agora.xtec.cat\/escmarquesdelapobla\/wp-json\/wp\/v2\/types\/post"}],"author":[{"embeddable":true,"href":"https:\/\/agora.xtec.cat\/escmarquesdelapobla\/wp-json\/wp\/v2\/users\/1"}],"replies":[{"embeddable":true,"href":"https:\/\/agora.xtec.cat\/escmarquesdelapobla\/wp-json\/wp\/v2\/comments?post=3808"}],"version-history":[{"count":1,"href":"https:\/\/agora.xtec.cat\/escmarquesdelapobla\/wp-json\/wp\/v2\/posts\/3808\/revisions"}],"predecessor-version":[{"id":3809,"href":"https:\/\/agora.xtec.cat\/escmarquesdelapobla\/wp-json\/wp\/v2\/posts\/3808\/revisions\/3809"}],"wp:attachment":[{"href":"https:\/\/agora.xtec.cat\/escmarquesdelapobla\/wp-json\/wp\/v2\/media?parent=3808"}],"wp:term":[{"taxonomy":"category","embeddable":true,"href":"https:\/\/agora.xtec.cat\/escmarquesdelapobla\/wp-json\/wp\/v2\/categories?post=3808"},{"taxonomy":"post_tag","embeddable":true,"href":"https:\/\/agora.xtec.cat\/escmarquesdelapobla\/wp-json\/wp\/v2\/tags?post=3808"}],"curies":[{"name":"wp","href":"https:\/\/api.w.org\/{rel}","templated":true}]}}