{"id":3664,"date":"2018-12-19T17:04:00","date_gmt":"2018-12-19T16:04:00","guid":{"rendered":"http:\/\/agora.xtec.cat\/escmarquesdelapobla\/?p=3664"},"modified":"2020-11-08T13:13:08","modified_gmt":"2020-11-08T12:13:08","slug":"mes-de-desembre-mes-de-tradicions-a-lescola","status":"publish","type":"post","link":"https:\/\/agora.xtec.cat\/escmarquesdelapobla\/superior\/mes-de-desembre-mes-de-tradicions-a-lescola\/","title":{"rendered":"Mes de desembre, \u00a0mes de tradicions a l\u2019escola!"},"content":{"rendered":"<p>Quan entrem al mes de desembre l\u2019escola ja t\u00e9 programades una colla d\u2019activitats que ens ajuden a mantenir viva la il\u00b7lusi\u00f3.<\/p>\n<p>La primera: <strong>Sant Nicolau<\/strong>. Un any m\u00e9s hem sentit la tonada popular de la can\u00e7\u00f3 tot recordant la tradici\u00f3 de cantar per les cases per avisar \u00a0que les festes de Nadal s\u2019apropen.<\/p>\n<p>Seguim amb un mat\u00ed m\u00e0gic: <strong>Anem a buscar el ti\u00f3!<\/strong> En veure que el ti\u00f3 no ens arribava a la classe, l\u2019alumnat d\u2019Educaci\u00f3 Infantil i 1r \u00a0hem decidit anar a la Font Cuitora i all\u00e0 hem trobat uns nois de l\u2019institut que ens han dit que han sentit sorolls. Per grups ens han acompanyat per la muntanya i n\u2019hem trobat un per cada classe! Despr\u00e9s hem cantat una estona i els nois d\u2019ESO s\u2019han ofert a portar-nos els tions\u00a0 fins a l\u2019escola. Hem tornat molt contents i ara els cuidem molt! Esperem que ens caguin moltes coses!<\/p>\n<p><img loading=\"lazy\" decoding=\"async\" class=\" aligncenter\" src=\"https:\/\/lh3.googleusercontent.com\/ckuTNnwUM8WlFDdr7OnkgSJHQejjumSWBjMuyo1jDsttNGVc9DEvowgVRMBUi5370eFhX9LVHQH3kabyzJkqh3AdM9rP5ld8Yb7JlqeHetp0NXfVeAvjz9mjhyb4BDEdP2JwsbEe4W7UaADWDBohc3zmcuHwBjnxPfyp_LPrYLnVsShEb4sxy_mZQp4TflQBNcaZbVus3Hfv1Vj1RwkNwD1V5kiwAh8WY2WkdW8LGPfo-UsxboMca2Jc0S4LsmWWVCcM7iub_Uy_cCFgU9EelmHvzBsNIcoDVOGn59S5waAzcEi164Q-SwAuQJpaomOx3Z4jm8DmKxbcV-PPT0apl9P6J7g-NZLtQMkx8iF4CJd6O6S8TAILbTJant6f2jkLB4A6hVrksSJz4TY-r6R5jNj_vWSwsHlQ0qV2RAaf_FCwrL0f5EwcYesPg5x8HQBb-SKC6Sf6h1PI7jw2Ktea0c4RSzzQ512JpZ_LiMPUUIYQfg5RyatCdE2P_A2zyxTbQo4gxR1GVhgh94V1R7B4XuC6xAx8yMo4g2DlizHeO5N9OGQfYGWRVYice3FVl2xLDtak5wIPa_wIdjGjTB4m47OggWVKiaeHCmUPS5jLtVHTlxRCNPF0rZ2gHBv_Jsb2ge7GPTJJoGCBKu5gZgliCczBEA2vSQ5lT0PZ39-V61tGOU7cWaoU-lyksEb1ABPV4wh0dtYR945gJFRZ9A=w323-h285-no\" width=\"216\" height=\"191\" \/><\/p>\n<p>Dijous 13 de desembre <em>Santa Ll\u00facia la Bisbal, tretze dies per Nadal!<\/em> Amb quina for\u00e7a s\u2019ha sentit la can\u00e7\u00f3 mentre imagin\u00e0vem com era aquesta tradici\u00f3. Tamb\u00e9 hem aprofitat la trobada amb tota l\u2019escola per assajar la can\u00e7\u00f3 conjunta que oferirem a les fam\u00edlies. Ja quasi la tenim ben a punt!<\/p>\n<p><img loading=\"lazy\" decoding=\"async\" class=\"aligncenter\" src=\"https:\/\/lh3.googleusercontent.com\/8NiqmSIfJFPN60R_DiJsASC5FGWT9WML7X6Tv5QdJMtfemDo5PPUJQcjrfU-BKrb_yMaEil1IfDsB8QDoNjDn6fgA0mNL-PCIiXAVE3k0jAz7JmFZNR4eUnpM6U3_gk4JoVsr8m8AzMmyPBU3PYIMmWkmAmTG0xQpdSSD0NMZOKoFQd5zEpDFE6_R3GIlA1KUlYKYRKzH7wGcwu7B4DPm-fmlqnW0X9UiGZxpGWuIB1j-cOR9ICcI6_6eR66wQ1wRsfOyDrcQfaDaGa2piDe9OxDEF797fywjEGh42leO8Hughph9WCsl5P6YyrtmRg3xpiOLilhd1Yh_GamZTVD8qyNbNC4r1pUdgMLcHKZQVAKld5sat7tgsAz868NrY7wJih6nY3OQ49NnRz5i9fx2pE0yAeDlclN3dsGV_opsjqWyyEdHITV_yfUCplkj3dPLXpz_pa4hbF5LoZRvasmb3K4gxcE_Z_7zfFodr1Ct6NyoQJt67W8SBRgoU_8L1VwGcRKhw7vkMIqspTWsUNqEd9uV9xUvN6yRFlaaPfsWlTI33zExRlro9e78dzkLeLdq65G-eb4XzG-qRKcstcQkNV7jjIOG12wJlVqyJ3ME3_0Y1MXoy9TZr2jSwMlvbMiVLyzBq1L1k8Utgf9fcYsypcV-0JuMsz6eRfAw3JxdMHgO7HTgpAnqxNZ1RYu0EPtRBnT1zuq-jKKUw-l9w=w876-h657-no\" width=\"421\" height=\"316\" \/><\/p>\n<p>Aquest dijous dia 20 a les 4 de la tarda petits i grans us esperem molt il\u00b7lusionats al pati de l\u2019escola per Felicitar el Nadal tot cantant. No hi falteu!<\/p>\n<p>Per anar fent boca, us deixem l&#8217;enlla\u00e7 amb un recull de fotos d&#8217;aquests dies.<\/p>\n<p><a href=\"https:\/\/photos.app.goo.gl\/2LfhXsVBTDcUX5DZA\"><img loading=\"lazy\" decoding=\"async\" class=\" aligncenter\" src=\"https:\/\/lh3.googleusercontent.com\/BSjHAE2ozn4CBDM8IxrhZl_6btNnu7XjAB0uMT8A_TbbX_outIp4lJed2CMLbAXsTiwhpqVry0xZV7D6KX-hocAJdbCKbWYiNua85NlE2eeh959gJKL3iNIo7EmIpPMTtvsVMFtVVWQ1DNCn_tZXvaKpBN7FGPB4u_mrcJcJcqt1sJEdnMaQ7bW1kfuGpqrlNVN9J5xcFagSfdSKutdo35pmxGtx1wo4LsjFbWSJbNt215GV3lHJUlPqXUbXzEJo_zhks-jk7Z6w9ssHeY-uqQRLYwu40dWCBKeuYFVQ8rwertEWKKTjutvUzZFxm2oLnV-9G94XFTqytn1j9TLnSKyyaM9Y3utIb3eoNxhE6Rqspy0C8SKlfHDe8QbawhMiA5pepFUrcuL7jocVKN2WTb6M2iIAXgR8AljxhyRQluU-1aMGvcpVEwLpyBI5KjWOmZCQ8rmfO_hHoM6-bbT_upsIHMcdMXqeJMXUuH41i32IZ8FJuiiaRIT4XXfajPiK3GzQ8wic2AJIQ-2_Cf3FsGCVkC8HxGKZA40sXJSLU3wWwtNdB67MVkTAIUJsWzaGrgd-Wz1CsUhRv0yBHFYInD5uLPNYdErLmpmFpsp4ChBioivV-0143T_5lOf0Qe41yz8n0KGcfi7eQHy-dXUM1oEk=w876-h657-no\" width=\"427\" height=\"320\" \/><\/a><\/p>\n","protected":false},"excerpt":{"rendered":"<p>Quan entrem al mes de desembre l\u2019escola ja t\u00e9 programades una colla d\u2019activitats que ens ajuden a mantenir viva la il\u00b7lusi\u00f3. La primera: Sant Nicolau. Un any m\u00e9s hem sentit la tonada popular de la can\u00e7\u00f3 tot recordant la tradici\u00f3 de cantar per les cases per avisar \u00a0que les festes de Nadal s\u2019apropen. Seguim amb [&hellip;]<\/p>\n","protected":false},"author":1,"featured_media":0,"comment_status":"open","ping_status":"closed","sticky":false,"template":"","format":"standard","meta":{"_bbp_topic_count":0,"_bbp_reply_count":0,"_bbp_total_topic_count":0,"_bbp_total_reply_count":0,"_bbp_voice_count":0,"_bbp_anonymous_reply_count":0,"_bbp_topic_count_hidden":0,"_bbp_reply_count_hidden":0,"_bbp_forum_subforum_count":0,"site-sidebar-layout":"default","site-content-layout":"","ast-site-content-layout":"","site-content-style":"default","site-sidebar-style":"default","ast-global-header-display":"","ast-banner-title-visibility":"","ast-main-header-display":"","ast-hfb-above-header-display":"","ast-hfb-below-header-display":"","ast-hfb-mobile-header-display":"","site-post-title":"","ast-breadcrumbs-content":"","ast-featured-img":"","footer-sml-layout":"","theme-transparent-header-meta":"","adv-header-id-meta":"","stick-header-meta":"","header-above-stick-meta":"","header-main-stick-meta":"","header-below-stick-meta":"","astra-migrate-meta-layouts":"default","ast-page-background-enabled":"default","ast-page-background-meta":{"desktop":{"background-color":"var(--ast-global-color-5)","background-image":"","background-repeat":"repeat","background-position":"center center","background-size":"auto","background-attachment":"scroll","background-type":"","background-media":"","overlay-type":"","overlay-color":"","overlay-opacity":"","overlay-gradient":""},"tablet":{"background-color":"","background-image":"","background-repeat":"repeat","background-position":"center center","background-size":"auto","background-attachment":"scroll","background-type":"","background-media":"","overlay-type":"","overlay-color":"","overlay-opacity":"","overlay-gradient":""},"mobile":{"background-color":"","background-image":"","background-repeat":"repeat","background-position":"center center","background-size":"auto","background-attachment":"scroll","background-type":"","background-media":"","overlay-type":"","overlay-color":"","overlay-opacity":"","overlay-gradient":""}},"ast-content-background-meta":{"desktop":{"background-color":"var(--ast-global-color-4)","background-image":"","background-repeat":"repeat","background-position":"center center","background-size":"auto","background-attachment":"scroll","background-type":"","background-media":"","overlay-type":"","overlay-color":"","overlay-opacity":"","overlay-gradient":""},"tablet":{"background-color":"var(--ast-global-color-4)","background-image":"","background-repeat":"repeat","background-position":"center center","background-size":"auto","background-attachment":"scroll","background-type":"","background-media":"","overlay-type":"","overlay-color":"","overlay-opacity":"","overlay-gradient":""},"mobile":{"background-color":"var(--ast-global-color-4)","background-image":"","background-repeat":"repeat","background-position":"center center","background-size":"auto","background-attachment":"scroll","background-type":"","background-media":"","overlay-type":"","overlay-color":"","overlay-opacity":"","overlay-gradient":""}},"footnotes":""},"categories":[55,64,5,224],"tags":[],"class_list":["post-3664","post","type-post","status-publish","format-standard","hentry","category-celebracions","category-inicial","category-superior","category-historic"],"post_mailing_queue_ids":[],"_links":{"self":[{"href":"https:\/\/agora.xtec.cat\/escmarquesdelapobla\/wp-json\/wp\/v2\/posts\/3664","targetHints":{"allow":["GET"]}}],"collection":[{"href":"https:\/\/agora.xtec.cat\/escmarquesdelapobla\/wp-json\/wp\/v2\/posts"}],"about":[{"href":"https:\/\/agora.xtec.cat\/escmarquesdelapobla\/wp-json\/wp\/v2\/types\/post"}],"author":[{"embeddable":true,"href":"https:\/\/agora.xtec.cat\/escmarquesdelapobla\/wp-json\/wp\/v2\/users\/1"}],"replies":[{"embeddable":true,"href":"https:\/\/agora.xtec.cat\/escmarquesdelapobla\/wp-json\/wp\/v2\/comments?post=3664"}],"version-history":[{"count":2,"href":"https:\/\/agora.xtec.cat\/escmarquesdelapobla\/wp-json\/wp\/v2\/posts\/3664\/revisions"}],"predecessor-version":[{"id":3674,"href":"https:\/\/agora.xtec.cat\/escmarquesdelapobla\/wp-json\/wp\/v2\/posts\/3664\/revisions\/3674"}],"wp:attachment":[{"href":"https:\/\/agora.xtec.cat\/escmarquesdelapobla\/wp-json\/wp\/v2\/media?parent=3664"}],"wp:term":[{"taxonomy":"category","embeddable":true,"href":"https:\/\/agora.xtec.cat\/escmarquesdelapobla\/wp-json\/wp\/v2\/categories?post=3664"},{"taxonomy":"post_tag","embeddable":true,"href":"https:\/\/agora.xtec.cat\/escmarquesdelapobla\/wp-json\/wp\/v2\/tags?post=3664"}],"curies":[{"name":"wp","href":"https:\/\/api.w.org\/{rel}","templated":true}]}}