{"id":3658,"date":"2018-12-14T15:31:57","date_gmt":"2018-12-14T14:31:57","guid":{"rendered":"http:\/\/agora.xtec.cat\/escmarquesdelapobla\/?p=3658"},"modified":"2020-11-08T13:13:48","modified_gmt":"2020-11-08T12:13:48","slug":"informacio-final-1r-trimestre-curs-2018-2019","status":"publish","type":"post","link":"https:\/\/agora.xtec.cat\/escmarquesdelapobla\/info\/informacio-final-1r-trimestre-curs-2018-2019\/","title":{"rendered":"Informaci\u00f3 Final 1r Trimestre. Curs 2018-2019"},"content":{"rendered":"<p>Benvolgudes fam\u00edlies,<\/p>\n<p>Ens posem en contacte amb vosaltres per donar-vos algunes orientacions i comunicacions abans d&#8217;acabar el primer trimestre:<\/p>\n<ul>\n<li>Fins el dijous 20, encara podeu col\u00b7laborar en la <strong>recollida d\u2019aliments (en especial torrons, neules, polvorons,&#8230;) <\/strong>que C\u00e0ritas de Capellades fa quan arriben les Festes de Nadal aix\u00ed com qui ho desitgi apuntar-se al <strong>concurs de pessebres<\/strong>.<\/li>\n<\/ul>\n<p>&nbsp;<\/p>\n<ul>\n<li>Aquests darrers dies, <strong>del dilluns 17 al dijous 20 de desembre<\/strong>, quan vingueu a buscar els\/les vostres fills\/es a la <strong>tarda<\/strong>, podreu gaudir de la <strong>decoraci\u00f3 dels arbres del pati<\/strong> feta per les mares dinamitzadores i tamb\u00e9 aprofitar per entrar als <strong>passadissos de l\u2019edifici d&#8217;Educaci\u00f3 Infantil i el de Prim\u00e0ria<\/strong>. Aqu\u00ed podreu veure <strong>l\u2019exposici\u00f3 de les felicitacions i l\u2019ambientaci\u00f3 nadalenca<\/strong> que tenim amb els bonics i originals <em>quadres<\/em> decorats a casa amb tanta creativitat. Moltes gr\u00e0cies de nou per la vostra col\u00b7laboraci\u00f3! Cada any us supereu!<\/li>\n<\/ul>\n<p>&nbsp;<\/p>\n<ul>\n<li>Tamb\u00e9 us convidem a anar visitant el <strong>blog de l\u2019escola<\/strong> on hi trobareu diferents activitats realitzades al llarg del trimestre\u00a0 <a href=\"https:\/\/agora.xtec.cat\/escmarquesdelapobla\/\">https:\/\/agora.xtec.cat\/escmarquesdelapobla\/<\/a><\/li>\n<\/ul>\n<p>&nbsp;<\/p>\n<ul>\n<li>Per desitjar-nos PLEGATS unes Bones Festes e<strong>l proper <u>dijous 20 a les 16:00h<\/u><\/strong>, tot l\u2019alumnat d&#8217;Educaci\u00f3 Infantil i Prim\u00e0ria felicitaran les festes cantant unes <strong>nadales a la pista gris<\/strong>. Demanem que les fam\u00edlies us col\u00b7loqueu a les grades de davant d\u2019aquesta pista. L\u2019escola s\u2019obrir\u00e0 a les 15:45. Un cop acabat, l\u2019alumnat de Prim\u00e0ria far\u00e0 la sortida pels punts habituals i hi haur\u00e0 les activitats extraescolars corresponents i biblioteca.<\/li>\n<\/ul>\n<p>&nbsp;<\/p>\n<ul>\n<li>El <strong>mateix dijous dia 20<\/strong> es lliuraran els informes i treballs. Pel que fa a l\u2019<strong>alumnat d\u2019Educaci\u00f3 Infantil<\/strong> com \u00e9s costum, els podreu entrar a recollir a les seves respectives aules a la <strong>tarda<\/strong> un cop acabada la cantada.<\/li>\n<\/ul>\n<p>&nbsp;<\/p>\n<ul>\n<li>El <strong>divendres dia 21 de desembre<\/strong> al mat\u00ed, l\u2019alumnat far\u00e0 activitats diverses. Els grups de Prim\u00e0ria faran un esmorzar compartit. Seguint les orientacions del Departament de Salut no es podran portar menjars elaborats de casa. Aquest dia tindrem <strong>jornada intensiva<\/strong>. L\u2019<strong>horari escolar ser\u00e0 de 9:00 a 13:30h<\/strong>. A continuaci\u00f3 i, \u00a0fins a les 15:00h,\u00a0 hi haur\u00e0 servei de menjador. A la tarda no hi haur\u00e0 cap activitat.<\/li>\n<\/ul>\n<p>Que passem tots i totes unes Bones Festes! El <strong>dimarts dia 8 de gener<\/strong> retornem a l\u2019escola.<\/p>\n<p>Escola Marqu\u00e8s de la Pobla<\/p>\n","protected":false},"excerpt":{"rendered":"<p>Benvolgudes fam\u00edlies, Ens posem en contacte amb vosaltres per donar-vos algunes orientacions i comunicacions abans d&#8217;acabar el primer trimestre: Fins el dijous 20, encara podeu col\u00b7laborar en la recollida d\u2019aliments (en especial torrons, neules, polvorons,&#8230;) que C\u00e0ritas de Capellades fa quan arriben les Festes de Nadal aix\u00ed com qui ho desitgi apuntar-se al concurs de [&hellip;]<\/p>\n","protected":false},"author":1,"featured_media":0,"comment_status":"open","ping_status":"closed","sticky":false,"template":"","format":"standard","meta":{"_bbp_topic_count":0,"_bbp_reply_count":0,"_bbp_total_topic_count":0,"_bbp_total_reply_count":0,"_bbp_voice_count":0,"_bbp_anonymous_reply_count":0,"_bbp_topic_count_hidden":0,"_bbp_reply_count_hidden":0,"_bbp_forum_subforum_count":0,"site-sidebar-layout":"default","site-content-layout":"","ast-site-content-layout":"","site-content-style":"default","site-sidebar-style":"default","ast-global-header-display":"","ast-banner-title-visibility":"","ast-main-header-display":"","ast-hfb-above-header-display":"","ast-hfb-below-header-display":"","ast-hfb-mobile-header-display":"","site-post-title":"","ast-breadcrumbs-content":"","ast-featured-img":"","footer-sml-layout":"","theme-transparent-header-meta":"","adv-header-id-meta":"","stick-header-meta":"","header-above-stick-meta":"","header-main-stick-meta":"","header-below-stick-meta":"","astra-migrate-meta-layouts":"default","ast-page-background-enabled":"default","ast-page-background-meta":{"desktop":{"background-color":"var(--ast-global-color-5)","background-image":"","background-repeat":"repeat","background-position":"center center","background-size":"auto","background-attachment":"scroll","background-type":"","background-media":"","overlay-type":"","overlay-color":"","overlay-opacity":"","overlay-gradient":""},"tablet":{"background-color":"","background-image":"","background-repeat":"repeat","background-position":"center center","background-size":"auto","background-attachment":"scroll","background-type":"","background-media":"","overlay-type":"","overlay-color":"","overlay-opacity":"","overlay-gradient":""},"mobile":{"background-color":"","background-image":"","background-repeat":"repeat","background-position":"center center","background-size":"auto","background-attachment":"scroll","background-type":"","background-media":"","overlay-type":"","overlay-color":"","overlay-opacity":"","overlay-gradient":""}},"ast-content-background-meta":{"desktop":{"background-color":"var(--ast-global-color-4)","background-image":"","background-repeat":"repeat","background-position":"center center","background-size":"auto","background-attachment":"scroll","background-type":"","background-media":"","overlay-type":"","overlay-color":"","overlay-opacity":"","overlay-gradient":""},"tablet":{"background-color":"var(--ast-global-color-4)","background-image":"","background-repeat":"repeat","background-position":"center center","background-size":"auto","background-attachment":"scroll","background-type":"","background-media":"","overlay-type":"","overlay-color":"","overlay-opacity":"","overlay-gradient":""},"mobile":{"background-color":"var(--ast-global-color-4)","background-image":"","background-repeat":"repeat","background-position":"center center","background-size":"auto","background-attachment":"scroll","background-type":"","background-media":"","overlay-type":"","overlay-color":"","overlay-opacity":"","overlay-gradient":""}},"footnotes":""},"categories":[224,79],"tags":[],"class_list":["post-3658","post","type-post","status-publish","format-standard","hentry","category-historic","category-info"],"post_mailing_queue_ids":[],"_links":{"self":[{"href":"https:\/\/agora.xtec.cat\/escmarquesdelapobla\/wp-json\/wp\/v2\/posts\/3658","targetHints":{"allow":["GET"]}}],"collection":[{"href":"https:\/\/agora.xtec.cat\/escmarquesdelapobla\/wp-json\/wp\/v2\/posts"}],"about":[{"href":"https:\/\/agora.xtec.cat\/escmarquesdelapobla\/wp-json\/wp\/v2\/types\/post"}],"author":[{"embeddable":true,"href":"https:\/\/agora.xtec.cat\/escmarquesdelapobla\/wp-json\/wp\/v2\/users\/1"}],"replies":[{"embeddable":true,"href":"https:\/\/agora.xtec.cat\/escmarquesdelapobla\/wp-json\/wp\/v2\/comments?post=3658"}],"version-history":[{"count":3,"href":"https:\/\/agora.xtec.cat\/escmarquesdelapobla\/wp-json\/wp\/v2\/posts\/3658\/revisions"}],"predecessor-version":[{"id":3663,"href":"https:\/\/agora.xtec.cat\/escmarquesdelapobla\/wp-json\/wp\/v2\/posts\/3658\/revisions\/3663"}],"wp:attachment":[{"href":"https:\/\/agora.xtec.cat\/escmarquesdelapobla\/wp-json\/wp\/v2\/media?parent=3658"}],"wp:term":[{"taxonomy":"category","embeddable":true,"href":"https:\/\/agora.xtec.cat\/escmarquesdelapobla\/wp-json\/wp\/v2\/categories?post=3658"},{"taxonomy":"post_tag","embeddable":true,"href":"https:\/\/agora.xtec.cat\/escmarquesdelapobla\/wp-json\/wp\/v2\/tags?post=3658"}],"curies":[{"name":"wp","href":"https:\/\/api.w.org\/{rel}","templated":true}]}}