{"id":3616,"date":"2018-11-29T14:23:55","date_gmt":"2018-11-29T13:23:55","guid":{"rendered":"http:\/\/agora.xtec.cat\/escmarquesdelapobla\/?p=3616"},"modified":"2020-11-08T13:14:47","modified_gmt":"2020-11-08T12:14:47","slug":"superherois-i-superheroines","status":"publish","type":"post","link":"https:\/\/agora.xtec.cat\/escmarquesdelapobla\/inicial\/superherois-i-superheroines\/","title":{"rendered":"Superherois i superhero\u00efnes"},"content":{"rendered":"<p>Aquest primer trimestre, hem treballat el projecte del nom de la classe. Estem fets tots uns superherois i superhero\u00efnes!<\/p>\n<p>Hem apr\u00e8s moltes coses sobre el tema i hem treballat molt. Per\u00f2 sobretot, hem gaudit!<\/p>\n<p>Hem decorat la porta de la classe, hem investigat sobre els superherois i superhero\u00efnes que m\u00e9s ens agraden, hem treballat en equip, hem cantat can\u00e7ons, hem fet uns c\u00f2mics i hem recitat poemes.\u00a0Tamb\u00e9 hem descobert quins s\u00f3n els nostres superpoders i que treballant junts arribem m\u00e9s lluny. A m\u00e9s, vam dur unes joguines i unes disfresses per jugar a la classe.<\/p>\n<p>Per tancar el projecte, vam anar a la Biblioteca d&#8217;Igualada a llegir uns contes molt especials sobre superherois i superhero\u00efnes.<\/p>\n<p>Ens agrada molt la nostra classe!<\/p>\n<p><a href=\"https:\/\/photos.app.goo.gl\/Mg8YcKDqPitvJjqP9\"><img loading=\"lazy\" decoding=\"async\" class=\"aligncenter\" src=\"https:\/\/lh3.googleusercontent.com\/ic8xJeJ7W9wX92ChbHYq1_SuNuFODjJ33cv9x5_Xm_GPvRU_kjbWpDeNrfzrRikHLOIUcgtzVSCEGSfoqn72dpmnld2lSOIpl5MOcDfqZumF7YAairf-iwyV5ipu-ZYWqSvaKiZKUqP_l6BPSjiZXbfu3nnkjGOCY37tVB-Ca3XrXfvx2SROaAS37UXcnmnODLDu8W535hfgKREVWdYd9kjAggKw-c6i8KckN1BhNLwyIBKoGir4-nbMzzJvVefjbL5qEaVdgjaUZe8-a3Hwy4HO5NRD_37iFJPicLcNaFig78TitTlVcWl2wQGIuvvzjeRVXgjVwRmCLjMzZxWn2dAznPB8r8uKJUCeWVqvTfFncRGWxpI6INKEdltViRihUEB3-zfsQkPgljsqzi4J5VeKvYGTCXiZ1YR-V6AA2og98Btn4k2kbiuiKRHUUaiizQ1bpVuBM2TTEcaklZXFWAOXV7tgfu81MO4IRXxvvo1iKHlaJiJeNSH1bRFAkCqaTiVu70WWhuLONaaBwizlnW_rlQM0ZpcnEAD5F3ged0MxW1NFLvWM8kbqDB2x9lcjLIoKJt3KU-d7alfJqqwKdA2v_gNpANvE_hob_SDQJkpIZrEY3TKCPGJTj8-zPu5nM02cd63lFu-UyGQcetxoGSWK=w493-h657-no\" width=\"237\" height=\"315\" \/><\/a><\/p>\n","protected":false},"excerpt":{"rendered":"<p>Aquest primer trimestre, hem treballat el projecte del nom de la classe. Estem fets tots uns superherois i superhero\u00efnes! Hem apr\u00e8s moltes coses sobre el tema i hem treballat molt. Per\u00f2 sobretot, hem gaudit! Hem decorat la porta de la classe, hem investigat sobre els superherois i superhero\u00efnes que m\u00e9s ens agraden, hem treballat en [&hellip;]<\/p>\n","protected":false},"author":1,"featured_media":0,"comment_status":"open","ping_status":"closed","sticky":false,"template":"","format":"standard","meta":{"_bbp_topic_count":0,"_bbp_reply_count":0,"_bbp_total_topic_count":0,"_bbp_total_reply_count":0,"_bbp_voice_count":0,"_bbp_anonymous_reply_count":0,"_bbp_topic_count_hidden":0,"_bbp_reply_count_hidden":0,"_bbp_forum_subforum_count":0,"site-sidebar-layout":"default","site-content-layout":"","ast-site-content-layout":"","site-content-style":"default","site-sidebar-style":"default","ast-global-header-display":"","ast-banner-title-visibility":"","ast-main-header-display":"","ast-hfb-above-header-display":"","ast-hfb-below-header-display":"","ast-hfb-mobile-header-display":"","site-post-title":"","ast-breadcrumbs-content":"","ast-featured-img":"","footer-sml-layout":"","theme-transparent-header-meta":"","adv-header-id-meta":"","stick-header-meta":"","header-above-stick-meta":"","header-main-stick-meta":"","header-below-stick-meta":"","astra-migrate-meta-layouts":"default","ast-page-background-enabled":"default","ast-page-background-meta":{"desktop":{"background-color":"var(--ast-global-color-5)","background-image":"","background-repeat":"repeat","background-position":"center center","background-size":"auto","background-attachment":"scroll","background-type":"","background-media":"","overlay-type":"","overlay-color":"","overlay-opacity":"","overlay-gradient":""},"tablet":{"background-color":"","background-image":"","background-repeat":"repeat","background-position":"center center","background-size":"auto","background-attachment":"scroll","background-type":"","background-media":"","overlay-type":"","overlay-color":"","overlay-opacity":"","overlay-gradient":""},"mobile":{"background-color":"","background-image":"","background-repeat":"repeat","background-position":"center center","background-size":"auto","background-attachment":"scroll","background-type":"","background-media":"","overlay-type":"","overlay-color":"","overlay-opacity":"","overlay-gradient":""}},"ast-content-background-meta":{"desktop":{"background-color":"var(--ast-global-color-4)","background-image":"","background-repeat":"repeat","background-position":"center center","background-size":"auto","background-attachment":"scroll","background-type":"","background-media":"","overlay-type":"","overlay-color":"","overlay-opacity":"","overlay-gradient":""},"tablet":{"background-color":"var(--ast-global-color-4)","background-image":"","background-repeat":"repeat","background-position":"center center","background-size":"auto","background-attachment":"scroll","background-type":"","background-media":"","overlay-type":"","overlay-color":"","overlay-opacity":"","overlay-gradient":""},"mobile":{"background-color":"var(--ast-global-color-4)","background-image":"","background-repeat":"repeat","background-position":"center center","background-size":"auto","background-attachment":"scroll","background-type":"","background-media":"","overlay-type":"","overlay-color":"","overlay-opacity":"","overlay-gradient":""}},"footnotes":""},"categories":[64,224],"tags":[],"class_list":["post-3616","post","type-post","status-publish","format-standard","hentry","category-inicial","category-historic"],"post_mailing_queue_ids":[],"_links":{"self":[{"href":"https:\/\/agora.xtec.cat\/escmarquesdelapobla\/wp-json\/wp\/v2\/posts\/3616","targetHints":{"allow":["GET"]}}],"collection":[{"href":"https:\/\/agora.xtec.cat\/escmarquesdelapobla\/wp-json\/wp\/v2\/posts"}],"about":[{"href":"https:\/\/agora.xtec.cat\/escmarquesdelapobla\/wp-json\/wp\/v2\/types\/post"}],"author":[{"embeddable":true,"href":"https:\/\/agora.xtec.cat\/escmarquesdelapobla\/wp-json\/wp\/v2\/users\/1"}],"replies":[{"embeddable":true,"href":"https:\/\/agora.xtec.cat\/escmarquesdelapobla\/wp-json\/wp\/v2\/comments?post=3616"}],"version-history":[{"count":1,"href":"https:\/\/agora.xtec.cat\/escmarquesdelapobla\/wp-json\/wp\/v2\/posts\/3616\/revisions"}],"predecessor-version":[{"id":3617,"href":"https:\/\/agora.xtec.cat\/escmarquesdelapobla\/wp-json\/wp\/v2\/posts\/3616\/revisions\/3617"}],"wp:attachment":[{"href":"https:\/\/agora.xtec.cat\/escmarquesdelapobla\/wp-json\/wp\/v2\/media?parent=3616"}],"wp:term":[{"taxonomy":"category","embeddable":true,"href":"https:\/\/agora.xtec.cat\/escmarquesdelapobla\/wp-json\/wp\/v2\/categories?post=3616"},{"taxonomy":"post_tag","embeddable":true,"href":"https:\/\/agora.xtec.cat\/escmarquesdelapobla\/wp-json\/wp\/v2\/tags?post=3616"}],"curies":[{"name":"wp","href":"https:\/\/api.w.org\/{rel}","templated":true}]}}