{"id":3571,"date":"2018-11-20T10:35:25","date_gmt":"2018-11-20T09:35:25","guid":{"rendered":"http:\/\/agora.xtec.cat\/escmarquesdelapobla\/?p=3571"},"modified":"2020-11-08T13:16:15","modified_gmt":"2020-11-08T12:16:15","slug":"capellades-i-els-seus-limits-3r","status":"publish","type":"post","link":"https:\/\/agora.xtec.cat\/escmarquesdelapobla\/superior\/capellades-i-els-seus-limits-3r\/","title":{"rendered":"Capellades i els seus l\u00edmits (3r)"},"content":{"rendered":"<p>El passat dimarts 20 de novembre els nens i nenes de 3r vam fer una sortida a la Bassa i la Font Cuitora. Era una de les activitats del projecte de Medi <em><strong>&#8220;Capellades i els seus l\u00edmits&#8221;<\/strong>\u00a0\u00a0<\/em>per con\u00e8ixer a fons el nostre poble. A m\u00e9s a m\u00e9s hem pogut contemplar la tardor en tot el seu esplendor. Mireu quin munt de fulles per tot arreu!<\/p>\n<p><a href=\"https:\/\/photos.app.goo.gl\/E4PjHnbqLdnnJtqY6\"><img loading=\"lazy\" decoding=\"async\" class=\"aligncenter\" src=\"https:\/\/lh3.googleusercontent.com\/8gaChz8upoxCu5pUcZzpXrfLNORKyCCI6pJRotFeYMRX-dluaufywa2M6BkyVOXZKJIHjMmIvndhEASa_x3rSMYSGz7bNhXfrIFLxP-busEydMRcmbd8oQQwtl8jSaIoLfwM_Z3f8thlq6_Po531HXW2Q1macl_sWp5MMzGlpuyfRTLOc4_kraNVGInqt9FLRmwlVmr6Lu_Gpn8maaQd4CeeqNOdGigghmGGRVmjnKeE9w39C9hOWUQmIiuzapEP3-aaPsALNBPJ7HyT3AK3EkzbOcQjZhKmfWQM0RQPFqaQKIq6q5R4UW0IzrYe3UcJcF46jFLafhi3NNCiTRR30rJGHNytt0UbMvkOwA9pUuzpvAbceAWu7zC2Fbil-0v4r5yoma8NoC4k2gAbGtKoAYyZzdmuA7OY814spuQvOeP7fVZFAl-rC63KxESLXNNTLjpbREmLdVOat7iO7aJHi9IllhsXl_2pVZbfDxST0hZHgK3CyHih6Zi78jrhfHpW7a8R3uJtW8A0svHQpxdk-ES7DqFze3ykbugl6cSaHFkQjm9RvolIk-RKTaVCh_jPTu_puumVfD5rU_FBYF9L4WdBDJBCcbC1HCQeKyW05Hu168BkIeAPuPO4SixRyigeyX1Z3dUtl_Ko8tkEjJmGygx1=w1218-h913-no\" width=\"577\" height=\"433\" \/><\/a><\/p>\n","protected":false},"excerpt":{"rendered":"<p>El passat dimarts 20 de novembre els nens i nenes de 3r vam fer una sortida a la Bassa i la Font Cuitora. Era una de les activitats del projecte de Medi &#8220;Capellades i els seus l\u00edmits&#8221;\u00a0\u00a0per con\u00e8ixer a fons el nostre poble. A m\u00e9s a m\u00e9s hem pogut contemplar la tardor en tot el [&hellip;]<\/p>\n","protected":false},"author":1,"featured_media":0,"comment_status":"open","ping_status":"closed","sticky":false,"template":"","format":"standard","meta":{"_bbp_topic_count":0,"_bbp_reply_count":0,"_bbp_total_topic_count":0,"_bbp_total_reply_count":0,"_bbp_voice_count":0,"_bbp_anonymous_reply_count":0,"_bbp_topic_count_hidden":0,"_bbp_reply_count_hidden":0,"_bbp_forum_subforum_count":0,"site-sidebar-layout":"default","site-content-layout":"","ast-site-content-layout":"","site-content-style":"default","site-sidebar-style":"default","ast-global-header-display":"","ast-banner-title-visibility":"","ast-main-header-display":"","ast-hfb-above-header-display":"","ast-hfb-below-header-display":"","ast-hfb-mobile-header-display":"","site-post-title":"","ast-breadcrumbs-content":"","ast-featured-img":"","footer-sml-layout":"","theme-transparent-header-meta":"","adv-header-id-meta":"","stick-header-meta":"","header-above-stick-meta":"","header-main-stick-meta":"","header-below-stick-meta":"","astra-migrate-meta-layouts":"default","ast-page-background-enabled":"default","ast-page-background-meta":{"desktop":{"background-color":"var(--ast-global-color-5)","background-image":"","background-repeat":"repeat","background-position":"center center","background-size":"auto","background-attachment":"scroll","background-type":"","background-media":"","overlay-type":"","overlay-color":"","overlay-opacity":"","overlay-gradient":""},"tablet":{"background-color":"","background-image":"","background-repeat":"repeat","background-position":"center center","background-size":"auto","background-attachment":"scroll","background-type":"","background-media":"","overlay-type":"","overlay-color":"","overlay-opacity":"","overlay-gradient":""},"mobile":{"background-color":"","background-image":"","background-repeat":"repeat","background-position":"center center","background-size":"auto","background-attachment":"scroll","background-type":"","background-media":"","overlay-type":"","overlay-color":"","overlay-opacity":"","overlay-gradient":""}},"ast-content-background-meta":{"desktop":{"background-color":"var(--ast-global-color-4)","background-image":"","background-repeat":"repeat","background-position":"center center","background-size":"auto","background-attachment":"scroll","background-type":"","background-media":"","overlay-type":"","overlay-color":"","overlay-opacity":"","overlay-gradient":""},"tablet":{"background-color":"var(--ast-global-color-4)","background-image":"","background-repeat":"repeat","background-position":"center center","background-size":"auto","background-attachment":"scroll","background-type":"","background-media":"","overlay-type":"","overlay-color":"","overlay-opacity":"","overlay-gradient":""},"mobile":{"background-color":"var(--ast-global-color-4)","background-image":"","background-repeat":"repeat","background-position":"center center","background-size":"auto","background-attachment":"scroll","background-type":"","background-media":"","overlay-type":"","overlay-color":"","overlay-opacity":"","overlay-gradient":""}},"footnotes":""},"categories":[65,5,224],"tags":[],"class_list":["post-3571","post","type-post","status-publish","format-standard","hentry","category-mitja","category-superior","category-historic"],"post_mailing_queue_ids":[],"_links":{"self":[{"href":"https:\/\/agora.xtec.cat\/escmarquesdelapobla\/wp-json\/wp\/v2\/posts\/3571","targetHints":{"allow":["GET"]}}],"collection":[{"href":"https:\/\/agora.xtec.cat\/escmarquesdelapobla\/wp-json\/wp\/v2\/posts"}],"about":[{"href":"https:\/\/agora.xtec.cat\/escmarquesdelapobla\/wp-json\/wp\/v2\/types\/post"}],"author":[{"embeddable":true,"href":"https:\/\/agora.xtec.cat\/escmarquesdelapobla\/wp-json\/wp\/v2\/users\/1"}],"replies":[{"embeddable":true,"href":"https:\/\/agora.xtec.cat\/escmarquesdelapobla\/wp-json\/wp\/v2\/comments?post=3571"}],"version-history":[{"count":3,"href":"https:\/\/agora.xtec.cat\/escmarquesdelapobla\/wp-json\/wp\/v2\/posts\/3571\/revisions"}],"predecessor-version":[{"id":3574,"href":"https:\/\/agora.xtec.cat\/escmarquesdelapobla\/wp-json\/wp\/v2\/posts\/3571\/revisions\/3574"}],"wp:attachment":[{"href":"https:\/\/agora.xtec.cat\/escmarquesdelapobla\/wp-json\/wp\/v2\/media?parent=3571"}],"wp:term":[{"taxonomy":"category","embeddable":true,"href":"https:\/\/agora.xtec.cat\/escmarquesdelapobla\/wp-json\/wp\/v2\/categories?post=3571"},{"taxonomy":"post_tag","embeddable":true,"href":"https:\/\/agora.xtec.cat\/escmarquesdelapobla\/wp-json\/wp\/v2\/tags?post=3571"}],"curies":[{"name":"wp","href":"https:\/\/api.w.org\/{rel}","templated":true}]}}